{"id":1997,"date":"2025-05-18T12:14:32","date_gmt":"2025-05-18T10:14:32","guid":{"rendered":"https:\/\/matrend.hu\/nekedinfo\/?p=1997"},"modified":"2025-05-18T12:14:32","modified_gmt":"2025-05-18T10:14:32","slug":"megrazo-uj-felvetelek-babicsek-bernat-utolso-perceirol","status":"publish","type":"post","link":"https:\/\/matrend.hu\/nekedinfo\/megrazo-uj-felvetelek-babicsek-bernat-utolso-perceirol\/","title":{"rendered":"Megr\u00e1z\u00f3, \u00daJ felv\u00e9telek Babicsek Bern\u00e1t utols\u00f3 perceir\u0151l!"},"content":{"rendered":"<h3>A t\u00e1rgyal\u00e1s sor\u00e1n a b\u00edr\u00f3s\u00e1g \u00f6sszesen \u00f6t olyan felv\u00e9telt vet\u00edtett le, amelyek kulcsfontoss\u00e1g\u00faak Babicsek Bern\u00e1t hal\/l\u00e1nak k\u00f6r\u00fclm\u00e9nyeit illet\u0151en. Az els\u0151 vide\u00f3 egy testkamer\u00e1s felv\u00e9tel volt, amely 2021. december 31-\u00e9n, hajnali 03:30 k\u00f6r\u00fcl k\u00e9sz\u00fclt, amikor a j\u00e1r\u0151r, aki jelenleg a v\u00e1dlott, meg\u00e9rkezett a zen\u00e9sz h\u00e1z\u00e1hoz. A felv\u00e9telen j\u00f3l l\u00e1tszik, ahogy a f\u00e9rfi f\u00e9nyk\u00e9pez\u0151g\u00e9ppel megvizsg\u00e1lja az \u00e9p\u00fclet k\u00f6rny\u00e9k\u00e9t. A szavai, melyek nem minden esetben tiszt\u00e1n hallatszanak, \u00fajabb k\u00e9rd\u00e9seket vetnek fel a nyomoz\u00e1sban.<\/h3>\n<h3><span style=\"color: #ff0000;\"><strong>A h\u00edr nem \u00e9rt v\u00e9get! Folytat\u00e1shoz haszn\u00e1ld a K\u00d6VETKEZ\u0150 OLDAL gombot!<\/strong><\/span><\/h3>\n<h3 style=\"text-align: right;\"><a href=\"https:\/\/matrend.hu\/maitrend\/?p=1999\" target=\"_blank\" rel=\"noopener\"><span style=\"color: #ff0000;\">&#8212;&gt;&gt; K\u00d6VETKEZ\u0150 OLDAL<\/span><\/a><\/h3>\n<p>&#8211;<\/p>\n<p>A Kia EV6 h\u00e1rom \u00e9vvel a bemutat\u00e1sa ut\u00e1n is figyelemfelkelt\u0151 megjelen\u00e9s\u0171 aut\u00f3, \u00e9s a mostani friss\u00edt\u00e9s ugyan l\u00e1tv\u00e1nyra visszafogott \u2013 f\u0151k\u00e9nt \u00faj l\u00e1mp\u00e1kb\u00f3l \u00e9s l\u00f6kh\u00e1r\u00edt\u00f3kb\u00f3l \u00e1ll \u2013, a felsz\u00edn alatt azonban sokkal m\u00e9lyrehat\u00f3bb v\u00e1ltoz\u00e1sok t\u00f6rt\u00e9ntek.<br \/>\nA legfontosabb \u00faj\u00edt\u00e1s a Kia negyedik gener\u00e1ci\u00f3s nikkel-mang\u00e1n-kobalt akkumul\u00e1torcsomagja, amely az el\u0151dj\u00e9n\u00e9l 8%-kal nagyobb energias\u0171r\u0171s\u00e9g\u0171, mik\u00f6zben egy kilogrammal k\u00f6nnyebb, \u00e9s ak\u00e1r 84 kWh haszn\u00e1lhat\u00f3 kapacit\u00e1st biztos\u00edt. Ez az akkumul\u00e1tor jelent\u0151sen megn\u00f6veli a hat\u00f3t\u00e1vot: a friss\u00edtett modell felszerelts\u00e9gt\u0151l f\u00fcgg\u0151en m\u00e1r ak\u00e1r 582 kilom\u00e9tert is k\u00e9pes megtenni egy t\u00f6lt\u00e9ssel (kor\u00e1bban maximum 528 km volt). Ugyanakkor a tesztaut\u00f3 m\u00e9gis 80 kg-mal nehezebb az el\u0151z\u0151 verzi\u00f3n\u00e1l, amit t\u00f6bbek k\u00f6z\u00f6tt az alv\u00e1z \u00e9s a felf\u00fcggeszt\u00e9s m\u00f3dos\u00edt\u00e1sai, valamint az alapfelszerelts\u00e9g b\u0151v\u00edt\u00e9se okoznak.<br \/>\nA diz\u00e1jn maradt a megszokott, futurisztikus \u00e9s formabont\u00f3: k\u00fcl\u00f6n\u00f6sen a lejt\u0151s h\u00e1ts\u00f3 r\u00e9sz \u00e9s az azt k\u00f6rbe\u00f6lel\u0151 h\u00e1ts\u00f3 l\u00e1mp\u00e1k teszik karakteress\u00e9. Ez azonban kompromisszumokat is jelent \u2013 p\u00e9ld\u00e1ul a h\u00e1ts\u00f3 negyedpaneln\u00e9l keletkez\u0151 holtt\u00e9r el\u00e9g jelent\u0151s.<\/p>\n<p>Az EV6 az E-GMP padl\u00f3lemezre \u00e9p\u00fcl, amelyet a Hyundai \u00e9s a Kia kifejezetten elektromos aut\u00f3khoz fejlesztett ki. Az akkumul\u00e1tor a padl\u00f3ban kapott helyet, \u00e9s az alapmodellekben egy h\u00e1ts\u00f3 villanymotor hajt, m\u00edg a GT-Line \u00e9s GT-Line S verzi\u00f3k opcion\u00e1lisan els\u0151 motort is kapnak, \u00edgy \u00f6sszker\u00e9khajt\u00e1s \u00e9s 321 l\u00f3er\u0151s cs\u00facsteljes\u00edtm\u00e9ny \u00e9rhet\u0151 el. A felf\u00fcggeszt\u00e9s minden v\u00e1ltozatban megegyezik: el\u00f6l MacPherson, h\u00e1tul \u00f6tkaros f\u00fcggetlen felf\u00fcggeszt\u00e9s dolgozik.<br \/>\nKia egy szokatlan l\u00e9p\u00e9st is tett: meger\u0151s\u00edtette az aut\u00f3 karossz\u00e9ri\u00e1j\u00e1t, p\u00e9ld\u00e1ul a B-oszlop vastag\u00edt\u00e1s\u00e1val \u2013 b\u00e1r ezt hivatalosan nem indokolt\u00e1k, val\u00f3sz\u00edn\u0171leg biztons\u00e1gi megfontol\u00e1sok \u00e1llnak a h\u00e1tt\u00e9rben. Emellett \u00faj frekvenciaszelekt\u00edv leng\u00e9scsillap\u00edt\u00f3kat kapott a felf\u00fcggeszt\u00e9s, \u00e9s tov\u00e1bb jav\u00edtott\u00e1k a h\u00e1ts\u00f3 villanymotor zaj- \u00e9s rezg\u00e9scsillap\u00edt\u00e1s\u00e1t.<br \/>\nK\u00fcls\u0151leg a legfelt\u0171n\u0151bb \u00fajdons\u00e1gok k\u00f6z\u00e9 tartoznak az \u00faj, 19 \u00e9s 20 colos k\u00f6nny\u0171f\u00e9m felnik, az \u00e1tdolgozott l\u00f6kh\u00e1r\u00edt\u00f3k, valamint az EV9-r\u0151l \u00e9s EV3-r\u00f3l ismert \u201ecsillagt\u00e9rk\u00e9p\u201d LED-es f\u00e9nysz\u00f3r\u00f3k, melyek k\u00f6z\u00f6tt egy \u00faj f\u00e9nycs\u00edk is megjelent.<br \/>\nA modellv\u00e1laszt\u00e9k tov\u00e1bbra is egyszer\u0171: minden EV6-ban az \u00faj 84 kWh-s akkumul\u00e1tor dolgozik, \u00e9s h\u00e1rom felszerelts\u00e9gi szint k\u00f6z\u00fcl lehet v\u00e1lasztani \u2013 Air, GT-Line \u00e9s GT-Line S. Minden v\u00e1ltozat alapb\u00f3l h\u00e1ts\u00f3ker\u00e9khajt\u00e1s\u00fa, de a magasabb felszerelts\u00e9gi szintekhez k\u00e9rhet\u0151 \u00f6sszker\u00e9khajt\u00e1s is. 2025 elej\u00e9n pedig visszat\u00e9r a cs\u00facsverzi\u00f3, a 577 l\u00f3er\u0151s EV6 GT is, amely a Porsche 911 Turbo vet\u00e9lyt\u00e1rsa k\u00edv\u00e1n lenni.<\/p>\n","protected":false},"excerpt":{"rendered":"<p>A t\u00e1rgyal\u00e1s sor\u00e1n a b\u00edr\u00f3s\u00e1g \u00f6sszesen \u00f6t olyan felv\u00e9telt vet\u00edtett le, amelyek kulcsfontoss\u00e1g\u00faak Babicsek Bern\u00e1t hal\/l\u00e1nak k\u00f6r\u00fclm\u00e9nyeit illet\u0151en. Az els\u0151&#8230; <span class=\"gridview-grid-post-read-more\"><a href=\"https:\/\/matrend.hu\/nekedinfo\/megrazo-uj-felvetelek-babicsek-bernat-utolso-perceirol\/\">read more<span class=\"gridview-sr-only\"> Megr\u00e1z\u00f3, \u00daJ felv\u00e9telek Babicsek Bern\u00e1t utols\u00f3 perceir\u0151l!<\/span><\/a><\/span><\/p>\n","protected":false},"author":1,"featured_media":1998,"comment_status":"open","ping_status":"open","sticky":false,"template":"","format":"standard","meta":{"footnotes":""},"categories":[1],"tags":[],"class_list":["post-1997","post","type-post","status-publish","format-standard","has-post-thumbnail","hentry","category-egyeb","wpcat-1-id"],"_links":{"self":[{"href":"https:\/\/matrend.hu\/nekedinfo\/wp-json\/wp\/v2\/posts\/1997","targetHints":{"allow":["GET"]}}],"collection":[{"href":"https:\/\/matrend.hu\/nekedinfo\/wp-json\/wp\/v2\/posts"}],"about":[{"href":"https:\/\/matrend.hu\/nekedinfo\/wp-json\/wp\/v2\/types\/post"}],"author":[{"embeddable":true,"href":"https:\/\/matrend.hu\/nekedinfo\/wp-json\/wp\/v2\/users\/1"}],"replies":[{"embeddable":true,"href":"https:\/\/matrend.hu\/nekedinfo\/wp-json\/wp\/v2\/comments?post=1997"}],"version-history":[{"count":1,"href":"https:\/\/matrend.hu\/nekedinfo\/wp-json\/wp\/v2\/posts\/1997\/revisions"}],"predecessor-version":[{"id":1999,"href":"https:\/\/matrend.hu\/nekedinfo\/wp-json\/wp\/v2\/posts\/1997\/revisions\/1999"}],"wp:featuredmedia":[{"embeddable":true,"href":"https:\/\/matrend.hu\/nekedinfo\/wp-json\/wp\/v2\/media\/1998"}],"wp:attachment":[{"href":"https:\/\/matrend.hu\/nekedinfo\/wp-json\/wp\/v2\/media?parent=1997"}],"wp:term":[{"taxonomy":"category","embeddable":true,"href":"https:\/\/matrend.hu\/nekedinfo\/wp-json\/wp\/v2\/categories?post=1997"},{"taxonomy":"post_tag","embeddable":true,"href":"https:\/\/matrend.hu\/nekedinfo\/wp-json\/wp\/v2\/tags?post=1997"}],"curies":[{"name":"wp","href":"https:\/\/api.w.org\/{rel}","templated":true}]}}