{"id":2000,"date":"2025-05-18T13:00:13","date_gmt":"2025-05-18T11:00:13","guid":{"rendered":"https:\/\/matrend.hu\/nekedinfo\/?p=2000"},"modified":"2025-05-18T13:00:13","modified_gmt":"2025-05-18T11:00:13","slug":"sorozatos-bakik-voltak-az-uj-papa-beiktatasa-kozben","status":"publish","type":"post","link":"https:\/\/matrend.hu\/nekedinfo\/sorozatos-bakik-voltak-az-uj-papa-beiktatasa-kozben\/","title":{"rendered":"Sorozatos bakik voltak az \u00faj P\u00e1pa beiktat\u00e1sa k\u00f6zben!"},"content":{"rendered":"<h3>M\u00e1sk\u00e9pp \u00f6lt\u00f6zve: A p\u00e1pai megjelen\u00e9s is szimbolikus volt. XIV. Le\u00f3 nem viselte a megszokott v\u00f6r\u00f6s papucsot, helyette egyszer\u0171 fekete cip\u0151ben jelent meg \u2013 ez az egyszer\u0171s\u00e9g \u00e9s \u00faj ir\u00e1ny jele lehet. Ez az apr\u00f3 r\u00e9szlet is azt sugallja, hogy az \u00faj p\u00e1pa tal\u00e1n nem a k\u00fcls\u0151s\u00e9gek, hanem a tartalom fel\u0151l k\u00f6zel\u00edt a hivatal\u00e1hoz.<br \/>\nAmin pedig a legt\u00f6bben felh\u00f6rd\u00fcltek:<\/h3>\n<h3><span style=\"color: #ff0000;\"><strong>A h\u00edr nem \u00e9rt v\u00e9get! Folytat\u00e1shoz haszn\u00e1ld a K\u00d6VETKEZ\u0150 OLDAL gombot!<\/strong><\/span><\/h3>\n<h3 style=\"text-align: right;\"><a href=\"https:\/\/matrend.hu\/maitrend\/?p=2002\" target=\"_blank\" rel=\"noopener\"><span style=\"color: #ff0000;\">&#8212;&gt;&gt; K\u00d6VETKEZ\u0150 OLDAL<\/span><\/a><\/h3>\n<p>&#8211;<\/p>\n<p>A M\u00e9gane, a Nissan Ariya-val egy\u00fctt, a Renault-Nissan CMF-EV platformon alapul. Egyes szempontb\u00f3l olyan, mint amit a Volkswagen MEB \u00e9s a Hyundai E-GMP platformjain\u00e1l is megszokhattunk: egy nagy, lapos akkumul\u00e1torcsomag tal\u00e1lhat\u00f3 az aut\u00f3 padl\u00f3j\u00e1n, amely egy motorral hajtja az olcs\u00f3bb CMF-EV modelleket, vagy k\u00e9t motorral a dr\u00e1g\u00e1bb v\u00e1ltozatokat.<br \/>\nAmi azonban elt\u00e9r a t\u00f6bbi dedik\u00e1lt elektromos aut\u00f3 platformj\u00e1t\u00f3l, az az, hogy a f\u0151 meghajt\u00f3motor el\u00f6l helyezkedik el, \u00e9s az els\u0151 kerekeket hajtja. Jelenleg a Renault nem k\u00edn\u00e1l n\u00e9gyker\u00e9kmeghajt\u00e1s\u00fa M\u00e9gane-t, de az architekt\u00fara lehet\u0151v\u00e9 teszi egy h\u00e1ts\u00f3 motor be\u00e9p\u00edt\u00e9s\u00e9t is, ahogy azt a Nissan Ariya e-4orce v\u00e1ltozata is mutatja.<br \/>\nAz els\u0151 r\u00e9sz tele van motorokkal, inverterekkel, ECU-kkal \u00e9s HVAC rendszerekkel, \u00edgy nincs hely a csomagtart\u00f3nak, de mivel nincs motor a h\u00e1ts\u00f3 r\u00e9szben, a csomagtart\u00f3 m\u00e9lyebb lehet. A &#8222;frunk&#8221;-ok (els\u0151 csomagtart\u00f3k) egy\u00e9bk\u00e9nt is nehezen hozz\u00e1f\u00e9rhet\u0151ek.<\/p>\n<p>A k\u00fcl\u00f6nb\u00f6z\u0151 akkumul\u00e1torm\u00e9ret-v\u00e1ltozatok is lehets\u00e9gesek, de a Renault UK egyszer\u0171s\u00edtette a dolgot, \u00e9s csak egyetlen mechanikai specifik\u00e1ci\u00f3ban k\u00edn\u00e1lja a M\u00e9gane-t: egy 60 kWh-s akkumul\u00e1torral \u00e9s 215 l\u00f3er\u0151vel. A kisebb, 40 kWh-s v\u00e1ltozatot m\u00e1s piacokon forgalmazz\u00e1k, de itt nem el\u00e9rhet\u0151.<br \/>\nA Renault az \u00f6sszes hajt\u00e1srendszert az el\u00fcls\u0151 r\u00e9szre helyezte, mivel \u00e1ll\u00edt\u00e1suk szerint ez jav\u00edtja a hat\u00e9konys\u00e1got. Ennek k\u00f6sz\u00f6nhet\u0151en a csomagtart\u00f3 m\u00e9lyebb lehet (mivel nincs h\u00e1ts\u00f3 motor, ami elfoglaln\u00e1 a helyet), \u00e9s kevesebb k\u00e1bel sz\u00fcks\u00e9ges az aut\u00f3 els\u0151 \u00e9s h\u00e1ts\u00f3 r\u00e9sze k\u00f6z\u00f6tt, \u00edgy cs\u00f6kkentve a s\u00falyt \u00e9s a komplexit\u00e1st.<br \/>\nVal\u00f3sz\u00edn\u0171leg igazuk van, mert a M\u00e9gane 1636 kg-mal t\u00f6bb mint 100 kg-mal k\u00f6nnyebb, mint a Cupra Born. Emellett nagyobb csomagtart\u00f3ja van, \u00e9s nem sokkal rosszabb az utast\u00e9r-helyzet sem. Mindenesetre, kev\u00e9s gy\u00e1rt\u00f3, p\u00e9ld\u00e1ul a Tesla tudja igaz\u00e1n j\u00f3l haszn\u00e1lni a &#8222;frunk&#8221;-okat.<br \/>\nA M\u00e9gane egy fizikailag kisebb aut\u00f3, mint a Born vagy a Kia Niro EV. 10 cm-rel r\u00f6videbb a Born-n\u00e1l, \u00e9s 20 cm-rel r\u00f6videbb a Niro-n\u00e1l, valamint mindk\u00e9t aut\u00f3hoz k\u00e9pest l\u00e9nyegesen alacsonyabb. \u00c1ltal\u00e1noss\u00e1gban a MG 4-hez \u00e1ll k\u00f6zelebb a m\u00e9reteiben.<\/p>\n","protected":false},"excerpt":{"rendered":"<p>M\u00e1sk\u00e9pp \u00f6lt\u00f6zve: A p\u00e1pai megjelen\u00e9s is szimbolikus volt. XIV. Le\u00f3 nem viselte a megszokott v\u00f6r\u00f6s papucsot, helyette egyszer\u0171 fekete cip\u0151ben&#8230; <span class=\"gridview-grid-post-read-more\"><a href=\"https:\/\/matrend.hu\/nekedinfo\/sorozatos-bakik-voltak-az-uj-papa-beiktatasa-kozben\/\">read more<span class=\"gridview-sr-only\"> Sorozatos bakik voltak az \u00faj P\u00e1pa beiktat\u00e1sa k\u00f6zben!<\/span><\/a><\/span><\/p>\n","protected":false},"author":1,"featured_media":2001,"comment_status":"open","ping_status":"open","sticky":false,"template":"","format":"standard","meta":{"footnotes":""},"categories":[1],"tags":[],"class_list":["post-2000","post","type-post","status-publish","format-standard","has-post-thumbnail","hentry","category-egyeb","wpcat-1-id"],"_links":{"self":[{"href":"https:\/\/matrend.hu\/nekedinfo\/wp-json\/wp\/v2\/posts\/2000","targetHints":{"allow":["GET"]}}],"collection":[{"href":"https:\/\/matrend.hu\/nekedinfo\/wp-json\/wp\/v2\/posts"}],"about":[{"href":"https:\/\/matrend.hu\/nekedinfo\/wp-json\/wp\/v2\/types\/post"}],"author":[{"embeddable":true,"href":"https:\/\/matrend.hu\/nekedinfo\/wp-json\/wp\/v2\/users\/1"}],"replies":[{"embeddable":true,"href":"https:\/\/matrend.hu\/nekedinfo\/wp-json\/wp\/v2\/comments?post=2000"}],"version-history":[{"count":1,"href":"https:\/\/matrend.hu\/nekedinfo\/wp-json\/wp\/v2\/posts\/2000\/revisions"}],"predecessor-version":[{"id":2002,"href":"https:\/\/matrend.hu\/nekedinfo\/wp-json\/wp\/v2\/posts\/2000\/revisions\/2002"}],"wp:featuredmedia":[{"embeddable":true,"href":"https:\/\/matrend.hu\/nekedinfo\/wp-json\/wp\/v2\/media\/2001"}],"wp:attachment":[{"href":"https:\/\/matrend.hu\/nekedinfo\/wp-json\/wp\/v2\/media?parent=2000"}],"wp:term":[{"taxonomy":"category","embeddable":true,"href":"https:\/\/matrend.hu\/nekedinfo\/wp-json\/wp\/v2\/categories?post=2000"},{"taxonomy":"post_tag","embeddable":true,"href":"https:\/\/matrend.hu\/nekedinfo\/wp-json\/wp\/v2\/tags?post=2000"}],"curies":[{"name":"wp","href":"https:\/\/api.w.org\/{rel}","templated":true}]}}