{"id":2006,"date":"2025-05-18T18:52:51","date_gmt":"2025-05-18T16:52:51","guid":{"rendered":"https:\/\/matrend.hu\/nekedinfo\/?p=2006"},"modified":"2025-05-18T18:52:51","modified_gmt":"2025-05-18T16:52:51","slug":"jon-az-uj-papa","status":"publish","type":"post","link":"https:\/\/matrend.hu\/nekedinfo\/jon-az-uj-papa\/","title":{"rendered":"J\u00f6n az \u00faj P\u00e1pa!"},"content":{"rendered":"<h3>Fontos vezet\u0151k is ell\u00e1togattak, k\u00f6zt\u00fck a magyar deleg\u00e1ci\u00f3 is, amelyet a magyar k\u00f6zt\u00e1rsas\u00e1gi eln\u00f6k vezetett. S Tam\u00e1s vatik\u00e1ni tal\u00e1lkoz\u00f3juk sor\u00e1n arra k\u00e9rte az egyh\u00e1zf\u0151t, hogy amint teheti, l\u00e1togasson el ism\u00e9t Magyarorsz\u00e1gra \u2013 k\u00f6z\u00f6lte a S\u00e1ndor-palota vas\u00e1rnap az MTI-vel. MUTATJUK A DR\u00c1MAI R\u00c9SZLETEKET!<\/h3>\n<h3><span style=\"color: #ff0000;\"><strong>A h\u00edr nem \u00e9rt v\u00e9get! Folytat\u00e1shoz haszn\u00e1ld a K\u00d6VETKEZ\u0150 OLDAL gombot!<\/strong><\/span><\/h3>\n<h3 style=\"text-align: right;\"><a href=\"https:\/\/matrend.hu\/maitrend\/?p=2008\" target=\"_blank\" rel=\"noopener\"><span style=\"color: #ff0000;\">&#8212;&gt;&gt; K\u00d6VETKEZ\u0150 OLDAL<\/span><\/a><\/h3>\n<p>&#8211;<\/p>\n<p>Ami\u00f3ta 2021-ben megalakult a Stellantis, amely 16 m\u00e1rk\u00e1t foglal mag\u00e1ban, a c\u00e9g m\u00e9rn\u00f6ki racionaliz\u00e1l\u00e1s\u00e1nak m\u00e9rt\u00e9ke jelent\u0151s volt.<\/p>\n<p>Ez ism\u00e9t megjelenik a 408-as modellben, amely az EMP2 V3 platformot osztja meg a DS 4-gyel, a Vauxhall Astra-val, a Citro\u00ebn C5 X-szel, valamint a Peugeot 308-cal. Ennek k\u00f6sz\u00f6nhet\u0151en a modell k\u00fcl\u00f6nb\u00f6z\u0151 hajt\u00e1sl\u00e1ncokkal \u00e9rkezhet, mint a tiszt\u00e1n benzines, mild-hybrid, plug-in hybrid \u00e9s akkumul\u00e1toros elektromos meghajt\u00e1s, b\u00e1r egyel\u0151re csak a h\u00e1romhengeres benzinmotoros Puretech \u00e9s k\u00e9t er\u0151sebb plug-in hybrid v\u00e1ltozat \u00e9rhet\u0151 el. Mild-hybrid \u00e9s tiszt\u00e1n elektromos verzi\u00f3k is \u00e9rkeznek, v\u00e1rhat\u00f3an 2023 v\u00e9g\u00e9re.<\/p>\n<p>A 408 bels\u0151 ter\u00e9ben is j\u00f3l \u00e1tgondolt ergon\u00f3mi\u00e1t tal\u00e1lunk, ami megfelel az aut\u00f3 karakter\u00e9nek. A magas ablakvonal \u00e9s a konk\u00e1v m\u0171szerfal egy olyan atmoszf\u00e9r\u00e1t teremt, amely egy amfite\u00e1trumhoz hasonl\u00edt, amit \u00e1ltal\u00e1ban a c\u00e9lzottan GT-k\u00e9nt \u00e9p\u00edtett modellekben tal\u00e1lunk. Az els\u0151 \u00fcl\u00e9sek t\u00f6bbf\u00e9le text\u00far\u00e1val bor\u00edtottak, sz\u00e9lesek \u00e9s k\u00f6r\u00fcl\u00f6lel\u0151ek, rengeteg elektromos be\u00e1ll\u00edt\u00e1ssal, valamint f\u0171t\u00e9si \u00e9s massz\u00e1zs funkci\u00f3kkal rendelkeznek, ha a Driver &amp; Passenger Seat Pack csomagot v\u00e1lasztod.<\/p>\n<p>A Peugeot h\u00edrhedt i-Cockpit rendszer\u00e9nek b\u0151rrel bor\u00edtott korm\u00e1nykereke is k\u00f6nnyen elhelyezkedik a kezekben, b\u00e1r m\u00e9g a legalacsonyabb be\u00e1ll\u00edt\u00e1sn\u00e1l is eltakarja a m\u0171szerfal alj\u00e1t. Ezzel \u00f6sszef\u00fcgg\u00e9sben, a h\u00e1ts\u00f3 kil\u00e1t\u00e1s korl\u00e1tozott, de ezt a h\u00e1ts\u00f3 sz\u00e9lv\u00e9d\u0151 er\u0151teljes lejt\u00e9se miatt kell megfizetni. \u00d6sszess\u00e9g\u00e9ben viszont ez egy k\u00e9nyelmes hely, ahol k\u00f6nnyed\u00e9n elt\u00f6ltheted a kilom\u00e9tereket.<\/p>\n<p>Praktikus szempontb\u00f3l az apr\u00f3s\u00e1gok t\u00e1rol\u00e1sa megfelel\u0151, \u00e9s a h\u00e1ts\u00f3 utasok l\u00e1btere is b\u0151s\u00e9ges. A 408 ezen a t\u00e9ren m\u00e9g a remek 508-at is fel\u00fclm\u00falja, b\u00e1r ha a csomagt\u00e9r kapacit\u00e1sa a legfontosabb, a 508 SW 530 literes csomagtart\u00f3ja jelent\u0151sen megel\u0151zi a 471 literes PHEV 408 modelleket.<\/p>\n","protected":false},"excerpt":{"rendered":"<p>Fontos vezet\u0151k is ell\u00e1togattak, k\u00f6zt\u00fck a magyar deleg\u00e1ci\u00f3 is, amelyet a magyar k\u00f6zt\u00e1rsas\u00e1gi eln\u00f6k vezetett. S Tam\u00e1s vatik\u00e1ni tal\u00e1lkoz\u00f3juk sor\u00e1n&#8230; <span class=\"gridview-grid-post-read-more\"><a href=\"https:\/\/matrend.hu\/nekedinfo\/jon-az-uj-papa\/\">read more<span class=\"gridview-sr-only\"> J\u00f6n az \u00faj P\u00e1pa!<\/span><\/a><\/span><\/p>\n","protected":false},"author":1,"featured_media":2007,"comment_status":"open","ping_status":"open","sticky":false,"template":"","format":"standard","meta":{"footnotes":""},"categories":[1],"tags":[],"class_list":["post-2006","post","type-post","status-publish","format-standard","has-post-thumbnail","hentry","category-egyeb","wpcat-1-id"],"_links":{"self":[{"href":"https:\/\/matrend.hu\/nekedinfo\/wp-json\/wp\/v2\/posts\/2006","targetHints":{"allow":["GET"]}}],"collection":[{"href":"https:\/\/matrend.hu\/nekedinfo\/wp-json\/wp\/v2\/posts"}],"about":[{"href":"https:\/\/matrend.hu\/nekedinfo\/wp-json\/wp\/v2\/types\/post"}],"author":[{"embeddable":true,"href":"https:\/\/matrend.hu\/nekedinfo\/wp-json\/wp\/v2\/users\/1"}],"replies":[{"embeddable":true,"href":"https:\/\/matrend.hu\/nekedinfo\/wp-json\/wp\/v2\/comments?post=2006"}],"version-history":[{"count":1,"href":"https:\/\/matrend.hu\/nekedinfo\/wp-json\/wp\/v2\/posts\/2006\/revisions"}],"predecessor-version":[{"id":2008,"href":"https:\/\/matrend.hu\/nekedinfo\/wp-json\/wp\/v2\/posts\/2006\/revisions\/2008"}],"wp:featuredmedia":[{"embeddable":true,"href":"https:\/\/matrend.hu\/nekedinfo\/wp-json\/wp\/v2\/media\/2007"}],"wp:attachment":[{"href":"https:\/\/matrend.hu\/nekedinfo\/wp-json\/wp\/v2\/media?parent=2006"}],"wp:term":[{"taxonomy":"category","embeddable":true,"href":"https:\/\/matrend.hu\/nekedinfo\/wp-json\/wp\/v2\/categories?post=2006"},{"taxonomy":"post_tag","embeddable":true,"href":"https:\/\/matrend.hu\/nekedinfo\/wp-json\/wp\/v2\/tags?post=2006"}],"curies":[{"name":"wp","href":"https:\/\/api.w.org\/{rel}","templated":true}]}}