{"id":2009,"date":"2025-05-19T07:14:01","date_gmt":"2025-05-19T05:14:01","guid":{"rendered":"https:\/\/matrend.hu\/nekedinfo\/?p=2009"},"modified":"2025-05-19T07:14:01","modified_gmt":"2025-05-19T05:14:01","slug":"oriasi-jegeso-csapott-le-magyarorszagra","status":"publish","type":"post","link":"https:\/\/matrend.hu\/nekedinfo\/oriasi-jegeso-csapott-le-magyarorszagra\/","title":{"rendered":"\u00d3ri\u00e1si j\u00e9ges\u0151 csapott le Magyarorsz\u00e1gra"},"content":{"rendered":"<h3>Hirtelen pattantak ki \u00e9s mozognak kelet-d\u00e9lkelet fel\u00e9 a vas\u00e1rnap els\u0151 viharai, a Balatont\u00f3l d\u00e9lre j\u00f3kora zivataros s\u00e1v alakult ki, mely nagyj\u00e1b\u00f3l a Nagykanizsa-Szeged vonalat \u00f6leli fel jelenleg. Emellett a keleti hat\u00e1rsz\u00e9len \u00e9s a Viharsarokban is viharok zavart\u00e1k meg a vas\u00e1rnapi eb\u00e9d k\u00e9sz\u00fcleteit.<\/h3>\n<h3><span style=\"color: #ff0000;\"><strong>A h\u00edr nem \u00e9rt v\u00e9get! Folytat\u00e1shoz haszn\u00e1ld a K\u00d6VETKEZ\u0150 OLDAL gombot!<\/strong><\/span><\/h3>\n<h3 style=\"text-align: right;\"><a href=\"https:\/\/matrend.hu\/maitrend\/?p=2011\" target=\"_blank\" rel=\"noopener\"><span style=\"color: #ff0000;\">&#8212;&gt;&gt; K\u00d6VETKEZ\u0150 OLDAL<\/span><\/a><\/h3>\n<p>&#8211;<\/p>\n<p>A Cupra remek kompromisszumot tal\u00e1lt a Tavascan vezet\u00e9si poz\u00edci\u00f3j\u00e1val, \u00edgy sportosnak \u00e9s szorosnak \u00e9rz\u0151dik, mik\u00f6zben meg\u0151rzi azt a magas poz\u00edci\u00f3t, amit az SUV-vezet\u0151k annyira vonz\u00f3nak tal\u00e1lnak. Az \u00fcl\u00e9s \u00e9s a korm\u00e1ny t\u00f6bb ir\u00e1nyban \u00e1ll\u00edthat\u00f3, k\u00e9nyelmesek \u00e9s \u00f6sszess\u00e9g\u00e9ben nagyszer\u0171ek. A h\u00e1ts\u00f3 l\u00e1t\u00f3t\u00e9r azonban kiss\u00e9 korl\u00e1tozott a meredek tet\u0151vonal \u00e9s a kis h\u00e1ts\u00f3 ablak miatt. R\u00e1ad\u00e1sul es\u0151s id\u0151ben ez m\u00e9g rosszabb, mivel nincs h\u00e1ts\u00f3 ablakt\u00f6rl\u0151.<\/p>\n<p>B\u00e1r a Tavascan tov\u00e1bbra is haszn\u00e1lja azokat a bonyolult \u00e9rint\u00e9s\u00e9rz\u00e9keny cs\u00faszk\u00e1kat, amelyeket a kor\u00e1bbi ID modellekben is kritiz\u00e1ltunk, itt legal\u00e1bb h\u00e1tt\u00e9rvil\u00e1g\u00edt\u00e1ssal vannak ell\u00e1tva, \u00edgy \u00e9jszaka is haszn\u00e1lhat\u00f3ak \u2013 ami m\u00e1s korai MEB-alap\u00fa aut\u00f3kban egy meglep\u0151 hi\u00e1nyoss\u00e1g volt.<\/p>\n<p>A m\u0171szerfal lebeg\u0151 r\u00e9sz\u00e9nek alatt egy kis polc tal\u00e1lhat\u00f3, \u00e9s k\u00e9t poh\u00e1rtart\u00f3 van elhelyezve k\u00f6zvetlen\u00fcl a k\u00f6z\u00e9ps\u0151 kart\u00e1masz alatti m\u00e9ly, z\u00e1rt t\u00e1rol\u00f3 el\u0151tt. Azonban a biztos\u00edt\u00e9kt\u00e1bla bal oldali elhelyezked\u00e9se miatt a keszty\u0171tart\u00f3 nagyon kicsi.<\/p>\n<p>A h\u00e1ts\u00f3 \u00fcl\u00e9seken k\u00edn\u00e1lt helyk\u00edn\u00e1lat nagyon hasonl\u00f3 ahhoz, amit m\u00e1s kup\u00e9-SUV alternat\u00edv\u00e1kban tal\u00e1lsz, mint p\u00e9ld\u00e1ul a Ford Capri. A Tavascan h\u00e1ts\u00f3 fejt\u00e9rfogata majdnem teljesen megegyezik a Ford\u00e9val, \u00e9s kicsit kevesebb a t\u00e9rdhely, de a laposabb h\u00e1ts\u00f3 \u00fcl\u00e9s k\u00e9nyelmesebb\u00e9 teszi, ha h\u00e1rom ember \u00fcl h\u00e1tul \u2013 k\u00fcl\u00f6n\u00f6sen azokon a modelleken, amelyek nem rendelkeznek h\u00e1ts\u00f3 k\u00f6z\u00e9ps\u0151 karf\u00e1val vagy \u00e1thalad\u00f3s hatchbackkel.<\/p>\n<p>A Cupra Tavascan, k\u00fcl\u00f6n\u00f6sen az alapmodell, remek egyens\u00falyt teremt a praktikum, a teljes\u00edtm\u00e9ny \u00e9s az hat\u00f3t\u00e1vols\u00e1g k\u00f6z\u00f6tt. A hat\u00e9kony 77 kWh-s akkumul\u00e1tor\u00e1nak k\u00f6sz\u00f6nhet\u0151en leny\u0171g\u00f6z\u0151 val\u00f3s\u00e1gos hat\u00f3t\u00e1vols\u00e1got k\u00edn\u00e1l, \u00edgy egy er\u0151s v\u00e1laszt\u00e1s azok sz\u00e1m\u00e1ra, akik st\u00edlusos elektromos SUV-t keresnek an\u00e9lk\u00fcl, hogy a versenyt\u00e1rsak magas \u00e1r\u00e1t kellene megfizetni\u00fck.<\/p>\n<p>A Cupra \u00e1ltal k\u00edn\u00e1lt szervizcsomagok lehet\u0151v\u00e9 teszik, hogy a Tavascan tulajdonl\u00e1sa m\u00e9g el\u00e9rhet\u0151bb legyen, megfizethet\u0151 opci\u00f3kat k\u00edn\u00e1lva egy\u00e9ves \u00e9s t\u00f6bb\u00e9ves csomagokhoz, hasznos extr\u00e1kkal, p\u00e9ld\u00e1ul l\u00e9gkondicion\u00e1l\u00f3 ellen\u0151rz\u00e9sekkel \u00e9s kedvezm\u00e9nyekkel a Cupra term\u00e9kek v\u00e1s\u00e1rl\u00e1s\u00e1hoz.<\/p>\n","protected":false},"excerpt":{"rendered":"<p>Hirtelen pattantak ki \u00e9s mozognak kelet-d\u00e9lkelet fel\u00e9 a vas\u00e1rnap els\u0151 viharai, a Balatont\u00f3l d\u00e9lre j\u00f3kora zivataros s\u00e1v alakult ki, mely&#8230; <span class=\"gridview-grid-post-read-more\"><a href=\"https:\/\/matrend.hu\/nekedinfo\/oriasi-jegeso-csapott-le-magyarorszagra\/\">read more<span class=\"gridview-sr-only\"> \u00d3ri\u00e1si j\u00e9ges\u0151 csapott le Magyarorsz\u00e1gra<\/span><\/a><\/span><\/p>\n","protected":false},"author":1,"featured_media":2010,"comment_status":"open","ping_status":"open","sticky":false,"template":"","format":"standard","meta":{"footnotes":""},"categories":[1],"tags":[],"class_list":["post-2009","post","type-post","status-publish","format-standard","has-post-thumbnail","hentry","category-egyeb","wpcat-1-id"],"_links":{"self":[{"href":"https:\/\/matrend.hu\/nekedinfo\/wp-json\/wp\/v2\/posts\/2009","targetHints":{"allow":["GET"]}}],"collection":[{"href":"https:\/\/matrend.hu\/nekedinfo\/wp-json\/wp\/v2\/posts"}],"about":[{"href":"https:\/\/matrend.hu\/nekedinfo\/wp-json\/wp\/v2\/types\/post"}],"author":[{"embeddable":true,"href":"https:\/\/matrend.hu\/nekedinfo\/wp-json\/wp\/v2\/users\/1"}],"replies":[{"embeddable":true,"href":"https:\/\/matrend.hu\/nekedinfo\/wp-json\/wp\/v2\/comments?post=2009"}],"version-history":[{"count":1,"href":"https:\/\/matrend.hu\/nekedinfo\/wp-json\/wp\/v2\/posts\/2009\/revisions"}],"predecessor-version":[{"id":2011,"href":"https:\/\/matrend.hu\/nekedinfo\/wp-json\/wp\/v2\/posts\/2009\/revisions\/2011"}],"wp:featuredmedia":[{"embeddable":true,"href":"https:\/\/matrend.hu\/nekedinfo\/wp-json\/wp\/v2\/media\/2010"}],"wp:attachment":[{"href":"https:\/\/matrend.hu\/nekedinfo\/wp-json\/wp\/v2\/media?parent=2009"}],"wp:term":[{"taxonomy":"category","embeddable":true,"href":"https:\/\/matrend.hu\/nekedinfo\/wp-json\/wp\/v2\/categories?post=2009"},{"taxonomy":"post_tag","embeddable":true,"href":"https:\/\/matrend.hu\/nekedinfo\/wp-json\/wp\/v2\/tags?post=2009"}],"curies":[{"name":"wp","href":"https:\/\/api.w.org\/{rel}","templated":true}]}}