{"id":2012,"date":"2025-05-19T17:03:20","date_gmt":"2025-05-19T15:03:20","guid":{"rendered":"https:\/\/matrend.hu\/nekedinfo\/?p=2012"},"modified":"2025-05-20T09:35:07","modified_gmt":"2025-05-20T07:35:07","slug":"junius-1-tol-kotelezo-a-bicikliseknek","status":"publish","type":"post","link":"https:\/\/matrend.hu\/nekedinfo\/junius-1-tol-kotelezo-a-bicikliseknek\/","title":{"rendered":"J\u00fanius 1.-t\u0151l K\u00d6TELEZ\u0150 a bicikliseknek!"},"content":{"rendered":"<h3>A felszerel\u00e9st, a viselked\u00e9st, a k\u00f6zleked\u00e9s m\u00f3dj\u00e1t \u2013 \u00e9s a b\u00edrs\u00e1g nem lesz kegyes azokhoz, akik m\u00e9g mindig j\u00e1t\u00e9kosan kezelik a k\u00f6z\u00fati jelenl\u00e9tet. A bicikli j\u00e1rm\u0171, te pedig k\u00f6zleked\u0151 vagy, \u00e9s mostant\u00f3l nem f\u00e9r bele a \u201enem tudtam\u201d kifog\u00e1s.<br \/>\nBuk\u00f3sisak? F\u00e9k? L\u00e1mpa? Mindennek m\u0171k\u00f6dnie kell \u2013 k\u00fcl\u00f6nben j\u00f6n a b\u00fcntet\u00e9s.<br \/>\nERRE KELL SZ\u00c1M\u00cdTANI:<\/h3>\n<h3>Nem el\u00e9g felpattanni a bring\u00e1ra \u2013 ha nem vagy megfelel\u0151en felszerelve, le fognak \u00e1ll\u00edtani. J\u00fanius 1-t\u0151l a buk\u00f3sisak 14 \u00e9v alatt k\u00f6telez\u0151, \u00e9s egyre gyakoribbak lesznek a feln\u0151ttekre vonatkoz\u00f3 el\u0151\u00edr\u00e1sok is. A bicikliden legyen m\u0171k\u00f6d\u0151 els\u0151-h\u00e1ts\u00f3 l\u00e1mpa, cseng\u0151, f\u00e9k, prizma \u2013 mindezeket ellen\u0151rizni fogj\u00e1k. A gyalogos\u00e1tkel\u0151kn\u00e9l k\u00f6telez\u0151 lesz lesz\u00e1llni, az egyir\u00e1ny\u00fa utc\u00e1k szab\u00e1lyait is szigor\u00faan veszik, a j\u00e1rd\u00e1n pedig semmik\u00e9pp sem k\u00f6zlekedhetsz, hacsak nem t\u00e1bla engedi. A szab\u00e1lyszeg\u00e9s eddig figyelmeztet\u00e9s volt \u2013 mostant\u00f3l p\u00e9nzbe f\u00e1j.<\/h3>\n<p>VIA Tudasfaja<\/p>\n<p>&#8211;<\/p>\n<p>Az Ioniq 5 kiz\u00e1r\u00f3lag egyf\u00e9le karossz\u00e9riav\u00e1ltozatban \u00e9rhet\u0151 el: \u00f6tajt\u00f3s, \u00f6t\u00fcl\u00e9ses, ferdeh\u00e1t\u00fa st\u00edlusban. Ha valaki valami m\u00e1st keres, a l\u00e9gellen\u00e1ll\u00e1s szempontj\u00e1b\u00f3l kiemelked\u0151en \u00e1ramvonalas Ioniq 6 felt\u0171n\u0151 megjelen\u00e9s\u0171 alternat\u00edva lehet. Az Ioniq 5 h\u00e1romf\u00e9le hajt\u00e1sl\u00e1nccal rendelhet\u0151: az Advance \u00e9s Premium felszerelts\u00e9gi szintek h\u00e1ts\u00f3ker\u00e9k-meghajt\u00e1ssal kaphat\u00f3k, v\u00e1laszthat\u00f3an 63 kWh vagy 84 kWh kapacit\u00e1s\u00fa akkumul\u00e1torral. A magasabb felszerelts\u00e9g\u0171 N Line modellek \u00e9s af\u00f6l\u00f6tt kiz\u00e1r\u00f3lag a nagyobb, 84 kWh-s akkumul\u00e1torral el\u00e9rhet\u0151k, h\u00e1ts\u00f3- vagy \u00f6sszker\u00e9khajt\u00e1ssal.<\/p>\n<p>A Hyundai az Ioniq 5-\u00f6t a k\u00e9nyelmesebb elektromos aut\u00f3k mez\u0151ny\u00e9be pozicion\u00e1lta, \u00e9s b\u00e1r van n\u00e9h\u00e1ny r\u00e9szlet, amit m\u00e9g lehetne finom\u00edtani, \u00f6sszess\u00e9g\u00e9ben a konstrukci\u00f3ja sokkal \u00e9rtelmesebb v\u00e1laszt\u00e1snak t\u0171nik, mint n\u00e9h\u00e1ny kem\u00e9nyebb, de vezet\u00e9si \u00e9lm\u00e9nyben nem jobb riv\u00e1lisa.<br \/>\nA v\u00e1s\u00e1rl\u00f3k egy vagy k\u00e9tmotoros v\u00e1ltozat k\u00f6z\u00fcl v\u00e1laszthatnak. A k\u00e9t egy-motoros verzi\u00f3 168 vagy 225 l\u00f3er\u0151s teljes\u00edtm\u00e9nnyel rendelkezik, \u00e9s mindkett\u0151 350 Nm nyomat\u00e9kot ny\u00fajt. A gyeng\u00e9bb v\u00e1ltozat 63 kWh-s, m\u00edg az er\u0151sebb 84 kWh-s akkumul\u00e1torral m\u0171k\u00f6dik \u2013 ez ut\u00f3bbi a modellfriss\u00edt\u00e9s sor\u00e1n v\u00e1ltotta le a kor\u00e1bbi 77,4 kWh-s akkumul\u00e1tort. Az \u00f6sszker\u00e9khajt\u00e1s\u00fa verzi\u00f3ban egy m\u00e1sodik villanymotor ker\u00fclt az els\u0151 tengelyre, \u00edgy a teljes\u00edtm\u00e9ny 321 l\u00f3er\u0151re, a nyomat\u00e9k pedig 605 Nm-re n\u0151tt. Ez a v\u00e1ltozat kiz\u00e1r\u00f3lag a 84 kWh-s akkumul\u00e1torral \u00e9rhet\u0151 el. A modellfriss\u00edt\u00e9s sor\u00e1n tov\u00e1bbi hangszigetel\u00e9s ker\u00fclt a h\u00e1ts\u00f3 motor k\u00f6rny\u00e9k\u00e9re. B\u00e1r a kor\u00e1bbi verzi\u00f3 sem volt k\u00fcl\u00f6n\u00f6sebben zajos, most szinte semmilyen hang nem jut el az utast\u00e9rbe \u2013 csup\u00e1n az alacsony sebess\u00e9gn\u00e9l m\u0171k\u00f6d\u0151 gyalogosfigyelmeztet\u0151 rendszer finom z\u00fcmm\u00f6g\u00e9se hallatszik.<br \/>\nA f\u00e9kenergia-visszanyer\u00e9s er\u0151ss\u00e9ge a korm\u00e1ny m\u00f6g\u00f6tti v\u00e1lt\u00f3f\u00fclekkel szab\u00e1lyozhat\u00f3, a teljes \u201evitorl\u00e1z\u00e1st\u00f3l\u201d az egyped\u00e1los vezet\u00e9sig terjed\u0151 sk\u00e1l\u00e1n. Ez a rendszer tov\u00e1bbra is az egyik legjobb \u00e9s legintuit\u00edvabb megold\u00e1s, amit menet k\u00f6zben haszn\u00e1ltunk a regenerat\u00edv f\u00e9kez\u00e9s szab\u00e1lyoz\u00e1s\u00e1ra.<br \/>\nVillanymotorok, gyorsul\u00e1s 0\u2013100 km\/h-ra \u00e9s v\u00e9gsebess\u00e9g:<br \/>\nA 168 l\u00f3er\u0151s modell 0\u2013100 km\/h-ra 8,5 m\u00e1sodperc alatt gyorsul, ami a legt\u00f6bb vezet\u0151 sz\u00e1m\u00e1ra b\u0151s\u00e9gesen elegend\u0151.<br \/>\nA 225 l\u00f3er\u0151s v\u00e1ltozat 0\u2013100 km\/h-ra 7,5 m\u00e1sodperc alatt \u00e9r el, b\u00e1r a nagyobb akkumul\u00e1tor miatt nehezebb.<br \/>\nA 321 l\u00f3er\u0151s, \u00f6sszker\u00e9khajt\u00e1s\u00fa verzi\u00f3 0\u2013100 km\/h-\u00e1s sprintet 5,3 m\u00e1sodperc alatt teljes\u00edti.<br \/>\nMinden Ioniq 5 modell v\u00e9gsebess\u00e9ge 114 m\u00e9rf\u00f6ld\/\u00f3r\u00e1ban (kb. 183 km\/h) van korl\u00e1tozva.<\/p>\n","protected":false},"excerpt":{"rendered":"<p>A felszerel\u00e9st, a viselked\u00e9st, a k\u00f6zleked\u00e9s m\u00f3dj\u00e1t \u2013 \u00e9s a b\u00edrs\u00e1g nem lesz kegyes azokhoz, akik m\u00e9g mindig j\u00e1t\u00e9kosan kezelik&#8230; <span class=\"gridview-grid-post-read-more\"><a href=\"https:\/\/matrend.hu\/nekedinfo\/junius-1-tol-kotelezo-a-bicikliseknek\/\">read more<span class=\"gridview-sr-only\"> J\u00fanius 1.-t\u0151l K\u00d6TELEZ\u0150 a bicikliseknek!<\/span><\/a><\/span><\/p>\n","protected":false},"author":1,"featured_media":2013,"comment_status":"open","ping_status":"open","sticky":false,"template":"","format":"standard","meta":{"footnotes":""},"categories":[1],"tags":[],"class_list":["post-2012","post","type-post","status-publish","format-standard","has-post-thumbnail","hentry","category-egyeb","wpcat-1-id"],"_links":{"self":[{"href":"https:\/\/matrend.hu\/nekedinfo\/wp-json\/wp\/v2\/posts\/2012","targetHints":{"allow":["GET"]}}],"collection":[{"href":"https:\/\/matrend.hu\/nekedinfo\/wp-json\/wp\/v2\/posts"}],"about":[{"href":"https:\/\/matrend.hu\/nekedinfo\/wp-json\/wp\/v2\/types\/post"}],"author":[{"embeddable":true,"href":"https:\/\/matrend.hu\/nekedinfo\/wp-json\/wp\/v2\/users\/1"}],"replies":[{"embeddable":true,"href":"https:\/\/matrend.hu\/nekedinfo\/wp-json\/wp\/v2\/comments?post=2012"}],"version-history":[{"count":3,"href":"https:\/\/matrend.hu\/nekedinfo\/wp-json\/wp\/v2\/posts\/2012\/revisions"}],"predecessor-version":[{"id":2032,"href":"https:\/\/matrend.hu\/nekedinfo\/wp-json\/wp\/v2\/posts\/2012\/revisions\/2032"}],"wp:featuredmedia":[{"embeddable":true,"href":"https:\/\/matrend.hu\/nekedinfo\/wp-json\/wp\/v2\/media\/2013"}],"wp:attachment":[{"href":"https:\/\/matrend.hu\/nekedinfo\/wp-json\/wp\/v2\/media?parent=2012"}],"wp:term":[{"taxonomy":"category","embeddable":true,"href":"https:\/\/matrend.hu\/nekedinfo\/wp-json\/wp\/v2\/categories?post=2012"},{"taxonomy":"post_tag","embeddable":true,"href":"https:\/\/matrend.hu\/nekedinfo\/wp-json\/wp\/v2\/tags?post=2012"}],"curies":[{"name":"wp","href":"https:\/\/api.w.org\/{rel}","templated":true}]}}