{"id":2017,"date":"2025-05-19T18:02:22","date_gmt":"2025-05-19T16:02:22","guid":{"rendered":"https:\/\/matrend.hu\/nekedinfo\/?p=2017"},"modified":"2025-05-20T09:17:03","modified_gmt":"2025-05-20T07:17:03","slug":"dobrev-klara-kitalalt-dobbenetes-ezert-valnak","status":"publish","type":"post","link":"https:\/\/matrend.hu\/nekedinfo\/dobrev-klara-kitalalt-dobbenetes-ezert-valnak\/","title":{"rendered":"Dobrev Kl\u00e1ra Kit\u00e1lalt! D\u00f6bbenetes, ez\u00e9rt v\u00e1lnak!"},"content":{"rendered":"<h3>A v\u00e1l\u00e1s nem egy \u00faj fejlem\u00e9ny, Dobrev elmondta, hogy m\u00e1r h\u00f3napok \u00f3ta k\u00fcl\u00f6n \u00e9lnek, \u00e9s az Apr\u00f3-vill\u00e1t m\u00e1r el is kezdt\u00e9k eladni. A politikusn\u0151 a besz\u00e9lget\u00e9s sor\u00e1n hozz\u00e1tette, hogy h\u00e1rom k\u00f6z\u00f6s ingatlanuk \u00e9s egy c\u00e9g\u00fck \u00fcgyeit most rendezik, mindezek tiszt\u00e1z\u00e1sa folyamatban van. A napi kommunik\u00e1ci\u00f3juk kiz\u00e1r\u00f3lag a k\u00f6z\u00f6s gyermek\u00fck nevel\u00e9s\u00e9re \u00f6sszpontos\u00edt. Az apr\u00f3, de fontos r\u00e9szletek arr\u00f3l tan\u00faskodnak, hogy az \u00e9vek sor\u00e1n elhideg\u00fcltek, \u00e9s a v\u00e1l\u00e1s val\u00f3ban nem a politikai vil\u00e1gukra vonatkozott, hanem egy hossz\u00fa, mag\u00e1n\u00e9leti d\u00f6nt\u00e9s volt, amely a h\u00e1tt\u00e9rben m\u00e1r h\u00f3napok \u00f3ta form\u00e1l\u00f3dott.<br \/>\nDobrev Kl\u00e1ra egy\u00e9rtelm\u0171en kijelentette:<\/h3>\n<h3>F\u00e9rje, Gyurcs\u00e1ny Ferenc saj\u00e1t elhat\u00e1roz\u00e1s\u00e1b\u00f3l d\u00f6nt\u00f6tt a k\u00f6z\u00e9lett\u0151l val\u00f3 visszavonul\u00e1s mellett. Nem volt semmilyen k\u00fcls\u0151 nyom\u00e1s, \u00e9s a d\u00f6nt\u00e9s m\u00f6g\u00f6tt hossz\u00fa v\u00edv\u00f3d\u00e1s \u00e1llt, amit alapos m\u00e9rlegel\u00e9s k\u00f6vetett. Orb\u00e1n Viktor is megsz\u00f3lalt: A v\u00e1l\u00e1sr\u00f3l sz\u00f3l\u00f3 bejelent\u00e9s ut\u00e1n Orb\u00e1n Viktor is reag\u00e1lt, \u00e9s b\u00e1r politikai ellenf\u00e9l, egy ritka gesztussal kifejezte egy\u00fctt\u00e9rz\u00e9s\u00e9t a p\u00e1r ir\u00e1nt.<\/h3>\n<p>VIA FB<br \/>\n&#8211;<\/p>\n<p>Els\u0151 benyom\u00e1sra a Dacia Spring nagyon cs\u00e1b\u00edt\u00f3 aj\u00e1nlatnak t\u0171nik: alacsony \u00e1ra miatt k\u00f6nnyebb szemet hunyni az olyan kompromisszumok felett, amelyek egy k\u00f6lts\u00e9ghat\u00e9kony gy\u00e1rt\u00e1sb\u00f3l ered\u0151 aut\u00f3 eset\u00e9ben gyakoriak. Ha azonban m\u00e9lyebbre \u00e1sunk, ezek a hi\u00e1nyoss\u00e1gok \u2013 els\u0151sorban a gyenge hangszigetel\u00e9s \u00e9s az olcs\u00f3 abroncsv\u00e1laszt\u00e1s \u2013 k\u00f6nnyen eld\u00f6nthetik, hogy a Spring val\u00f3ban j\u00f3 v\u00e9tel-e, vagy sem. Az Euro NCAP kor\u00e1bbi biztons\u00e1gi \u00e9rt\u00e9kel\u00e9seit hajland\u00f3ak lenn\u00e9nk figyelmen k\u00edv\u00fcl hagyni, mivel a szervezet magas k\u00f6vetelm\u00e9nyeinek val\u00f3 megfelel\u00e9s jelent\u0151sen megemeln\u00e9 az aut\u00f3 \u00e1r\u00e1t \u2013 ezzel pedig pont az egyik legnagyobb el\u0151nye, a megfizethet\u0151s\u00e9ge, veszne el. Ugyanakkor kiv\u00e1l\u00f3 energiahat\u00e9konys\u00e1ga, egyszer\u0171 haszn\u00e1lhat\u00f3s\u00e1ga \u00e9s kiv\u00e1l\u00f3 man\u0151verezhet\u0151s\u00e9ge miatt t\u00f6k\u00e9letes v\u00e1laszt\u00e1s lehet m\u00e1sodik aut\u00f3nak, k\u00fcl\u00f6n\u00f6sen v\u00e1rosi k\u00f6zleked\u00e9sre.<\/p>\n<p>A Dacia Spring a m\u00e1rka els\u0151 teljesen elektromos modellje, \u00e9s egyben a legkisebb t\u00edpus, amit a gy\u00e1rt\u00f3 az Egyes\u00fclt Kir\u00e1lys\u00e1gban k\u00edn\u00e1l. Ez a k\u00e9t t\u00e9ny minden bizonnyal \u00faj v\u00e1s\u00e1rl\u00f3kat fog a m\u00e1rk\u00e1hoz vonzani \u2013 ezt az eur\u00f3pai \u00e9rt\u00e9kes\u00edt\u00e9si adatok is al\u00e1t\u00e1masztj\u00e1k. A Dacia szerint a Spring el\u0151z\u0151, r\u00e1ncfelvarr\u00e1s el\u0151tti v\u00e1ltozat\u00e1nak elad\u00e1sai alapj\u00e1n Eur\u00f3p\u00e1ban a v\u00e1s\u00e1rl\u00f3k 79%-a \u00faj volt a m\u00e1rka sz\u00e1m\u00e1ra, \u00e9s 93%-uk kor\u00e1bban m\u00e9g soha nem v\u00e1s\u00e1rolt elektromos aut\u00f3t.<br \/>\nMivel a Spring a bel\u00e9p\u0151modell a Dacia k\u00edn\u00e1lat\u00e1ba, joggal kelti fel az \u00e9rdekl\u0151d\u00e9st. B\u00e1r Eur\u00f3p\u00e1ban el\u0151sz\u00f6r 2021-ben mutatkozott be, val\u00f3j\u00e1ban 2019-re ny\u00falik vissza az eredete, amikor K\u00edn\u00e1ban jelent meg Renault City K-ZE n\u00e9ven, illetve t\u00f6bb k\u00ednai m\u00e1rkan\u00e9v alatt is forgalmazt\u00e1k. A Renault City K-ZE val\u00f3j\u00e1ban a k\u00ednai piacra sz\u00e1nt, k\u00f6lts\u00e9ghat\u00e9kony Renault Kwid elektromos v\u00e1ltozata.<\/p>\n","protected":false},"excerpt":{"rendered":"<p>A v\u00e1l\u00e1s nem egy \u00faj fejlem\u00e9ny, Dobrev elmondta, hogy m\u00e1r h\u00f3napok \u00f3ta k\u00fcl\u00f6n \u00e9lnek, \u00e9s az Apr\u00f3-vill\u00e1t m\u00e1r el is&#8230; <span class=\"gridview-grid-post-read-more\"><a href=\"https:\/\/matrend.hu\/nekedinfo\/dobrev-klara-kitalalt-dobbenetes-ezert-valnak\/\">read more<span class=\"gridview-sr-only\"> Dobrev Kl\u00e1ra Kit\u00e1lalt! D\u00f6bbenetes, ez\u00e9rt v\u00e1lnak!<\/span><\/a><\/span><\/p>\n","protected":false},"author":1,"featured_media":2018,"comment_status":"open","ping_status":"open","sticky":false,"template":"","format":"standard","meta":{"footnotes":""},"categories":[1],"tags":[],"class_list":["post-2017","post","type-post","status-publish","format-standard","has-post-thumbnail","hentry","category-egyeb","wpcat-1-id"],"_links":{"self":[{"href":"https:\/\/matrend.hu\/nekedinfo\/wp-json\/wp\/v2\/posts\/2017","targetHints":{"allow":["GET"]}}],"collection":[{"href":"https:\/\/matrend.hu\/nekedinfo\/wp-json\/wp\/v2\/posts"}],"about":[{"href":"https:\/\/matrend.hu\/nekedinfo\/wp-json\/wp\/v2\/types\/post"}],"author":[{"embeddable":true,"href":"https:\/\/matrend.hu\/nekedinfo\/wp-json\/wp\/v2\/users\/1"}],"replies":[{"embeddable":true,"href":"https:\/\/matrend.hu\/nekedinfo\/wp-json\/wp\/v2\/comments?post=2017"}],"version-history":[{"count":2,"href":"https:\/\/matrend.hu\/nekedinfo\/wp-json\/wp\/v2\/posts\/2017\/revisions"}],"predecessor-version":[{"id":2030,"href":"https:\/\/matrend.hu\/nekedinfo\/wp-json\/wp\/v2\/posts\/2017\/revisions\/2030"}],"wp:featuredmedia":[{"embeddable":true,"href":"https:\/\/matrend.hu\/nekedinfo\/wp-json\/wp\/v2\/media\/2018"}],"wp:attachment":[{"href":"https:\/\/matrend.hu\/nekedinfo\/wp-json\/wp\/v2\/media?parent=2017"}],"wp:term":[{"taxonomy":"category","embeddable":true,"href":"https:\/\/matrend.hu\/nekedinfo\/wp-json\/wp\/v2\/categories?post=2017"},{"taxonomy":"post_tag","embeddable":true,"href":"https:\/\/matrend.hu\/nekedinfo\/wp-json\/wp\/v2\/tags?post=2017"}],"curies":[{"name":"wp","href":"https:\/\/api.w.org\/{rel}","templated":true}]}}