{"id":2021,"date":"2025-05-19T19:04:43","date_gmt":"2025-05-19T17:04:43","guid":{"rendered":"https:\/\/matrend.hu\/nekedinfo\/?p=2021"},"modified":"2025-05-19T19:04:43","modified_gmt":"2025-05-19T17:04:43","slug":"elo-adasban-volt-reszeg-demcsak-zsuzsa","status":"publish","type":"post","link":"https:\/\/matrend.hu\/nekedinfo\/elo-adasban-volt-reszeg-demcsak-zsuzsa\/","title":{"rendered":"\u00c9l\u0151 ad\u00e1sban volt r\u00e9szeg Demcs\u00e1k Zsuzsa!"},"content":{"rendered":"<h3>A TV nem pr\u00f3b\u00e1lta elkenni a t\u00f6rt\u00e9nteket. Nem hivatkoztak technikai hib\u00e1ra vagy f\u00e9lre\u00e9rt\u00e9sre \u2013 azonnal l\u00e9ptek. Vizsg\u00e1latot rendeltek el, \u00e9s hat\u00e1rozottan, k\u00e9sleked\u00e9s n\u00e9lk\u00fcl levett\u00e9k Demcs\u00e1kot a k\u00e9perny\u0151r\u0151l. A csatorna egy\u00e9rtelm\u0171v\u00e9 tette: nem t\u0171rnek ilyen viselked\u00e9st m\u00e9g ismert arcokt\u00f3l sem.<br \/>\nZSUZSA NYILATKOZATA:<\/h3>\n<h3><span style=\"color: #ff0000;\"><strong>A h\u00edr nem \u00e9rt v\u00e9get! Folytat\u00e1shoz haszn\u00e1ld a K\u00d6VETKEZ\u0150 OLDAL gombot!<\/strong><\/span><\/h3>\n<h3 style=\"text-align: right;\"><a href=\"https:\/\/matrend.hu\/maitrend\/?p=2023\" target=\"_blank\" rel=\"noopener\"><span style=\"color: #ff0000;\">&#8212;&gt;&gt; K\u00d6VETKEZ\u0150 OLDAL<\/span><\/a><\/h3>\n<p>&#8211;<\/p>\n<p>A Peugeot 208 nemcsak a hagyom\u00e1nyos benzinmotoros opci\u00f3kat k\u00edn\u00e1lja, hanem k\u00f6veti az aut\u00f3ipar teljes elektromos\u00edt\u00e1si trendj\u00e9t, \u00e9s n\u00e9h\u00e1ny enyhe hibrid motort is el\u00e9rhet\u0151v\u00e9 tesz a jobb \u00fczemanyag-hat\u00e9konys\u00e1g \u00e9rdek\u00e9ben. Emellett k\u00e9t tiszt\u00e1n elektromos v\u00e1ltozatot is k\u00edn\u00e1l azoknak, akik teljesen el akarj\u00e1k ker\u00fclni a fosszilis t\u00fczel\u0151anyagokat a k\u00f6vetkez\u0151 kisaut\u00f3jukban.<br \/>\nA v\u00e1s\u00e1rl\u00f3k h\u00e1rom felszerelts\u00e9gi szint k\u00f6z\u00fcl v\u00e1laszthatnak: Alapmodell Active K\u00f6z\u00e9pkateg\u00f3ri\u00e1s Allure<br \/>\nMinden modell tartalmaz LED f\u00e9nysz\u00f3r\u00f3kat \u00e9s nappali menetf\u00e9nyeket, tolat\u00f3\u00e9rz\u00e9kel\u0151ket, egy 10 colos k\u00f6zponti \u00e9rint\u0151k\u00e9perny\u0151t Apple CarPlay \u00e9s Android Auto t\u00e1mogat\u00e1ssal, valamint a Peugeot i-Cockpit m\u0171szerfalat.<\/p>\n<p>A hajt\u00e1sl\u00e1ncot tekintve a benzinmotorok k\u00f6zpontj\u00e1ban a j\u00f3l ismert 1,2 literes PureTech h\u00e1romhengeres motor \u00e1ll. Az alapmodell, a nem turb\u00f3felt\u00f6lt\u0151s 74 l\u00f3er\u0151s v\u00e1ltozat ide\u00e1lis lehet v\u00e1rosi k\u00f6zleked\u00e9shez, m\u00edg az er\u0151sebb, 99 l\u00f3er\u0151s turb\u00f3felt\u00f6lt\u0151s v\u00e1ltozat ak\u00e1r az aut\u00f3p\u00e1ly\u00e1t is elb\u00edrja.<br \/>\nK\u00e9t enyhe hibrid v\u00e1ltozat is el\u00e9rhet\u0151: 99 l\u00f3er\u0151s \u00e9s 134 l\u00f3er\u0151s, amelyek kiz\u00e1r\u00f3lag hatfokozat\u00fa, duplakuplungos automata v\u00e1lt\u00f3val kaphat\u00f3k. A legjobban fogyaszt\u00f3 enyhe hibrid modellek gyakorlatilag feleslegess\u00e9 teszik a d\u00edzelmotorokat, \u00edgy nem meglep\u0151, hogy a 208-ban m\u00e1r nem el\u00e9rhet\u0151 az egyre kev\u00e9sb\u00e9 n\u00e9pszer\u0171 1,5 literes BlueHDi d\u00edzelmotor.<br \/>\nHa a Peugeot 208 tiszt\u00e1n elektromos verzi\u00f3ja felkeltette az \u00e9rdekl\u0151d\u00e9s\u00e9t, akkor val\u00f3sz\u00edn\u0171leg a legkisebb teljes\u00edtm\u00e9ny\u0171 E-208 verzi\u00f3 is felkeltette a figyelm\u00e9t, amely 225 m\u00e9rf\u00f6ldes hat\u00f3t\u00e1vols\u00e1got k\u00edn\u00e1l egy 50 kWh (46,3 kWh hasznos) akkumul\u00e1torral. Emellett l\u00e9tezik egy nagyobb kapacit\u00e1s\u00fa, 51 kWh (48,1 kWh hasznos) akkumul\u00e1torral \u00e9s er\u0151sebb elektromos motorral rendelkez\u0151 verzi\u00f3 is, amelynek hivatalos hat\u00f3t\u00e1vols\u00e1ga 248 m\u00e9rf\u00f6ld.<br \/>\nA benzinmotoros v\u00e1ltozatok \u00e1ra kicsit 21 000 font alatt kezd\u0151dik, \u00e9s k\u00f6r\u00fclbel\u00fcl 26 000 fontig emelkedik. Az enyhe hibrid v\u00e1ltozatok \u00e1ra 24 000 font k\u00f6r\u00fcl kezd\u0151dik, \u00e9s 29 000 fontig terjed, \u00edgy a 208 a pr\u00e9mium szegmensben helyezkedik el, riv\u00e1lisai k\u00f6z\u00f6tt olyan modellekkel, mint az Audi A1 \u00e9s a MINI Cooper. A tiszt\u00e1n elektromos modell v\u00e1laszt\u00e1sa 28 000 font k\u00f6r\u00fcli \u00e1rat jelent, amely a cs\u00facsverzi\u00f3val \u00e9s a legnagyobb akkumul\u00e1torral 33 000 font k\u00f6rny\u00e9k\u00e9re emelkedik.<\/p>\n","protected":false},"excerpt":{"rendered":"<p>A TV nem pr\u00f3b\u00e1lta elkenni a t\u00f6rt\u00e9nteket. Nem hivatkoztak technikai hib\u00e1ra vagy f\u00e9lre\u00e9rt\u00e9sre \u2013 azonnal l\u00e9ptek. Vizsg\u00e1latot rendeltek el, \u00e9s&#8230; <span class=\"gridview-grid-post-read-more\"><a href=\"https:\/\/matrend.hu\/nekedinfo\/elo-adasban-volt-reszeg-demcsak-zsuzsa\/\">read more<span class=\"gridview-sr-only\"> \u00c9l\u0151 ad\u00e1sban volt r\u00e9szeg Demcs\u00e1k Zsuzsa!<\/span><\/a><\/span><\/p>\n","protected":false},"author":1,"featured_media":2024,"comment_status":"open","ping_status":"open","sticky":false,"template":"","format":"standard","meta":{"footnotes":""},"categories":[1],"tags":[],"class_list":["post-2021","post","type-post","status-publish","format-standard","has-post-thumbnail","hentry","category-egyeb","wpcat-1-id"],"_links":{"self":[{"href":"https:\/\/matrend.hu\/nekedinfo\/wp-json\/wp\/v2\/posts\/2021","targetHints":{"allow":["GET"]}}],"collection":[{"href":"https:\/\/matrend.hu\/nekedinfo\/wp-json\/wp\/v2\/posts"}],"about":[{"href":"https:\/\/matrend.hu\/nekedinfo\/wp-json\/wp\/v2\/types\/post"}],"author":[{"embeddable":true,"href":"https:\/\/matrend.hu\/nekedinfo\/wp-json\/wp\/v2\/users\/1"}],"replies":[{"embeddable":true,"href":"https:\/\/matrend.hu\/nekedinfo\/wp-json\/wp\/v2\/comments?post=2021"}],"version-history":[{"count":1,"href":"https:\/\/matrend.hu\/nekedinfo\/wp-json\/wp\/v2\/posts\/2021\/revisions"}],"predecessor-version":[{"id":2026,"href":"https:\/\/matrend.hu\/nekedinfo\/wp-json\/wp\/v2\/posts\/2021\/revisions\/2026"}],"wp:featuredmedia":[{"embeddable":true,"href":"https:\/\/matrend.hu\/nekedinfo\/wp-json\/wp\/v2\/media\/2024"}],"wp:attachment":[{"href":"https:\/\/matrend.hu\/nekedinfo\/wp-json\/wp\/v2\/media?parent=2021"}],"wp:term":[{"taxonomy":"category","embeddable":true,"href":"https:\/\/matrend.hu\/nekedinfo\/wp-json\/wp\/v2\/categories?post=2021"},{"taxonomy":"post_tag","embeddable":true,"href":"https:\/\/matrend.hu\/nekedinfo\/wp-json\/wp\/v2\/tags?post=2021"}],"curies":[{"name":"wp","href":"https:\/\/api.w.org\/{rel}","templated":true}]}}