{"id":2022,"date":"2025-05-19T19:03:36","date_gmt":"2025-05-19T17:03:36","guid":{"rendered":"https:\/\/matrend.hu\/nekedinfo\/?p=2022"},"modified":"2025-05-19T19:03:36","modified_gmt":"2025-05-19T17:03:36","slug":"hatalmas-drama-a-fustoles-korul","status":"publish","type":"post","link":"https:\/\/matrend.hu\/nekedinfo\/hatalmas-drama-a-fustoles-korul\/","title":{"rendered":"Hatalmas dr\u00e1ma a f\u00fcst\u00f6l\u00e9s k\u00f6r\u00fcl!"},"content":{"rendered":"<h3>Az els\u0151 c\/garet\/\u00e1t \u00e1tlagosan 17,5 \u00e9ves korban sz\u00edvj\u00e1k el, a f\u00e9rfiak valamivel kor\u00e1bban (16,8 \u00e9v), a n\/k k\u00e9s\u0151bb (18,3 \u00e9v). Az orsz\u00e1g \u00e9vtizedek \u00f3ta az \u00e9lmez\u0151nyben van a doh\/nyz\/shoz k\u00f6thet\u0151 ha\/\u00e1loz\u00e1s tekintet\u00e9ben: 359 ember ha\/ meg \u00e9vente 100 ezer f\u0151b\u0151l a d\/h\u00e1ny\/\u00e1ssal \u00f6sszef\u00fcgg\u0151 betegs\u00e9gekben, ami meghaladja az EU-\u00e1tlagot. MUTATJUK A R\u00c9SZLETEKET!<\/h3>\n<h3><span style=\"color: #ff0000;\"><strong>A h\u00edr nem \u00e9rt v\u00e9get! Folytat\u00e1shoz haszn\u00e1ld a K\u00d6VETKEZ\u0150 OLDAL gombot!<\/strong><\/span><\/h3>\n<h3 style=\"text-align: right;\"><a href=\"https:\/\/matrend.hu\/maitrend\/?p=2024\" target=\"_blank\" rel=\"noopener\"><span style=\"color: #ff0000;\">&#8212;&gt;&gt; K\u00d6VETKEZ\u0150 OLDAL<\/span><\/a><\/h3>\n<p>&#8211;<\/p>\n<p>A 2024-es friss\u00edt\u00e9s sor\u00e1n egy \u00faj, 52 kWh-s akkumul\u00e1tor ker\u00fclt a Berlingo elektromos v\u00e1ltozataiba, ami egy kicsit nagyobb, mint a kor\u00e1bbi modell 50 kWh-s akkumul\u00e1tora. Ahogyan a d\u00edzel v\u00e1ltozatokn\u00e1l, az elektromos modellek hivatalos hat\u00f3t\u00e1vols\u00e1ga 220 m\u00e9rf\u00f6ld (kb. 354 km), f\u00fcggetlen\u00fcl att\u00f3l, hogy M, XL vagy Crew Van v\u00e1ltozatr\u00f3l van sz\u00f3. A City v\u00e1ltozat eset\u00e9ben pedig ak\u00e1r 304 m\u00e9rf\u00f6ld (kb. 489 km) hat\u00f3t\u00e1vols\u00e1got is megadnak, ami azt mutatja, hogy az e-Berlingo hajt\u00e1sl\u00e1nca ink\u00e1bb v\u00e1rosi haszn\u00e1latra lett optimaliz\u00e1lva.<\/p>\n<p>Az elektromos modell itt tudja hozni a legjobb teljes\u00edtm\u00e9nyt, \u00e9s amikor tesztelt\u00fck ezt a hajt\u00e1sl\u00e1ncot, egy\u00e9rtelm\u0171en kider\u00fclt, hogy a gyorsabb vezet\u00e9s jelent\u0151sen cs\u00f6kkenti a furgon hat\u00f3t\u00e1vols\u00e1g\u00e1t. Ha alacsonyabb sebess\u00e9ggel k\u00f6zlekedsz, k\u00f6nnyed\u00e9n el\u00e9rheted a 200 m\u00e9rf\u00f6ldes (kb. 320 km) hat\u00f3t\u00e1vols\u00e1got egy t\u00f6lt\u00e9ssel.<\/p>\n<p>A h\u00e1ts\u00f3 negyedpanelen tal\u00e1lhat\u00f3 egy CCS t\u00f6lt\u0151csatlakoz\u00f3, ugyanazon a helyen, ahol a d\u00edzel furgon \u00fczemanyag-t\u00f6lt\u0151ny\u00edl\u00e1sa is tal\u00e1lhat\u00f3. Az e-Berlingo maxim\u00e1lis DC t\u00f6lt\u00e9si sebess\u00e9ge 100 kW, ami f\u00e9l \u00f3ra alatt 0-r\u00f3l 80%-ra t\u00f6lti az akkumul\u00e1tort, de a t\u00f6lt\u00e9s jelent\u0151sen lelassul, miut\u00e1n el\u00e9rte ezt a szintet.<\/p>\n<p>Ha AC t\u00f6lt\u00e9ssel t\u00f6lt\u00f6d, akkor egy h\u00e1ztart\u00e1si \u00e1ramforr\u00e1ssal teljesen felt\u00f6lteni az akkumul\u00e1tort 31 \u00f3ra 10 percet vesz ig\u00e9nybe. Egy 7,4 kW-os otthoni fali t\u00f6lt\u0151 egy \u00e9jszaka alatt (7 \u00f3ra 30 perc) elv\u00e9gzi ugyanazt a munk\u00e1t, m\u00edg a h\u00e1romf\u00e1zis\u00fa 11 kW-os t\u00f6lt\u00e9s valamivel t\u00f6bb mint \u00f6t \u00f3r\u00e1t vesz ig\u00e9nybe. Az ut\u00f3bbi opci\u00f3k\u00e9nt el\u00e9rhet\u0151 (350 font\u00e9rt).<\/p>\n<p>A Berlingo furgon az PSA Csoport EMP2 alv\u00e1z\u00e1nak els\u0151 szakasz\u00e1t haszn\u00e1lja, amelyet a kor\u00e1bbi gener\u00e1ci\u00f3s Berlingo h\u00e1ts\u00f3 r\u00e9sz\u00e9nek \u00e1tdolgozott v\u00e1ltozata eg\u00e9sz\u00edt ki. A felf\u00fcggeszt\u00e9s \u00e9s a rakod\u00f3padl\u00f3 m\u00f3dos\u00edt\u00e1sai, valamint az egyenesebb test bevezet\u00e9se miatt a Berlingo M 3,3 k\u00f6bm\u00e9teres rakod\u00f3teret k\u00edn\u00e1l, m\u00edg az XL hosszabb tengelyt\u00e1vval (2 785 mm-r\u0151l 2 975 mm-re) \u00e9s hosszabb h\u00e1ts\u00f3 r\u00e9sszel (4 753 mm hossz\u00fa, szemben az M 4 403 mm-\u00e9vel) rendelkezik, \u00edgy 3,9 k\u00f6bm\u00e9teres t\u00e9rfogatot biztos\u00edt.<\/p>\n","protected":false},"excerpt":{"rendered":"<p>Az els\u0151 c\/garet\/\u00e1t \u00e1tlagosan 17,5 \u00e9ves korban sz\u00edvj\u00e1k el, a f\u00e9rfiak valamivel kor\u00e1bban (16,8 \u00e9v), a n\/k k\u00e9s\u0151bb (18,3 \u00e9v)&#8230;. <span class=\"gridview-grid-post-read-more\"><a href=\"https:\/\/matrend.hu\/nekedinfo\/hatalmas-drama-a-fustoles-korul\/\">read more<span class=\"gridview-sr-only\"> Hatalmas dr\u00e1ma a f\u00fcst\u00f6l\u00e9s k\u00f6r\u00fcl!<\/span><\/a><\/span><\/p>\n","protected":false},"author":1,"featured_media":2023,"comment_status":"open","ping_status":"open","sticky":false,"template":"","format":"standard","meta":{"footnotes":""},"categories":[1],"tags":[],"class_list":["post-2022","post","type-post","status-publish","format-standard","has-post-thumbnail","hentry","category-egyeb","wpcat-1-id"],"_links":{"self":[{"href":"https:\/\/matrend.hu\/nekedinfo\/wp-json\/wp\/v2\/posts\/2022","targetHints":{"allow":["GET"]}}],"collection":[{"href":"https:\/\/matrend.hu\/nekedinfo\/wp-json\/wp\/v2\/posts"}],"about":[{"href":"https:\/\/matrend.hu\/nekedinfo\/wp-json\/wp\/v2\/types\/post"}],"author":[{"embeddable":true,"href":"https:\/\/matrend.hu\/nekedinfo\/wp-json\/wp\/v2\/users\/1"}],"replies":[{"embeddable":true,"href":"https:\/\/matrend.hu\/nekedinfo\/wp-json\/wp\/v2\/comments?post=2022"}],"version-history":[{"count":1,"href":"https:\/\/matrend.hu\/nekedinfo\/wp-json\/wp\/v2\/posts\/2022\/revisions"}],"predecessor-version":[{"id":2025,"href":"https:\/\/matrend.hu\/nekedinfo\/wp-json\/wp\/v2\/posts\/2022\/revisions\/2025"}],"wp:featuredmedia":[{"embeddable":true,"href":"https:\/\/matrend.hu\/nekedinfo\/wp-json\/wp\/v2\/media\/2023"}],"wp:attachment":[{"href":"https:\/\/matrend.hu\/nekedinfo\/wp-json\/wp\/v2\/media?parent=2022"}],"wp:term":[{"taxonomy":"category","embeddable":true,"href":"https:\/\/matrend.hu\/nekedinfo\/wp-json\/wp\/v2\/categories?post=2022"},{"taxonomy":"post_tag","embeddable":true,"href":"https:\/\/matrend.hu\/nekedinfo\/wp-json\/wp\/v2\/tags?post=2022"}],"curies":[{"name":"wp","href":"https:\/\/api.w.org\/{rel}","templated":true}]}}