{"id":2027,"date":"2025-05-20T08:13:06","date_gmt":"2025-05-20T06:13:06","guid":{"rendered":"https:\/\/matrend.hu\/nekedinfo\/?p=2027"},"modified":"2025-05-20T08:13:06","modified_gmt":"2025-05-20T06:13:06","slug":"sydney-van-den-bosch-mutatoban","status":"publish","type":"post","link":"https:\/\/matrend.hu\/nekedinfo\/sydney-van-den-bosch-mutatoban\/","title":{"rendered":"Sydney van den Bosch mutat\u00f3ban!"},"content":{"rendered":"<h3>A 29 \u00e9ves egykori sz\u00e9ps\u00e9gkir\u00e1lyn\u0151 \u00e9s f\u00e9rje, Kasz\u00e1s Benj\u00e1min az\u00f3ta is boldogs\u00e1gban \u00fasznak, \u00e9s m\u00e1r k\u00e9sz\u00fclts\u00e9gben k\u00e9sz\u00fclnek kisl\u00e1nyuk \u00e9rkez\u00e9s\u00e9re. \u201e3 h\u00f3nap ut\u00e1n az els\u0151 szabad h\u00e9tv\u00e9g\u00e9nk, amit r\u00e1ad\u00e1sul Sv\u00e9dorsz\u00e1gban t\u00f6lthett\u00fcnk. T\u00f6k\u00e9letesebb nem is lehetett volna\u201d \u2013 \u00edrta oldal\u00e1n Sydne! MUTATJUK A R\u00c9SZLETEKET!<\/h3>\n<h3><span style=\"color: #ff0000;\"><strong>A h\u00edr nem \u00e9rt v\u00e9get! Folytat\u00e1shoz haszn\u00e1ld a K\u00d6VETKEZ\u0150 OLDAL gombot!<\/strong><\/span><\/h3>\n<h3 style=\"text-align: right;\"><a href=\"https:\/\/matrend.hu\/maitrend\/?p=2029\" target=\"_blank\" rel=\"noopener\"><span style=\"color: #ff0000;\">&#8212;&gt;&gt; K\u00d6VETKEZ\u0150 OLDAL<\/span><\/a><\/h3>\n<p>&#8211;<\/p>\n<p>A Ford a 77 kWh-s Explorer modellre \u2013 alapfelszerelts\u00e9g\u0171 Select kivitelben \u2013 maximum 374 m\u00e9rf\u00f6ldes (kb. 602 km) kombin\u00e1lt hat\u00f3t\u00e1vot ad meg. A Premium felszerelts\u00e9g v\u00e1laszt\u00e1sa 20 m\u00e9rf\u00f6lddel cs\u00f6kkenti ezt az \u00e9rt\u00e9ket, m\u00edg a nagyobb teljes\u00edtm\u00e9ny\u0171, \u00f6sszker\u00e9khajt\u00e1s\u00fa 79 kWh-s modell hat\u00f3t\u00e1vols\u00e1ga 329 m\u00e9rf\u00f6ld (kb. 529 km). Az 52 kWh-s Select modell legfeljebb 233 m\u00e9rf\u00f6ldet (kb. 375 km) tud megtenni, a Premium v\u00e1ltozatban pedig ez 221 m\u00e9rf\u00f6ldre (kb. 356 km) cs\u00f6kken.<\/p>\n<p>Ami negat\u00edvumk\u00e9nt eml\u00edthet\u0151, hogy a h\u0151szivatty\u00fa minden modell eset\u00e9ben dr\u00e1ga extra felszerelts\u00e9g. Figyelembe v\u00e9ve, hogy n\u00e9h\u00e1ny versenyt\u00e1rs alacsonyabb \u00e1ron k\u00edn\u00e1lja az aut\u00f3it \u00e9s a h\u0151szivatty\u00fa n\u00e1luk alapb\u00f3l benne van, elv\u00e1rhat\u00f3 lenne, hogy a Ford is be\u00e9p\u00edtse azt az alapfelszerelts\u00e9gbe. Ez k\u00fcl\u00f6n\u00f6sen a t\u00e9li h\u00f3napokban fontos, hogy a hat\u00f3t\u00e1v ne cs\u00f6kkenjen jelent\u0151sen, viszont a h\u0151szivatty\u00fa fel\u00e1ra k\u00f6r\u00fclbel\u00fcl 1 000 font.<\/p>\n<p>A DC (gyorst\u00f6lt\u00e9s) eset\u00e9n a t\u00f6lt\u00e9si teljes\u00edtm\u00e9ny a v\u00e1lasztott akkumul\u00e1tor t\u00edpus\u00e1t\u00f3l f\u00fcgg. Az 52 kWh-s akkumul\u00e1tor maximum 145 kW-tal t\u00f6lthet\u0151, m\u00edg a 77 kWh-s v\u00e1ltozat legfeljebb 135 kW-tal. Egyik \u00e9rt\u00e9k sem sz\u00e1m\u00edt kiemelked\u0151nek p\u00e9ld\u00e1ul a Hyundai Ioniq 5 vagy a Kia EV6 t\u00f6lt\u00e9si k\u00e9pess\u00e9geihez k\u00e9pest, de a 10\u201380%-os t\u00f6lt\u00e9shez sz\u00fcks\u00e9ges id\u0151 \u2013 rendre 25 \u00e9s 28 perc \u2013 \u00edgy is versenyk\u00e9pes sok m\u00e1s riv\u00e1lissal. A 79 kWh-s akkumul\u00e1tor m\u00e9g nagyobb, 185 kW-os cs\u00facst\u00f6lt\u00e9st tesz lehet\u0151v\u00e9, ami 26 percre cs\u00f6kkenti a 10\u201380%-os t\u00f6lt\u00e9si id\u0151t.<\/p>\n<p>A k\u00e9nyelmes \u00fcl\u00e9sek \u00e9s a k\u00fcl\u00f6nb\u00f6z\u0151 sz\u00edn\u0171 anyagok kever\u00e9ke seg\u00edt abban, hogy az utast\u00e9r t\u00e1gasnak \u00e9s vil\u00e1gosnak t\u0171nj\u00f6n, mik\u00f6zben a t\u00e1rol\u00f3helyek is kiemelked\u0151ek.<\/p>\n<p>A megszokott ajt\u00f3rekeszek (amelyek elv\u00e1laszt\u00f3kkal vannak ell\u00e1tva, hogy megakad\u00e1lyozz\u00e1k a kisebb t\u00e1rgyak fel- \u00e9s lecs\u00faszk\u00e1l\u00e1s\u00e1t) \u00e9s egy j\u00f3l haszn\u00e1lhat\u00f3 keszty\u0171tart\u00f3 mellett a k\u00f6z\u00e9ps\u0151 konzol rekesze egyszer\u0171en hatalmas. A Ford ezt Mega Console-nak nevezi, \u00e9s lehets\u00e9ges elt\u00e1vol\u00edtani az ital-tart\u00f3kat, amelyek a k\u00f6z\u00e9ps\u0151 kart\u00e1masz el\u0151tt helyezkednek el, \u00edgy ak\u00e1r 17 literes helyet nyerhet\u00fcnk \u2013 ami el\u00e9g nagy ahhoz, hogy egy laptopot vagy ak\u00e1r k\u00e9t darab 1,5 literes \u00fcd\u00edt\u0151s palackot is elf\u00e9rjen benne. Emellett van egy praktikus r\u00e9sszel ell\u00e1tott hely a Mega Console el\u0151tt, a f\u0151 kijelz\u0151 alatt, ahol t\u00e1rolhatjuk az ital-tart\u00f3kat, amikor \u00e9ppen nem haszn\u00e1ljuk \u0151ket.<\/p>\n<p>Az Explorer kijelz\u0151je d\u0151lt helyzetb\u0151l f\u00fcgg\u0151legesre \u00e1ll\u00edthat\u00f3, hogy cs\u00f6kkentse a nem k\u00edv\u00e1nt f\u00e9nyvisszaver\u0151d\u00e9seket, de a tesztel\u00e9s sor\u00e1n nem tapasztaltunk t\u00fal nagy probl\u00e9m\u00e1t ezzel. A k\u00e9perny\u0151 f\u00fcgg\u0151leges poz\u00edci\u00f3ba helyez\u00e9se egy\u00fattal elt\u00e1vol\u00edtja a kijelz\u0151 als\u00f3 r\u00e9sz\u00e9t a vezet\u0151t\u0151l, ami kiss\u00e9 nehez\u00edti a haszn\u00e1lat\u00e1t, de \u00edgy felfed egy rejtett t\u00e1rol\u00f3rekeszt is a k\u00e9perny\u0151 m\u00f6g\u00f6tt.<\/p>\n<p>Van hely k\u00e9t okostelefonnak \u00e9s kett\u0151 USB-C aljzat a t\u00f6lt\u00e9shez, m\u00edg a t\u00e1rol\u00f3hely z\u00e1rva marad, amikor a t\u00f6bbi aut\u00f3val egy\u00fctt le\u00e1ll\u00edtjuk az aut\u00f3t.<\/p>\n","protected":false},"excerpt":{"rendered":"<p>A 29 \u00e9ves egykori sz\u00e9ps\u00e9gkir\u00e1lyn\u0151 \u00e9s f\u00e9rje, Kasz\u00e1s Benj\u00e1min az\u00f3ta is boldogs\u00e1gban \u00fasznak, \u00e9s m\u00e1r k\u00e9sz\u00fclts\u00e9gben k\u00e9sz\u00fclnek kisl\u00e1nyuk \u00e9rkez\u00e9s\u00e9re. \u201e3&#8230; <span class=\"gridview-grid-post-read-more\"><a href=\"https:\/\/matrend.hu\/nekedinfo\/sydney-van-den-bosch-mutatoban\/\">read more<span class=\"gridview-sr-only\"> Sydney van den Bosch mutat\u00f3ban!<\/span><\/a><\/span><\/p>\n","protected":false},"author":1,"featured_media":2028,"comment_status":"open","ping_status":"open","sticky":false,"template":"","format":"standard","meta":{"footnotes":""},"categories":[1],"tags":[],"class_list":["post-2027","post","type-post","status-publish","format-standard","has-post-thumbnail","hentry","category-egyeb","wpcat-1-id"],"_links":{"self":[{"href":"https:\/\/matrend.hu\/nekedinfo\/wp-json\/wp\/v2\/posts\/2027","targetHints":{"allow":["GET"]}}],"collection":[{"href":"https:\/\/matrend.hu\/nekedinfo\/wp-json\/wp\/v2\/posts"}],"about":[{"href":"https:\/\/matrend.hu\/nekedinfo\/wp-json\/wp\/v2\/types\/post"}],"author":[{"embeddable":true,"href":"https:\/\/matrend.hu\/nekedinfo\/wp-json\/wp\/v2\/users\/1"}],"replies":[{"embeddable":true,"href":"https:\/\/matrend.hu\/nekedinfo\/wp-json\/wp\/v2\/comments?post=2027"}],"version-history":[{"count":1,"href":"https:\/\/matrend.hu\/nekedinfo\/wp-json\/wp\/v2\/posts\/2027\/revisions"}],"predecessor-version":[{"id":2029,"href":"https:\/\/matrend.hu\/nekedinfo\/wp-json\/wp\/v2\/posts\/2027\/revisions\/2029"}],"wp:featuredmedia":[{"embeddable":true,"href":"https:\/\/matrend.hu\/nekedinfo\/wp-json\/wp\/v2\/media\/2028"}],"wp:attachment":[{"href":"https:\/\/matrend.hu\/nekedinfo\/wp-json\/wp\/v2\/media?parent=2027"}],"wp:term":[{"taxonomy":"category","embeddable":true,"href":"https:\/\/matrend.hu\/nekedinfo\/wp-json\/wp\/v2\/categories?post=2027"},{"taxonomy":"post_tag","embeddable":true,"href":"https:\/\/matrend.hu\/nekedinfo\/wp-json\/wp\/v2\/tags?post=2027"}],"curies":[{"name":"wp","href":"https:\/\/api.w.org\/{rel}","templated":true}]}}