{"id":2036,"date":"2025-05-20T18:12:52","date_gmt":"2025-05-20T16:12:52","guid":{"rendered":"https:\/\/matrend.hu\/nekedinfo\/?p=2036"},"modified":"2025-05-20T18:12:52","modified_gmt":"2025-05-20T16:12:52","slug":"feketebe-borult-nick-arpad-oldala-kimerult-a-szive","status":"publish","type":"post","link":"https:\/\/matrend.hu\/nekedinfo\/feketebe-borult-nick-arpad-oldala-kimerult-a-szive\/","title":{"rendered":"Feket\u00e9be borult Nick \u00c1rp\u00e1d oldala! &#8222;Kimer\u00fclt a sz\u00edve&#8221;"},"content":{"rendered":"<h3>A n\u0151, aki elt\u00e1vozott, nem ak\u00e1rkihez tartozott. \u0150 volt az a n\u0151v\u00e9r, akire egy ikonikus alak minden\u00e9t feltette volna. Igen, \u0151 volt Em\u0151ke \u2013 Nick \u00c1rp\u00e1d n\u0151v\u00e9re. Az\u00e9 a Nick \u00c1rp\u00e1d\u00e9, akit sokan csak az \u201eac\u00e9ltest\u0171\u201d f\u00e9rfik\u00e9nt ismernek, de akinek bel\u00fcl egy megszakadt sz\u00edv dobog most f\u00e1jdalmasan. \u00c1rpi, aki a vil\u00e1got is k\u00e9pes lenne megemelni, ez\u00fattal egyetlen asszony elveszt\u00e9s\u00e9nek s\u00falya alatt roskadt meg. A Metropolnak kor\u00e1bban elcsukl\u00f3 hangon mes\u00e9lt: apr\u00f3 falatokra v\u00e1gta n\u0151v\u00e9re \u00e9tel\u00e9t, \u0151 etette, mozgatta, rem\u00e9nyt \u00f6nt\u00f6tt bel\u00e9 nap mint nap. De a testv\u00e9ri szeretet, b\u00e1rmennyire is tiszta, nem tudta legy\u0151zni a hal\u00e1lt.<br \/>\nEBBEN A BETEGS\u00c9GBEN HAGYTA ITT SZERETTEIT:<\/h3>\n<h3><span style=\"color: #ff0000;\"><strong>A h\u00edr nem \u00e9rt v\u00e9get! Folytat\u00e1shoz haszn\u00e1ld a K\u00d6VETKEZ\u0150 OLDAL gombot!<\/strong><\/span><\/h3>\n<h3 style=\"text-align: right;\"><a href=\"https:\/\/matrend.hu\/maitrend\/?p=2035\" target=\"_blank\" rel=\"noopener\"><span style=\"color: #ff0000;\">&#8212;&gt;&gt; K\u00d6VETKEZ\u0150 OLDAL<\/span><\/a><\/h3>\n<p>&#8211;<\/p>\n<p>A Kia XCeed plug-in hibrid v\u00e1ltozata egy 1,6 literes benzinmotorral m\u0171k\u00f6dik, amelyhez egy 8,9 kWh-s akkumul\u00e1tor \u00e9s egy 59 l\u00f3er\u0151s villanymotor t\u00e1rsul, \u00edgy nagyj\u00e1b\u00f3l 48 kilom\u00e9ter tiszt\u00e1n elektromos hat\u00f3t\u00e1vot k\u00edn\u00e1l. A PHEV modell hatfokozat\u00fa, duplakuplungos automata sebess\u00e9gv\u00e1lt\u00f3t haszn\u00e1l, m\u00edg a kiz\u00e1r\u00f3lag benzines kivitel alapb\u00f3l hatfokozat\u00fa k\u00e9zi v\u00e1lt\u00f3val \u00e9rhet\u0151 el \u2013 b\u00e1r a GT-Line S felszerelts\u00e9g eset\u00e9n el\u00e9rhet\u0151 a DCT automata is. Az SUV-st\u00edlus\u00fa k\u00fcls\u0151 ellen\u00e9re az XCeed kiz\u00e1r\u00f3lag els\u0151ker\u00e9k-meghajt\u00e1ssal kaphat\u00f3.<br \/>\nFelszerelts\u00e9gt\u0151l f\u00fcggetlen\u00fcl minden XCeed gazdag alapfelszerelts\u00e9get k\u00edn\u00e1l. A bel\u00e9p\u0151 szintet k\u00e9pvisel\u0151 \u201e2\u201d modell 16 colos k\u00f6nny\u0171f\u00e9m ker\u00e9kt\u00e1rcs\u00e1kkal, LED f\u00e9nysz\u00f3r\u00f3kkal, tempomattal, tolat\u00f3kamer\u00e1val, valamint Android Auto \u00e9s Apple CarPlay csatlakoz\u00e1ssal \u00e9rkezik \u2013 ami a legt\u00f6bb v\u00e1s\u00e1rl\u00f3 sz\u00e1m\u00e1ra b\u0151s\u00e9gesen elegend\u0151. A \u201e3\u201d szintre val\u00f3 l\u00e9p\u00e9s m\u00e1r f\u0171thet\u0151 els\u0151 \u00fcl\u00e9seket \u00e9s korm\u00e1nykereket, nagyobb, 10,25 colos infotainment kijelz\u0151t, s\u00f6t\u00e9t\u00edtett h\u00e1ts\u00f3 ablakokat \u00e9s kulcs n\u00e9lk\u00fcli ind\u00edt\u00e1st is hoz mag\u00e1val.<\/p>\n<p>A \u201e3\u201d \u00e9s a GT-Line hasonl\u00f3an felszereltek, ut\u00f3bbi azonban sportosabb r\u00e9szleteket k\u00edn\u00e1l, p\u00e9ld\u00e1ul fekete k\u00fcls\u0151 elemeket, alum\u00ednium ped\u00e1lokat \u00e9s lapos alj\u00fa sportkorm\u00e1nyt. A GT-Line S m\u00e9g magasabb szintre emeli a k\u00e9nyelmet: panor\u00e1matet\u0151t, fekete b\u0151r k\u00e1rpitot, 12,3 colos digit\u00e1lis m\u0171szeregys\u00e9get \u00e9s vezet\u00e9k n\u00e9lk\u00fcli telefont\u00f6lt\u0151t is tartalmaz.<br \/>\nMinden XCeed modell hidraulikus \u00fctk\u00f6z\u00e9sg\u00e1tl\u00f3kat \u00e9s \u00fajragondolt fut\u00f3m\u0171vet kapott, amely a Ceed ferdeh\u00e1t\u00fa v\u00e1ltozat\u00e1hoz k\u00e9pest k\u00e9nyelmesebb, l\u00e1gyabb rug\u00f3z\u00e1st biztos\u00edt. Ennek eredm\u00e9nyek\u00e9nt az aut\u00f3 nyugodt, komfortos utaz\u00e1si \u00e9lm\u00e9nyt ny\u00fajt, k\u00fcl\u00f6n\u00f6sen aut\u00f3p\u00e1ly\u00e1n. Kanyarg\u00f3sabb utakon is kellemesen vezethet\u0151, a megn\u00f6velt hasmagass\u00e1g nem rontja \u00e9rezhet\u0151en az \u00fattart\u00e1st.<br \/>\nEmellett a csomagt\u00e9r is nagyobb, mint a Ceed alapmodell\u00e9, a h\u00e1ts\u00f3 \u00fcl\u00e9ssorban pedig valamivel t\u00e1gasabb a t\u00e9r a h\u00e1tul utaz\u00f3k sz\u00e1m\u00e1ra. Ha egy olyan kis SUV-t keresel, ami st\u00edlusos, praktikus \u00e9s vezet\u00e9si \u00e9lm\u00e9ny szempontj\u00e1b\u00f3l is j\u00f3l teljes\u00edt, a Kia XCeed mindenk\u00e9pp meg\u00e9r egy pr\u00f3bak\u00f6rt.<\/p>\n","protected":false},"excerpt":{"rendered":"<p>A n\u0151, aki elt\u00e1vozott, nem ak\u00e1rkihez tartozott. \u0150 volt az a n\u0151v\u00e9r, akire egy ikonikus alak minden\u00e9t feltette volna. Igen,&#8230; <span class=\"gridview-grid-post-read-more\"><a href=\"https:\/\/matrend.hu\/nekedinfo\/feketebe-borult-nick-arpad-oldala-kimerult-a-szive\/\">read more<span class=\"gridview-sr-only\"> Feket\u00e9be borult Nick \u00c1rp\u00e1d oldala! &#8222;Kimer\u00fclt a sz\u00edve&#8221;<\/span><\/a><\/span><\/p>\n","protected":false},"author":1,"featured_media":2037,"comment_status":"open","ping_status":"open","sticky":false,"template":"","format":"standard","meta":{"footnotes":""},"categories":[1],"tags":[],"class_list":["post-2036","post","type-post","status-publish","format-standard","has-post-thumbnail","hentry","category-egyeb","wpcat-1-id"],"_links":{"self":[{"href":"https:\/\/matrend.hu\/nekedinfo\/wp-json\/wp\/v2\/posts\/2036","targetHints":{"allow":["GET"]}}],"collection":[{"href":"https:\/\/matrend.hu\/nekedinfo\/wp-json\/wp\/v2\/posts"}],"about":[{"href":"https:\/\/matrend.hu\/nekedinfo\/wp-json\/wp\/v2\/types\/post"}],"author":[{"embeddable":true,"href":"https:\/\/matrend.hu\/nekedinfo\/wp-json\/wp\/v2\/users\/1"}],"replies":[{"embeddable":true,"href":"https:\/\/matrend.hu\/nekedinfo\/wp-json\/wp\/v2\/comments?post=2036"}],"version-history":[{"count":1,"href":"https:\/\/matrend.hu\/nekedinfo\/wp-json\/wp\/v2\/posts\/2036\/revisions"}],"predecessor-version":[{"id":2038,"href":"https:\/\/matrend.hu\/nekedinfo\/wp-json\/wp\/v2\/posts\/2036\/revisions\/2038"}],"wp:featuredmedia":[{"embeddable":true,"href":"https:\/\/matrend.hu\/nekedinfo\/wp-json\/wp\/v2\/media\/2037"}],"wp:attachment":[{"href":"https:\/\/matrend.hu\/nekedinfo\/wp-json\/wp\/v2\/media?parent=2036"}],"wp:term":[{"taxonomy":"category","embeddable":true,"href":"https:\/\/matrend.hu\/nekedinfo\/wp-json\/wp\/v2\/categories?post=2036"},{"taxonomy":"post_tag","embeddable":true,"href":"https:\/\/matrend.hu\/nekedinfo\/wp-json\/wp\/v2\/tags?post=2036"}],"curies":[{"name":"wp","href":"https:\/\/api.w.org\/{rel}","templated":true}]}}