{"id":2039,"date":"2025-05-20T18:39:08","date_gmt":"2025-05-20T16:39:08","guid":{"rendered":"https:\/\/matrend.hu\/nekedinfo\/?p=2039"},"modified":"2025-05-20T18:39:08","modified_gmt":"2025-05-20T16:39:08","slug":"vegzetes-tragedia-14-magnest-nyelt-le-a-2-eves-rebeka","status":"publish","type":"post","link":"https:\/\/matrend.hu\/nekedinfo\/vegzetes-tragedia-14-magnest-nyelt-le-a-2-eves-rebeka\/","title":{"rendered":"V\u00e9gzetes trag\u00e9dia: 14 m\u00e1gnest nyelt le a 2 \u00e9ves Rebeka!"},"content":{"rendered":"<h3>\u201eA l\u00e1nyom \u00e9lete egy hajsz\u00e1lon m\u00falott\u201d \u2013 mondta az anya megt\u00f6rten. A k\u00e9t\u00f3r\u00e1s m\u0171t\u00e9t alatt a belek egy r\u00e9sz\u00e9t elt\u00e1vol\u00edtott\u00e1k, hogy kiszedhess\u00e9k a be\u00e1gyaz\u00f3dott m\u00e1gneseket.<br \/>\nRebeka t\u00fal\u00e9lte, de hossz\u00fa, f\u00e1jdalmas gy\u00f3gyul\u00e1s v\u00e1rt r\u00e1. \u00c9desanyja szerint a t\u00f6rt\u00e9ntek \u00f6r\u00f6k nyomot hagytak rajtuk. \u201eSoha nem gondoltam volna, hogy egy apr\u00f3 j\u00e1t\u00e9k ekkora puszt\u00edt\u00e1st v\u00e9gezhet.\u201d<br \/>\nEz\u00e9rt jut m\u00e1gnes fiatalok szervezet\u00e9be:<\/h3>\n<h3><span style=\"color: #ff0000;\"><strong>A h\u00edr nem \u00e9rt v\u00e9get! Folytat\u00e1shoz haszn\u00e1ld a K\u00d6VETKEZ\u0150 OLDAL gombot!<\/strong><\/span><\/h3>\n<h3 style=\"text-align: right;\"><a href=\"https:\/\/matrend.hu\/maitrend\/?p=2038\" target=\"_blank\" rel=\"noopener\"><span style=\"color: #ff0000;\">&#8212;&gt;&gt; K\u00d6VETKEZ\u0150 OLDAL<\/span><\/a><\/h3>\n<p>&#8211;<\/p>\n<p>Mivel a Toyota a C-HR-t eur\u00f3pai \u00e9s brit vezet\u0151k ig\u00e9nyeihez igaz\u00edtotta, a felf\u00fcggeszt\u00e9st \u00fagy hangolt\u00e1k, hogy j\u00f3l kezelje a kanyarokkal teli \u00e9s egyenetlen utakat, amelyeket mind az Egyes\u00fclt Kir\u00e1lys\u00e1gban, mind a kontinensen megtal\u00e1lunk. Az aut\u00f3 m\u00e9rn\u00f6ki szempontb\u00f3l a C-HR TNGA platformja fel\u00fclm\u00falja a legt\u00f6bb riv\u00e1lis\u00e9t. Az els\u0151 felf\u00fcggeszt\u00e9s MacPherson csillap\u00edt\u00f3 rug\u00f3, ami el\u00e9g hagyom\u00e1nyos, de h\u00e1tul dupla keresztleng\u0151karos rendszerrel rendelkezik, ami egy fejlettebb elrendez\u00e9s, mint a legt\u00f6bb riv\u00e1lisn\u00e1l alkalmazott csatolt felf\u00fcggeszt\u00e9s, \u00edgy jobb menetkomfortot \u00e9s kezelhet\u0151s\u00e9get biztos\u00edt.<\/p>\n<p>Amikor a C-HR vol\u00e1nja m\u00f6g\u00e9 \u00fclsz, azonnal sportosabbnak \u00e9s dinamikusabbnak \u00e9rzed, mint a legt\u00f6bb riv\u00e1lisa. A korm\u00e1nyz\u00e1s megfelel\u0151 s\u00falyoz\u00e1s\u00fa, \u00e9s b\u00e1r nincs t\u00fal nagy kapcsolat a kerekekkel, k\u00f6nnyed\u00e9n elhelyezheted az aut\u00f3t az \u00faton. Az is seg\u00edt, hogy kev\u00e9sb\u00e9 d\u0151l az aut\u00f3 a kanyarokban, \u00e9s a karossz\u00e9ria mozg\u00e1sa is jobban kontroll\u00e1lt. Az els\u0151ker\u00e9k-hajt\u00e1s alapfelszerelts\u00e9g minden verzi\u00f3ban, mik\u00f6zben mindegyik v\u00e1ltozat h\u00e1rom \u00fczemm\u00f3dot k\u00edn\u00e1l: Sport, Norm\u00e1l \u00e9s Eco, amelyek a korm\u00e1nyz\u00e1s s\u00faly\u00e1t, a g\u00e1zped\u00e1l reakci\u00f3j\u00e1t \u00e9s a CVT v\u00e1lt\u00f3 strat\u00e9gi\u00e1j\u00e1t m\u00f3dos\u00edtj\u00e1k, hogy illeszkedjenek a vezet\u0151 hangulat\u00e1hoz \u00e9s az \u00fatviszonyokhoz. Azonban mi azt tapasztaltuk, hogy az aut\u00f3 a legterm\u00e9szetesebb m\u00f3don a Norm\u00e1l m\u00f3dban viselkedik. A korm\u00e1nyz\u00e1s j\u00f3l s\u00falyozott, \u00e9s a magas vezet\u00e9si poz\u00edci\u00f3 j\u00f3 kil\u00e1t\u00e1st biztos\u00edt el\u0151re, \u00edgy k\u00f6nnyen elhelyezheted az aut\u00f3t az \u00faton, \u00e9s nagyobb magabiztoss\u00e1got ad a kanyarokban.<\/p>\n","protected":false},"excerpt":{"rendered":"<p>\u201eA l\u00e1nyom \u00e9lete egy hajsz\u00e1lon m\u00falott\u201d \u2013 mondta az anya megt\u00f6rten. A k\u00e9t\u00f3r\u00e1s m\u0171t\u00e9t alatt a belek egy r\u00e9sz\u00e9t elt\u00e1vol\u00edtott\u00e1k,&#8230; <span class=\"gridview-grid-post-read-more\"><a href=\"https:\/\/matrend.hu\/nekedinfo\/vegzetes-tragedia-14-magnest-nyelt-le-a-2-eves-rebeka\/\">read more<span class=\"gridview-sr-only\"> V\u00e9gzetes trag\u00e9dia: 14 m\u00e1gnest nyelt le a 2 \u00e9ves Rebeka!<\/span><\/a><\/span><\/p>\n","protected":false},"author":1,"featured_media":2040,"comment_status":"open","ping_status":"open","sticky":false,"template":"","format":"standard","meta":{"footnotes":""},"categories":[1],"tags":[],"class_list":["post-2039","post","type-post","status-publish","format-standard","has-post-thumbnail","hentry","category-egyeb","wpcat-1-id"],"_links":{"self":[{"href":"https:\/\/matrend.hu\/nekedinfo\/wp-json\/wp\/v2\/posts\/2039","targetHints":{"allow":["GET"]}}],"collection":[{"href":"https:\/\/matrend.hu\/nekedinfo\/wp-json\/wp\/v2\/posts"}],"about":[{"href":"https:\/\/matrend.hu\/nekedinfo\/wp-json\/wp\/v2\/types\/post"}],"author":[{"embeddable":true,"href":"https:\/\/matrend.hu\/nekedinfo\/wp-json\/wp\/v2\/users\/1"}],"replies":[{"embeddable":true,"href":"https:\/\/matrend.hu\/nekedinfo\/wp-json\/wp\/v2\/comments?post=2039"}],"version-history":[{"count":1,"href":"https:\/\/matrend.hu\/nekedinfo\/wp-json\/wp\/v2\/posts\/2039\/revisions"}],"predecessor-version":[{"id":2041,"href":"https:\/\/matrend.hu\/nekedinfo\/wp-json\/wp\/v2\/posts\/2039\/revisions\/2041"}],"wp:featuredmedia":[{"embeddable":true,"href":"https:\/\/matrend.hu\/nekedinfo\/wp-json\/wp\/v2\/media\/2040"}],"wp:attachment":[{"href":"https:\/\/matrend.hu\/nekedinfo\/wp-json\/wp\/v2\/media?parent=2039"}],"wp:term":[{"taxonomy":"category","embeddable":true,"href":"https:\/\/matrend.hu\/nekedinfo\/wp-json\/wp\/v2\/categories?post=2039"},{"taxonomy":"post_tag","embeddable":true,"href":"https:\/\/matrend.hu\/nekedinfo\/wp-json\/wp\/v2\/tags?post=2039"}],"curies":[{"name":"wp","href":"https:\/\/api.w.org\/{rel}","templated":true}]}}