{"id":2048,"date":"2025-05-20T20:56:35","date_gmt":"2025-05-20T18:56:35","guid":{"rendered":"https:\/\/matrend.hu\/nekedinfo\/?p=2048"},"modified":"2025-05-20T20:56:35","modified_gmt":"2025-05-20T18:56:35","slug":"uj-kozos-musorban-balazs-es-majka","status":"publish","type":"post","link":"https:\/\/matrend.hu\/nekedinfo\/uj-kozos-musorban-balazs-es-majka\/","title":{"rendered":"\u00daj k\u00f6z\u00f6s m\u0171sorban Bal\u00e1zs \u00e9s Majka!"},"content":{"rendered":"<h3>A m\u0171sorvezet\u0151, \u00c1rpa Attila a TikTokon reag\u00e1lt a tal\u00e1lgat\u00e1sokra, \u00e9s elismerte, hogy a n\u00e9z\u0151i javaslatok k\u00f6z\u00f6tt t\u00f6bb izgalmas n\u00e9v is szerepel \u2013 p\u00e9ld\u00e1ul Sebesty\u00e9n Bal\u00e1zs \u00e9s Majka. \u00c1rpa szerint a n\u00e9vsor olyan j\u00f3l siker\u00fclt, hogy \u201etov\u00e1bb\u00edtja a k\u00e9sz\u00edt\u0151knek\u201d, s\u0151t azt is megjegyezte: \u201eLehet, hogy m\u00e1r voltak is castingon.\u201d MUTATJUK A R\u00c9SZLETEKET!<\/h3>\n<h3><span style=\"color: #ff0000;\"><strong>A h\u00edr nem \u00e9rt v\u00e9get! Folytat\u00e1shoz haszn\u00e1ld a K\u00d6VETKEZ\u0150 OLDAL gombot!<\/strong><\/span><\/h3>\n<h3 style=\"text-align: right;\"><a href=\"https:\/\/matrend.hu\/maitrend\/?p=2047\" target=\"_blank\" rel=\"noopener\"><span style=\"color: #ff0000;\">&#8212;&gt;&gt; K\u00d6VETKEZ\u0150 OLDAL<\/span><\/a><\/h3>\n<p>&#8211;<\/p>\n<p>A Jaecoo 7 k\u00e9ts\u00e9gtelen\u00fcl nagy benyom\u00e1st kelt mer\u00e9sz formatervez\u00e9s\u00e9vel, amely t\u00f6bbf\u00e9le design hat\u00e1sb\u00f3l mer\u00edt. A nagy els\u0151 h\u0171t\u0151r\u00e1cs \u00e9s a n\u00e9gyzet alak\u00fa LED elemek a f\u00e9nysz\u00f3r\u00f3kban egy\u00e9rtelm\u0171 Audi-szer\u0171 jelenl\u00e9tet sug\u00e1roznak. Ugyanakkor a Range Rover ihletet is egy\u00e9rtelm\u0171en \u00e9rz\u00e9kelhetj\u00fck olyan jellemz\u0151kkel, mint az elektromosan beh\u00fazhat\u00f3 ajt\u00f3kilincsek, amelyek pr\u00e9mium \u00e9rz\u00e9st adnak a j\u00e1rm\u0171nek. A 19 colos k\u00f6nny\u0171f\u00e9m felnik viszont egy kicsit kicsinek t\u0171nnek az aut\u00f3 m\u00e9ret\u00e9hez k\u00e9pest, ami cs\u00f6kkentheti az \u00f6sszk\u00e9pet.<\/p>\n<p>Bels\u0151 t\u00e9rben tov\u00e1bbra is \u00e9rz\u0151dnek a Land Rover design hat\u00e1sai: a korm\u00e1nyker\u00e9k a Range Rover Evoque-b\u00f3l sz\u00e1rmazik, az ajt\u00f3kilincsek pedig a Land Rover Defenderre eml\u00e9keztetnek f\u00e9m hat\u00e1s\u00fa kialak\u00edt\u00e1sukkal. Az ir\u00e1ny\u00edt\u00f3pult minimalista, de tal\u00e1n t\u00fal egyszer\u0171, k\u00fcl\u00f6n\u00f6sen, ha fontos funkci\u00f3kr\u00f3l van sz\u00f3, mint p\u00e9ld\u00e1ul a kl\u00edmavez\u00e9rl\u00e9s vagy a h\u00e1ts\u00f3 ablak f\u0171t\u00e9se, mivel fizikai kapcsol\u00f3k nincsenek. Ennek ellen\u00e9re a kabin t\u00e1gasnak \u00e9rz\u0151dik a hatalmas panor\u00e1ma napf\u00e9nytet\u0151nek k\u00f6sz\u00f6nhet\u0151en.<\/p>\n<p>A v\u00e1lt\u00f3v\u00e1laszt\u00f3kat illet\u0151en a benzinmotoros v\u00e1ltozat egy t\u00falm\u00e9retezett, Transformer-szer\u0171 v\u00e1lt\u00f3karral rendelkezik, m\u00edg a plug-in hybrid (PHEV) modell oszlopra szerelt v\u00e1lt\u00f3v\u00e1laszt\u00f3t k\u00edn\u00e1l. A kabinban tal\u00e1lhat\u00f3 puha tapint\u00e1s\u00fa m\u0171anyagok j\u00f3 min\u0151s\u00e9get sugallnak, \u00edgy versenyk\u00e9pesnek \u00e9rz\u0151dik a hasonl\u00f3 \u00e1r\u00fa j\u00e1rm\u0171vekkel ebben a szegmensben.<\/p>\n<p>A standard felszerelts\u00e9g a Jaecoo 7 er\u0151ss\u00e9gei k\u00f6z\u00e9 tartozik. Minden modell 19 colos k\u00f6nny\u0171f\u00e9m kerekekkel, LED f\u00e9nysz\u00f3r\u00f3kkal, 10,25 colos m\u0171szerfal kijelz\u0151vel, navig\u00e1ci\u00f3val, szintetikus b\u0151rk\u00e1rpittal \u00e9s f\u0171t\u00f6tt \u00fcl\u00e9sekkel rendelkezik. A Luxury felszerelts\u00e9gi szint (el\u00e9rhet\u0151 a n\u00e9gyker\u00e9kmeghajt\u00e1s\u00fa benzinmotoros \u00e9s PHEV modelleken) tov\u00e1bbi luxust k\u00edn\u00e1l olyan jellemz\u0151kkel, mint a nyolc hangsz\u00f3r\u00f3s Sony audi\u00f3 rendszer, szell\u0151ztetett els\u0151 \u00fcl\u00e9sek, f\u0171t\u00f6tt h\u00e1ts\u00f3 \u00fcl\u00e9sek, head-up kijelz\u0151 \u00e9s f\u0171t\u00f6tt korm\u00e1nyker\u00e9k.<\/p>\n<p>Vannak azonban n\u00e9h\u00e1ny furcsas\u00e1g az aut\u00f3 rendszereiben. P\u00e9ld\u00e1ul, amikor a vezet\u00e9si m\u00f3dot v\u00e1ltjuk, az aut\u00f3s asszisztens hangosan bejelenti a m\u00f3dv\u00e1lt\u00e1st, mint p\u00e9ld\u00e1ul: \u201eSport m\u00f3d!\u201c, ami els\u0151re b\u00e1jos lehet, de id\u0151vel kiss\u00e9 ism\u00e9tl\u0151d\u0151v\u00e9 v\u00e1lhat. Ezen k\u00edv\u00fcl, b\u00e1r a digit\u00e1lis vezet\u0151i kijelz\u0151 \u00e9les, az inform\u00e1ci\u00f3k elrendez\u00e9se egy kicsit rendezetlen, ami megnehez\u00edti az olvas\u00e1st egy pillant\u00e1sra.<\/p>\n<p>A hangulatvil\u00e1g\u00edt\u00e1st illet\u0151en a Jaecoo 7 testreszabhat\u00f3 f\u00e9nyt k\u00edn\u00e1l, amely lehet\u0151v\u00e9 teszi, hogy sz\u00ednek sz\u00e9les v\u00e1laszt\u00e9k\u00e1b\u00f3l v\u00e1lasszon, \u00edgy szem\u00e9lyre szabhatja a kabin hangulat\u00e1t. \u00d6sszess\u00e9g\u00e9ben, b\u00e1r vannak n\u00e9h\u00e1ny diz\u00e1jn furcsas\u00e1gok, a Jaecoo 7 egy vonz\u00f3 csomagot k\u00edn\u00e1l er\u0151s felszerelts\u00e9ggel \u00e9s pr\u00e9mium hangulattal az \u00e1r\u00e9rt.<\/p>\n","protected":false},"excerpt":{"rendered":"<p>A m\u0171sorvezet\u0151, \u00c1rpa Attila a TikTokon reag\u00e1lt a tal\u00e1lgat\u00e1sokra, \u00e9s elismerte, hogy a n\u00e9z\u0151i javaslatok k\u00f6z\u00f6tt t\u00f6bb izgalmas n\u00e9v is&#8230; <span class=\"gridview-grid-post-read-more\"><a href=\"https:\/\/matrend.hu\/nekedinfo\/uj-kozos-musorban-balazs-es-majka\/\">read more<span class=\"gridview-sr-only\"> \u00daj k\u00f6z\u00f6s m\u0171sorban Bal\u00e1zs \u00e9s Majka!<\/span><\/a><\/span><\/p>\n","protected":false},"author":1,"featured_media":2049,"comment_status":"open","ping_status":"open","sticky":false,"template":"","format":"standard","meta":{"footnotes":""},"categories":[1],"tags":[],"class_list":["post-2048","post","type-post","status-publish","format-standard","has-post-thumbnail","hentry","category-egyeb","wpcat-1-id"],"_links":{"self":[{"href":"https:\/\/matrend.hu\/nekedinfo\/wp-json\/wp\/v2\/posts\/2048","targetHints":{"allow":["GET"]}}],"collection":[{"href":"https:\/\/matrend.hu\/nekedinfo\/wp-json\/wp\/v2\/posts"}],"about":[{"href":"https:\/\/matrend.hu\/nekedinfo\/wp-json\/wp\/v2\/types\/post"}],"author":[{"embeddable":true,"href":"https:\/\/matrend.hu\/nekedinfo\/wp-json\/wp\/v2\/users\/1"}],"replies":[{"embeddable":true,"href":"https:\/\/matrend.hu\/nekedinfo\/wp-json\/wp\/v2\/comments?post=2048"}],"version-history":[{"count":1,"href":"https:\/\/matrend.hu\/nekedinfo\/wp-json\/wp\/v2\/posts\/2048\/revisions"}],"predecessor-version":[{"id":2050,"href":"https:\/\/matrend.hu\/nekedinfo\/wp-json\/wp\/v2\/posts\/2048\/revisions\/2050"}],"wp:featuredmedia":[{"embeddable":true,"href":"https:\/\/matrend.hu\/nekedinfo\/wp-json\/wp\/v2\/media\/2049"}],"wp:attachment":[{"href":"https:\/\/matrend.hu\/nekedinfo\/wp-json\/wp\/v2\/media?parent=2048"}],"wp:term":[{"taxonomy":"category","embeddable":true,"href":"https:\/\/matrend.hu\/nekedinfo\/wp-json\/wp\/v2\/categories?post=2048"},{"taxonomy":"post_tag","embeddable":true,"href":"https:\/\/matrend.hu\/nekedinfo\/wp-json\/wp\/v2\/tags?post=2048"}],"curies":[{"name":"wp","href":"https:\/\/api.w.org\/{rel}","templated":true}]}}