{"id":2057,"date":"2025-05-21T17:13:40","date_gmt":"2025-05-21T15:13:40","guid":{"rendered":"https:\/\/matrend.hu\/nekedinfo\/?p=2057"},"modified":"2025-05-21T17:13:40","modified_gmt":"2025-05-21T15:13:40","slug":"gyaszol-a-gaspar-csalad","status":"publish","type":"post","link":"https:\/\/matrend.hu\/nekedinfo\/gyaszol-a-gaspar-csalad\/","title":{"rendered":"Gy\u00e1szol a G\u00e1sp\u00e1r csal\u00e1d!"},"content":{"rendered":"<h3>A csal\u00e1d most megeml\u00e9kezik! M\u00e1r 19 \u00e9ve t\u00f6rt\u00e9nt hogy a G\u00e1sp\u00e1r csal\u00e1d elvesztette Buksi-t! Akkor t\u00f6bb tan\u00fat, k\u00f6zt\u00fck a kuty\u00e1t el\/lta\/\u00f3 \u00e1llatorvost is meghallgatta a rend\u0151rs\u00e9g a G\u00e1sp\u00e1r Gy\u0151z\u0151 ki\/\u00falt Buksij\u00e1val kapcsolatos nyomoz\u00e1s sor\u00e1n mivel nagyon sok re\/t\u00e9l\/es k\u00f6r\u00fclm\u00e9ny mer\u00fclt fel az \u00fcgyben!<\/h3>\n<h3><span style=\"color: #ff0000;\"><strong>A h\u00edr nem \u00e9rt v\u00e9get! Folytat\u00e1shoz haszn\u00e1ld a K\u00d6VETKEZ\u0150 OLDAL gombot!<\/strong><\/span><\/h3>\n<h3 style=\"text-align: right;\"><a href=\"https:\/\/matrend.hu\/maitrend\/?p=2056\" target=\"_blank\" rel=\"noopener\"><span style=\"color: #ff0000;\">&#8212;&gt;&gt; K\u00d6VETKEZ\u0150 OLDAL<\/span><\/a><\/h3>\n<p>&#8211;<\/p>\n<p>Mindenki, aki egy \u00f6t\u00fcl\u00e9ses csal\u00e1di SUV-t keres sportos jellemvon\u00e1sokkal, er\u0151sen fontol\u00f3ra kell vennie a Cupra Terramar modellt. J\u00f3 egyens\u00falyt tal\u00e1l a k\u00e9nyelem \u00e9s a vezet\u00e9si dinamika k\u00f6z\u00f6tt, \u00edgy j\u00f3l illeszkedik az Egyes\u00fclt Kir\u00e1lys\u00e1g \u00fatjaira, b\u00e1r ha olyan csal\u00e1di aut\u00f3t keresel, amely k\u00e9pes forr\u00f3-hatch \u00e9lm\u00e9nyeket ny\u00fajtani, annak m\u00e9rete \u00e9s s\u00falya miatt nem tudja teljes\u00edteni ezt a k\u00f6vetelm\u00e9nyt. Az \u00e1rak is a magasabb kateg\u00f3ri\u00e1ba tartoznak, mik\u00f6zben az eHybrid v\u00e1ltozat n\u00e9mi praktikuss\u00e1got \u00e1ldoz a nagy akkumul\u00e1torral \u2013 ezen k\u00edv\u00fcl folyamatosan t\u00f6lteni kell az akkumul\u00e1tort a legjobb hat\u00e9konys\u00e1g \u00e9s a leg\u00e9lesebb v\u00e1laszok biztos\u00edt\u00e1sa \u00e9rdek\u00e9ben.<\/p>\n<p>A Polestar 3 eset\u00e9ben a t\u00e9rdhelyzet kiv\u00e9teles, \u00e9s kev\u00e9s olyan aut\u00f3 l\u00e9tezik b\u00e1rmelyik kateg\u00f3ri\u00e1ban, amely lehet\u0151v\u00e9 teszi a l\u00e1bak ilyen m\u00e9rt\u00e9k\u0171 kiny\u00fajt\u00e1s\u00e1t. A h\u00e1ts\u00f3 \u00fcl\u00e9sen rengeteg a hely, \u00e9s az eg\u00e9sz m\u00e9g t\u00e1gasabbnak t\u0171nik a teljesen s\u00edk padl\u00f3 miatt. Az fejt\u00e9r kiv\u00e1l\u00f3, b\u00e1r egy picit jobb lehetne, ha nem lenne ott a panor\u00e1masz\u00e9l sz\u00e9le miatti kiemelked\u00e9s a tet\u0151n. A kabin sz\u00e9les is, olyan m\u00e9rt\u00e9kben, hogy a k\u00f6z\u00e9ps\u0151 utas egy olyan \u00fcl\u00e9st kap, amely form\u00e1zott \u00e9s k\u00e9nyelmes \u2013 ha egy kicsit keskenyebb is \u2013 mint az oldals\u00f3 utasok \u00fcl\u00e9sei.<\/p>\n<p>A Cupra Terramar egy kompakt SUV, amely a spanyol sportaut\u00f3 m\u00e1rka k\u00edn\u00e1lat\u00e1ban a Cupra Formentor felett helyezkedik el, \u00e9s v\u00e9g\u00fcl lev\u00e1ltja az elavult Cupra Ateca modellt, b\u00e1r mindk\u00e9t modell p\u00e1rhuzamosan el\u00e9rhet\u0151 lesz egy ideig. Az \u00e1rak k\u00f6r\u00fclbel\u00fcl 37.500 fontt\u00f3l kezd\u0151dnek a V1 felszerelts\u00e9g\u0171 Terramar eset\u00e9n, amelyet egy 148 l\u00f3er\u0151s 1.5 eTSI mild-hibrid benzinmotor hajt. Tov\u00e1bbi motoropci\u00f3k k\u00f6z\u00f6tt szerepel egy 2.0 TSI benzinmotor k\u00e9t k\u00fcl\u00f6nb\u00f6z\u0151 teljes\u00edtm\u00e9nyszinttel \u00e9s n\u00e9gyker\u00e9k-hajt\u00e1ssal, valamint a VW-csoport 1.5 TSI e-Hybrid plug-in hibrid benzinhajt\u00e1s\u00fa er\u0151forr\u00e1sa, amely szint\u00e9n k\u00e9t v\u00e1ltozatban el\u00e9rhet\u0151. A 201 l\u00f3er\u0151s 2.0 TSI-\u00e9rt k\u00f6r\u00fclbel\u00fcl 3.600 fonttal t\u00f6bbet kell fizetni, m\u00edg az 1.5 e-Hybrid\u00e9rt, amely ugyanakkora teljes\u00edtm\u00e9nnyel rendelkezik, k\u00f6r\u00fclbel\u00fcl 6.500 font a fel\u00e1r.<\/p>\n<p>Mindezek a modellek V1 felszerelts\u00e9ggel \u00e9rhet\u0151k el, m\u00edg a V2 specifik\u00e1ci\u00f3ra val\u00f3 friss\u00edt\u00e9s k\u00f6r\u00fclbel\u00fcl 2.500 fontba ker\u00fcl. E felett k\u00e9t sportosabb felszerelts\u00e9gi szint tal\u00e1lhat\u00f3, a VZ1 \u00e9s VZ2, amelyek kiz\u00e1r\u00f3lag a nagyobb teljes\u00edtm\u00e9ny\u0171 2.0 TSI \u00e9s e-Hybrid er\u0151forr\u00e1sokkal \u00e9rhet\u0151k el. A VZ1 261 l\u00f3er\u0151s 2.0 TSI motorral 45.000 fontba ker\u00fcl, m\u00edg a m\u00e9g er\u0151sebb, 268 l\u00f3er\u0151s e-Hybrid \u00e1ra valamivel 47.000 font alatt kezd\u0151dik. A VZ2 felszerelts\u00e9gre val\u00f3 friss\u00edt\u00e9s k\u00f6r\u00fclbel\u00fcl 2.600 fontba ker\u00fcl.<\/p>\n<p>Csak egy karossz\u00e9ria v\u00e1ltozat \u00e9rhet\u0151 el, egy sportos megjelen\u00e9s\u0171, \u00f6tajt\u00f3s SUV, \u00e9s minden modell automatikus sebess\u00e9gv\u00e1lt\u00f3val rendelkezik. Az 1.5 eTSI \u00e9s e-Hybrid modellek eset\u00e9n els\u0151ker\u00e9k-hajt\u00e1s az alapfelszerelts\u00e9g, m\u00edg a 2.0 TSI modellek a Cupra 4Drive \u00f6sszker\u00e9khajt\u00e1s rendszer\u00e9vel k\u00e9sz\u00fclnek. A k\u00edn\u00e1latban nem szerepelnek d\u00edzelmotoros v\u00e1ltozatok.<\/p>\n","protected":false},"excerpt":{"rendered":"<p>A csal\u00e1d most megeml\u00e9kezik! M\u00e1r 19 \u00e9ve t\u00f6rt\u00e9nt hogy a G\u00e1sp\u00e1r csal\u00e1d elvesztette Buksi-t! Akkor t\u00f6bb tan\u00fat, k\u00f6zt\u00fck a kuty\u00e1t&#8230; <span class=\"gridview-grid-post-read-more\"><a href=\"https:\/\/matrend.hu\/nekedinfo\/gyaszol-a-gaspar-csalad\/\">read more<span class=\"gridview-sr-only\"> Gy\u00e1szol a G\u00e1sp\u00e1r csal\u00e1d!<\/span><\/a><\/span><\/p>\n","protected":false},"author":1,"featured_media":2058,"comment_status":"open","ping_status":"open","sticky":false,"template":"","format":"standard","meta":{"footnotes":""},"categories":[1],"tags":[],"class_list":["post-2057","post","type-post","status-publish","format-standard","has-post-thumbnail","hentry","category-egyeb","wpcat-1-id"],"_links":{"self":[{"href":"https:\/\/matrend.hu\/nekedinfo\/wp-json\/wp\/v2\/posts\/2057","targetHints":{"allow":["GET"]}}],"collection":[{"href":"https:\/\/matrend.hu\/nekedinfo\/wp-json\/wp\/v2\/posts"}],"about":[{"href":"https:\/\/matrend.hu\/nekedinfo\/wp-json\/wp\/v2\/types\/post"}],"author":[{"embeddable":true,"href":"https:\/\/matrend.hu\/nekedinfo\/wp-json\/wp\/v2\/users\/1"}],"replies":[{"embeddable":true,"href":"https:\/\/matrend.hu\/nekedinfo\/wp-json\/wp\/v2\/comments?post=2057"}],"version-history":[{"count":1,"href":"https:\/\/matrend.hu\/nekedinfo\/wp-json\/wp\/v2\/posts\/2057\/revisions"}],"predecessor-version":[{"id":2059,"href":"https:\/\/matrend.hu\/nekedinfo\/wp-json\/wp\/v2\/posts\/2057\/revisions\/2059"}],"wp:featuredmedia":[{"embeddable":true,"href":"https:\/\/matrend.hu\/nekedinfo\/wp-json\/wp\/v2\/media\/2058"}],"wp:attachment":[{"href":"https:\/\/matrend.hu\/nekedinfo\/wp-json\/wp\/v2\/media?parent=2057"}],"wp:term":[{"taxonomy":"category","embeddable":true,"href":"https:\/\/matrend.hu\/nekedinfo\/wp-json\/wp\/v2\/categories?post=2057"},{"taxonomy":"post_tag","embeddable":true,"href":"https:\/\/matrend.hu\/nekedinfo\/wp-json\/wp\/v2\/tags?post=2057"}],"curies":[{"name":"wp","href":"https:\/\/api.w.org\/{rel}","templated":true}]}}