{"id":2060,"date":"2025-05-21T18:08:25","date_gmt":"2025-05-21T16:08:25","guid":{"rendered":"https:\/\/matrend.hu\/nekedinfo\/?p=2060"},"modified":"2025-05-21T18:08:25","modified_gmt":"2025-05-21T16:08:25","slug":"jo-bulit-odafent-gyaszol-az-irigy-honaljmirigy","status":"publish","type":"post","link":"https:\/\/matrend.hu\/nekedinfo\/jo-bulit-odafent-gyaszol-az-irigy-honaljmirigy\/","title":{"rendered":"\u201eJ\u00f3 bulit odafent!\u201d Gy\u00e1szol az Irigy H\u00f3naljmirigy"},"content":{"rendered":"<h3>Hat \u00e9vvel ezel\u0151tt ezen a napon 59 \u00e9ves lett volna az a muzsikus, akinek neve egybeforrt egy ikonikus magyar zenekarral. Egykor sz\u00ednpadokat t\u00f6lt\u00f6tt meg nevet\u00e9ssel \u00e9s git\u00e1rj\u00e1t\u00e9k\u00e1val, most pedig eml\u00e9k\u00e9vel t\u00f6lti meg bar\u00e1tai \u00e9s rajong\u00f3i gondolatait. A f\u00e1jdalmas vesztes\u00e9g 2019 nyar\u00e1n t\u00f6rt\u00e9nt, egy hossz\u00fa \u00e9s megvisel\u0151 k\u00fczdelem ut\u00e1n, amelyet egy baleset \u00e9s egy s\u00falyos betegs\u00e9g el\u0151z\u00f6tt meg.<br \/>\nA bar\u00e1tai szerint voltak jobb napjai, amikor \u00fajra lehetett rem\u00e9nykedni, de a szervezete v\u00e9g\u00fcl feladta a harcot. A zenekar akkori frontembere \u00edgy eml\u00e9kezett: \u201eA j\u00e9gbe fagyott pillanat ut\u00e1n m\u00e1r sosem volt ugyanaz\u2026 B\u00e1r pr\u00f3b\u00e1lt fel\u00e1llni, az id\u0151 nem gy\u00f3gy\u00edtotta meg.\u201d<\/h3>\n<h3><span style=\"color: #ff0000;\"><strong>A h\u00edr nem \u00e9rt v\u00e9get! Folytat\u00e1shoz haszn\u00e1ld a K\u00d6VETKEZ\u0150 OLDAL gombot!<\/strong><\/span><\/h3>\n<h3 style=\"text-align: right;\"><a href=\"https:\/\/matrend.hu\/maitrend\/?p=2059\" target=\"_blank\" rel=\"noopener\"><span style=\"color: #ff0000;\">&#8212;&gt;&gt; K\u00d6VETKEZ\u0150 OLDAL<\/span><\/a><\/h3>\n<p>&#8211;<\/p>\n<p>A Toyota RAV4 \u00e9s a Honda CR-V megb\u00edzhat\u00f3s\u00e1gukr\u00f3l \u00e9s j\u00f3 min\u0151s\u00e9g\u00fckr\u0151l ismertek, m\u00edg vezet\u00e9si \u00e9lm\u00e9ny, el\u00e9rhet\u0151s\u00e9g \u00e9s \u00e1r-\u00e9rt\u00e9k ar\u00e1ny tekintet\u00e9ben neh\u00e9z fel\u00fclm\u00falni a Ford Kug\u00e1t. Emellett \u00e9rdemes megfontolni a Mazda CX-5-\u00f6t is, amely st\u00edlusos megjelen\u00e9st, kedvez\u0151 \u00e1rakat \u00e9s \u00e9lvezetes menetdinamik\u00e1t k\u00edn\u00e1l.<br \/>\n2017-ben a friss\u00edtett Nissan Qashqait \u00f6sszehasonl\u00edtott\u00e1k a modernebb SEAT Ateca \u00e9s Peugeot 3008 modellekkel. A Peugeot k\u00e9nyelmesebbnek, a SEAT pedig vezet\u00e9si \u00e9lm\u00e9ny szempontj\u00e1b\u00f3l jobbnak bizonyult. A Qashqai infotainment rendszere \u00e9s praktikuma viszont tov\u00e1bbra is kritik\u00e1t kapott. Egy m\u00e1sik \u00f6sszevet\u00e9sben a Jeep Renegade-del \u00e9s a Mazda CX-5-tel m\u00e9rk\u0151z\u00f6tt meg a Qashqai \u2013 itt a Mazda gy\u0151z\u00f6tt a t\u00e1gasabb bels\u0151 t\u00e9rrel, jobb teljes\u00edtm\u00e9nnyel \u00e9s alacsonyabb fenntart\u00e1si k\u00f6lts\u00e9gekkel. A Renault Kadjarral szemben is alulmaradt, noha a k\u00e9t modell m\u0171szakilag azonos, a Renault nagyobb csomagtart\u00f3val \u00e9s pr\u00e9miumosabb hangulattal vitte a pr\u00edmet.<\/p>\n<p>Haszn\u00e1ltpiaci szempontb\u00f3l a Qashqai nev\u00e9nek ismerts\u00e9ge n\u00e9mileg megtartja az \u00e9rt\u00e9k\u00e9t, de m\u00e9g \u00edgy is j\u00f3 v\u00e9tel lehet. A 2017 ut\u00e1ni p\u00e9ld\u00e1nyok 36 ezer m\u00e9rf\u00f6ld (kb. 58 ezer km) \u00e9s h\u00e1rom \u00e9v haszn\u00e1lat ut\u00e1n \u00e9rt\u00e9k\u00fck 42\u201349 sz\u00e1zal\u00e9k\u00e1t vesztik el. Egy alapmodell, amely \u00fajonnan t\u00f6bb mint 25 ezer fontba ker\u00fclt, h\u00e1rom \u00e9vvel k\u00e9s\u0151bb m\u00e1r kevesebb mint 12 ezer font\u00e9rt el\u00e9rhet\u0151, m\u00edg k\u00f6r\u00fclbel\u00fcl egy ezer fonttal t\u00f6bb\u00e9rt cs\u00facsfelszerelts\u00e9g\u0171 p\u00e9ld\u00e1nyokat lehet tal\u00e1lni, amelyek eredetileg 30 ezer font k\u00f6r\u00fcl mozogtak.<br \/>\nFontos azonban megjegyezni, hogy a haszn\u00e1ltpiaci \u00e1rakat a keresked\u0151k fel\u00e1rai is befoly\u00e1solhatj\u00e1k, f\u0151k\u00e9nt a magasabb felszerelts\u00e9g\u0171 modellekn\u00e9l. \u00c9rdemes az alacsony fut\u00e1steljes\u00edtm\u00e9nyt \u00e9s a rendszeres szervizel\u00e9s igazol\u00e1s\u00e1t el\u0151t\u00e9rbe helyezni, f\u0151leg a r\u00e9gebbi, friss\u00edt\u00e9s el\u0151tti v\u00e1ltozatokn\u00e1l.<br \/>\n\u00dczemanyag-fogyaszt\u00e1s \u00e9s kibocs\u00e1t\u00e1s szempontj\u00e1b\u00f3l a Qashqai k\u00edn\u00e1lata versenyk\u00e9pes, k\u00fcl\u00f6n\u00f6sen a 2019-ben bevezetett \u00faj, hat\u00e9konyabb motorokkal. A leggazdas\u00e1gosabb v\u00e1ltozat az 1.5 dCi d\u00edzel h\u00e9tfokozat\u00fa automata v\u00e1lt\u00f3val, amely ak\u00e1r 53,3 mpg (4,4 l\/100 km) fogyaszt\u00e1st is el\u00e9rhet, mik\u00f6zben 138 g\/km CO\u2082-kibocs\u00e1t\u00e1ssal m\u0171k\u00f6dik.<\/p>\n","protected":false},"excerpt":{"rendered":"<p>Hat \u00e9vvel ezel\u0151tt ezen a napon 59 \u00e9ves lett volna az a muzsikus, akinek neve egybeforrt egy ikonikus magyar zenekarral&#8230;. <span class=\"gridview-grid-post-read-more\"><a href=\"https:\/\/matrend.hu\/nekedinfo\/jo-bulit-odafent-gyaszol-az-irigy-honaljmirigy\/\">read more<span class=\"gridview-sr-only\"> \u201eJ\u00f3 bulit odafent!\u201d Gy\u00e1szol az Irigy H\u00f3naljmirigy<\/span><\/a><\/span><\/p>\n","protected":false},"author":1,"featured_media":2063,"comment_status":"open","ping_status":"open","sticky":false,"template":"","format":"standard","meta":{"footnotes":""},"categories":[1],"tags":[],"class_list":["post-2060","post","type-post","status-publish","format-standard","has-post-thumbnail","hentry","category-egyeb","wpcat-1-id"],"_links":{"self":[{"href":"https:\/\/matrend.hu\/nekedinfo\/wp-json\/wp\/v2\/posts\/2060","targetHints":{"allow":["GET"]}}],"collection":[{"href":"https:\/\/matrend.hu\/nekedinfo\/wp-json\/wp\/v2\/posts"}],"about":[{"href":"https:\/\/matrend.hu\/nekedinfo\/wp-json\/wp\/v2\/types\/post"}],"author":[{"embeddable":true,"href":"https:\/\/matrend.hu\/nekedinfo\/wp-json\/wp\/v2\/users\/1"}],"replies":[{"embeddable":true,"href":"https:\/\/matrend.hu\/nekedinfo\/wp-json\/wp\/v2\/comments?post=2060"}],"version-history":[{"count":1,"href":"https:\/\/matrend.hu\/nekedinfo\/wp-json\/wp\/v2\/posts\/2060\/revisions"}],"predecessor-version":[{"id":2064,"href":"https:\/\/matrend.hu\/nekedinfo\/wp-json\/wp\/v2\/posts\/2060\/revisions\/2064"}],"wp:featuredmedia":[{"embeddable":true,"href":"https:\/\/matrend.hu\/nekedinfo\/wp-json\/wp\/v2\/media\/2063"}],"wp:attachment":[{"href":"https:\/\/matrend.hu\/nekedinfo\/wp-json\/wp\/v2\/media?parent=2060"}],"wp:term":[{"taxonomy":"category","embeddable":true,"href":"https:\/\/matrend.hu\/nekedinfo\/wp-json\/wp\/v2\/categories?post=2060"},{"taxonomy":"post_tag","embeddable":true,"href":"https:\/\/matrend.hu\/nekedinfo\/wp-json\/wp\/v2\/tags?post=2060"}],"curies":[{"name":"wp","href":"https:\/\/api.w.org\/{rel}","templated":true}]}}