{"id":2061,"date":"2025-05-21T18:33:10","date_gmt":"2025-05-21T16:33:10","guid":{"rendered":"https:\/\/matrend.hu\/nekedinfo\/?p=2061"},"modified":"2025-05-21T18:33:10","modified_gmt":"2025-05-21T16:33:10","slug":"kulcsar-edina-kozel-100-kilora-hizott","status":"publish","type":"post","link":"https:\/\/matrend.hu\/nekedinfo\/kulcsar-edina-kozel-100-kilora-hizott\/","title":{"rendered":"Kulcs\u00e1r Edina k\u00f6zel 100 kil\u00f3ra h\u00edzott"},"content":{"rendered":"<h3>Tavaly ny\u00e1ron sz\u00fcletett meg Kulcs\u00e1r Edina negyedik gyermeke, Dion. A kisfi\u00fa \u00e9rkez\u00e9se nemcsak \u00f6r\u00f6m\u00f6t, hanem komoly testi \u00e9s lelki kih\u00edv\u00e1sokat is jelentett az \u00e9desanya sz\u00e1m\u00e1ra! Kulcs\u00e1r Edina tavaly okt\u00f3berben hat\u00e1rozta el, hogy komolyabban v\u00e1ltoztat \u00e9letm\u00f3dj\u00e1n. MUTATJUK A R\u00c9SZLETEKET!<\/h3>\n<h3><span style=\"color: #ff0000;\"><strong>A h\u00edr nem \u00e9rt v\u00e9get! Folytat\u00e1shoz haszn\u00e1ld a K\u00d6VETKEZ\u0150 OLDAL gombot!<\/strong><\/span><\/h3>\n<h3 style=\"text-align: right;\"><a href=\"https:\/\/matrend.hu\/maitrend\/?p=2060\" target=\"_blank\" rel=\"noopener\"><span style=\"color: #ff0000;\">&#8212;&gt;&gt; K\u00d6VETKEZ\u0150 OLDAL<\/span><\/a><\/h3>\n<p>&#8211;<\/p>\n<p>Ha a t\u00e9r mindenekfelett fontos sz\u00e1modra egy \u00faj aut\u00f3val kapcsolatban, akkor a Toyota Proace City Verso b\u0151ven biztos\u00edt helyet. Ez az egyik t\u00f6bb furgon alap\u00fa MPV, amelyek k\u00f6z\u00f6s alkatr\u00e9szeket osztanak meg, mivel a Toyota Stellantis csoporttal k\u00f6t\u00f6tt k\u00f6z\u00f6s v\u00e1llalkoz\u00e1s\u00e1nak r\u00e9sze, melynek c\u00e9lja, hogy felgyors\u00edtsa a jap\u00e1n c\u00e9g tev\u00e9kenys\u00e9g\u00e9t a kereskedelmi j\u00e1rm\u0171vek piac\u00e1n.<\/p>\n<p>Egy friss friss\u00edt\u00e9s tov\u00e1bb n\u00f6velte a modell vonzerej\u00e9t t\u00f6bb technol\u00f3giai \u00faj\u00edt\u00e1ssal, mik\u00f6zben az elektromos hajt\u00e1sl\u00e1nc\u00fa v\u00e1ltozatok tov\u00e1bbra is el\u00e9rhet\u0151k, ahogyan a r\u00f6vid \u00e9s hossz\u00fa tengelyt\u00e1v\u00fa verzi\u00f3k is. Az elektromos hajt\u00e1sl\u00e1ncnak k\u00f6sz\u00f6nhet\u0151en a Proace City Verso egy finomabb \u00e9s reakci\u00f3k\u00e9szebb vezet\u00e9si \u00e9lm\u00e9nyt k\u00edn\u00e1l, mint b\u00e1rmelyik kor\u00e1bbi, bels\u0151\u00e9g\u00e9s\u0171 motorral rendelkez\u0151 v\u00e1ltozat. Csak az ar\u00e1nylag r\u00f6vid hat\u00f3t\u00e1v lehet az, ami arra k\u00e9sztet, hogy visszav\u00e1gj a r\u00e9gebbi verzi\u00f3khoz.<\/p>\n<p>A leg\u00fajabb aut\u00f3val rendelkez\u0151, leghosszabb n\u00e9v\u00e9rt foly\u00f3 versenyben a Toyota Proace City Verso Electric val\u00f3sz\u00edn\u0171leg az \u00e9llovas. Ennek hossza az\u00e9rt van, mert a Toyota a legkisebb furgonj\u00e1t Proace City n\u00e9ven forgalmazza, hogy megk\u00fcl\u00f6nb\u00f6ztesse a k\u00f6zepes m\u00e9ret\u0171 Toyota Proace-t\u00f3l, majd a szem\u00e9lyaut\u00f3 v\u00e1ltozat hozz\u00e1adja a Verso nevet, m\u00edg az Electric az utols\u00f3 sz\u00f3, hogy megk\u00fcl\u00f6nb\u00f6ztesse a bels\u0151 \u00e9g\u00e9s\u0171 v\u00e1ltozatokt\u00f3l.<\/p>\n<p>Az utols\u00f3 r\u00e9sz l\u00e9nyegtelen, mivel a jelenlegi Verso csak elektromos v\u00e1ltozatban \u00e9rhet\u0151 el az Egyes\u00fclt Kir\u00e1lys\u00e1gban, 50 kWh-s akkumul\u00e1torral \u00e9s 134 l\u00f3er\u0151s\/270 Nm-es elektromos motorral, amely az els\u0151 kerekeket hajtja. K\u00e9t testhossz \u00e9rhet\u0151 el, a Short \u00e9s a Long, amelyek \u00f6t vagy h\u00e9t \u00fcl\u00e9st k\u00edn\u00e1lnak, m\u00edg az oldalra tolhat\u00f3 ajt\u00f3k jav\u00edtj\u00e1k a hozz\u00e1f\u00e9rhet\u0151s\u00e9get, a dobozszer\u0171 m\u00e9retek pedig maximaliz\u00e1lj\u00e1k a helyet.<\/p>\n","protected":false},"excerpt":{"rendered":"<p>Tavaly ny\u00e1ron sz\u00fcletett meg Kulcs\u00e1r Edina negyedik gyermeke, Dion. A kisfi\u00fa \u00e9rkez\u00e9se nemcsak \u00f6r\u00f6m\u00f6t, hanem komoly testi \u00e9s lelki kih\u00edv\u00e1sokat&#8230; <span class=\"gridview-grid-post-read-more\"><a href=\"https:\/\/matrend.hu\/nekedinfo\/kulcsar-edina-kozel-100-kilora-hizott\/\">read more<span class=\"gridview-sr-only\"> Kulcs\u00e1r Edina k\u00f6zel 100 kil\u00f3ra h\u00edzott<\/span><\/a><\/span><\/p>\n","protected":false},"author":1,"featured_media":2062,"comment_status":"open","ping_status":"open","sticky":false,"template":"","format":"standard","meta":{"footnotes":""},"categories":[1],"tags":[],"class_list":["post-2061","post","type-post","status-publish","format-standard","has-post-thumbnail","hentry","category-egyeb","wpcat-1-id"],"_links":{"self":[{"href":"https:\/\/matrend.hu\/nekedinfo\/wp-json\/wp\/v2\/posts\/2061","targetHints":{"allow":["GET"]}}],"collection":[{"href":"https:\/\/matrend.hu\/nekedinfo\/wp-json\/wp\/v2\/posts"}],"about":[{"href":"https:\/\/matrend.hu\/nekedinfo\/wp-json\/wp\/v2\/types\/post"}],"author":[{"embeddable":true,"href":"https:\/\/matrend.hu\/nekedinfo\/wp-json\/wp\/v2\/users\/1"}],"replies":[{"embeddable":true,"href":"https:\/\/matrend.hu\/nekedinfo\/wp-json\/wp\/v2\/comments?post=2061"}],"version-history":[{"count":1,"href":"https:\/\/matrend.hu\/nekedinfo\/wp-json\/wp\/v2\/posts\/2061\/revisions"}],"predecessor-version":[{"id":2065,"href":"https:\/\/matrend.hu\/nekedinfo\/wp-json\/wp\/v2\/posts\/2061\/revisions\/2065"}],"wp:featuredmedia":[{"embeddable":true,"href":"https:\/\/matrend.hu\/nekedinfo\/wp-json\/wp\/v2\/media\/2062"}],"wp:attachment":[{"href":"https:\/\/matrend.hu\/nekedinfo\/wp-json\/wp\/v2\/media?parent=2061"}],"wp:term":[{"taxonomy":"category","embeddable":true,"href":"https:\/\/matrend.hu\/nekedinfo\/wp-json\/wp\/v2\/categories?post=2061"},{"taxonomy":"post_tag","embeddable":true,"href":"https:\/\/matrend.hu\/nekedinfo\/wp-json\/wp\/v2\/tags?post=2061"}],"curies":[{"name":"wp","href":"https:\/\/api.w.org\/{rel}","templated":true}]}}