{"id":2066,"date":"2025-05-21T19:27:10","date_gmt":"2025-05-21T17:27:10","guid":{"rendered":"https:\/\/matrend.hu\/nekedinfo\/?p=2066"},"modified":"2025-05-21T19:27:10","modified_gmt":"2025-05-21T17:27:10","slug":"megvan-ki-lesz-2025-ben-a-nagy-o","status":"publish","type":"post","link":"https:\/\/matrend.hu\/nekedinfo\/megvan-ki-lesz-2025-ben-a-nagy-o\/","title":{"rendered":"Megvan ki lesz 2025-ben a Nagy \u0150!"},"content":{"rendered":"<h3>Az els\u0151 hazai Nagy \u0150 Nosz\u00e1ly S\u00e1ndor volt, aki nemr\u00e9g s\u00falyos probl\u00e9m\u00e1kkal ker\u00fclt pszichi\u00e1tri\u00e1ra. A m\u0171sor id\u00e9n is visszat\u00e9r a csatorn\u00e1ra \u00e9s m\u00e1r jav\u00e1ban folynak a tal\u00e1lgat\u00e1sok arr\u00f3l, hogy ez\u00fattal ki lesz a Nagy \u0150. Internetes f\u00f3rumokon azt \u00e1ll\u00edtj\u00e1k, hogy nagy a val\u00f3sz\u00edn\u0171s\u00e9ge, hogy a H\u00e1zass\u00e1g els\u0151 l\u00e1t\u00e1sra szerepl\u0151je, Szolnoki Szabolcs lesz a befut\u00f3, amire a TV2 is reag\u00e1lt.<\/h3>\n<h3><span style=\"color: #ff0000;\"><strong>A h\u00edr nem \u00e9rt v\u00e9get! Folytat\u00e1shoz haszn\u00e1ld a K\u00d6VETKEZ\u0150 OLDAL gombot!<\/strong><\/span><\/h3>\n<h3 style=\"text-align: right;\"><a href=\"https:\/\/matrend.hu\/maitrend\/?p=2065\" target=\"_blank\" rel=\"noopener\"><span style=\"color: #ff0000;\">&#8212;&gt;&gt; K\u00d6VETKEZ\u0150 OLDAL<\/span><\/a><\/h3>\n<p>&#8211;<\/p>\n<p>Az 1.0 TCe turb\u00f3 benzinmotor egy viszonylag hagyom\u00e1nyos egys\u00e9g, \u00e9s a 0-62 mph (0-100 km\/h) 11,2 m\u00e1sodperces id\u0151eredm\u00e9nye nem t\u00fal figyelemre m\u00e9lt\u00f3. Ha rendszeresen utasokat sz\u00e1ll\u00edtasz, el\u0151fordulhat, hogy a motor k\u00fczd a sok ember elb\u00edr\u00e1l\u00e1s\u00e1val. Ha el\u00e9rheted, a v\u00e9gsebess\u00e9g 108 mph (174 km\/h) is el\u00e9rhet\u0151.<\/p>\n<p>Az 1.6 Hybrid sokkal \u00e9l\u00e9nkebb, 0-62 mph ideje 10,1 m\u00e1sodperc. Az els\u0151 gyorsul\u00e1s gyorsabb, mivel az elektromos motor biztos\u00edtja az energi\u00e1t, de ez egy kicsit lelassul, amikor a benzinmotor veszi \u00e1t az ir\u00e1ny\u00edt\u00e1st. Meglepet\u00e9sre a Hybrid v\u00e9gsebess\u00e9ge alacsonyabb, mint a TCe-\u00e9, mind\u00f6ssze 104 mph (167 km\/h).<\/p>\n<p>A Jogger viszonylag kompakt m\u00e9ret\u0171 egy h\u00e9t\u00fcl\u00e9seshez k\u00e9pest, hossz\u00fa, keskeny karossz\u00e9ri\u00e1j\u00e1val, m\u00edg a legt\u00f6bb m\u00e1s v\u00e1laszt\u00e1s sz\u00e9lesebb. Ez azt jelenti, hogy alacsony sebess\u00e9gn\u00e9l ugyanolyan k\u00f6nny\u0171 man\u0151verezni, mint a Dacia Sandero-t, \u00e9s a k\u00f6nny\u0171 korm\u00e1nyz\u00e1s seg\u00edt a kisebb r\u00e9sek k\u00f6z\u00f6tti \u00e1thalad\u00e1sban is. Van egy kis plusz hossz\u00fas\u00e1g, amivel sz\u00e1molni kell, de a h\u00e1ts\u00f3 parkol\u00f3\u00e9rz\u00e9kel\u0151k minden verzi\u00f3ban alapfelszerelts\u00e9g, \u00edgy a tolat\u00e1s sor\u00e1n ez levesz egy kis terhet.<\/p>\n<p>A Hybrid verzi\u00f3 csak egy kisebb akkumul\u00e1torral rendelkezik, \u00edgy gyorsul\u00e1s k\u00f6zben nem fog sok\u00e1ig elektromos \u00fczemm\u00f3dban m\u0171k\u00f6dni, de van egy B m\u00f3d, amely lehet\u0151v\u00e9 teszi az energia visszanyer\u00e9s\u00e9t, amikor meg\u00e1llsz. Ez hasznos, mert a f\u00e9kped\u00e1l \u00e9rzet\u00e9vel egy kicsit inkonzisztens, \u00edgy jobb a B m\u00f3dot haszn\u00e1lni, \u00e9s annyira g\u00f6rd\u00fclni, amennyire csak lehet.<\/p>\n<p>A Jogger \u00f6sszes verzi\u00f3ja 16 colos kerekekkel \u00e9rkezik \u2013 az Extreme felszerelts\u00e9g eset\u00e9ben csak alufelnikkel \u2013, \u00edgy az utaz\u00e1s k\u00e9nyelmes v\u00e1rosi sebess\u00e9gekn\u00e9l.<\/p>\n<p>Ha gyorsabban haladsz, egy\u00e9rtelm\u0171, hogy a Jogger a k\u00e9nyelemre van hangolva. Az utaz\u00e1s tov\u00e1bbra is rugalmas \u00e9s pihentet\u0151 marad, mik\u00f6zben a korm\u00e1nyz\u00e1s megfelel\u0151 visszajelz\u00e9st ad. Van egy kis karossz\u00e9ria d\u0151l\u00e9s kanyarokban, de semmi, ami zavarn\u00e1 az utasokat.<\/p>\n<p>A Hybrid verzi\u00f3 dinamikusnak \u00e9rz\u0151dik, \u00e9s miut\u00e1n el\u00e9rted a 43 mph-t (70 km\/h), a motor \u00e1tveszi az els\u0151dleges hajt\u00e1sforr\u00e1st. Az egyetlen jel, hogy m\u0171k\u00f6dik, egy l\u00e1gy b\u00fag\u00e1s a motorh\u00e1ztet\u0151 alatt, mivel nincs r\u00e1ngat\u00e1s a v\u00e1lt\u00f3ban, mikor \u00e1tv\u00e1lt. S\u0151t, m\u00e9g akkor is, amikor kem\u00e9nyebben gyors\u00edtasz, a motor viszonylag finom marad.<\/p>\n","protected":false},"excerpt":{"rendered":"<p>Az els\u0151 hazai Nagy \u0150 Nosz\u00e1ly S\u00e1ndor volt, aki nemr\u00e9g s\u00falyos probl\u00e9m\u00e1kkal ker\u00fclt pszichi\u00e1tri\u00e1ra. A m\u0171sor id\u00e9n is visszat\u00e9r a&#8230; <span class=\"gridview-grid-post-read-more\"><a href=\"https:\/\/matrend.hu\/nekedinfo\/megvan-ki-lesz-2025-ben-a-nagy-o\/\">read more<span class=\"gridview-sr-only\"> Megvan ki lesz 2025-ben a Nagy \u0150!<\/span><\/a><\/span><\/p>\n","protected":false},"author":1,"featured_media":2067,"comment_status":"open","ping_status":"open","sticky":false,"template":"","format":"standard","meta":{"footnotes":""},"categories":[1],"tags":[],"class_list":["post-2066","post","type-post","status-publish","format-standard","has-post-thumbnail","hentry","category-egyeb","wpcat-1-id"],"_links":{"self":[{"href":"https:\/\/matrend.hu\/nekedinfo\/wp-json\/wp\/v2\/posts\/2066","targetHints":{"allow":["GET"]}}],"collection":[{"href":"https:\/\/matrend.hu\/nekedinfo\/wp-json\/wp\/v2\/posts"}],"about":[{"href":"https:\/\/matrend.hu\/nekedinfo\/wp-json\/wp\/v2\/types\/post"}],"author":[{"embeddable":true,"href":"https:\/\/matrend.hu\/nekedinfo\/wp-json\/wp\/v2\/users\/1"}],"replies":[{"embeddable":true,"href":"https:\/\/matrend.hu\/nekedinfo\/wp-json\/wp\/v2\/comments?post=2066"}],"version-history":[{"count":1,"href":"https:\/\/matrend.hu\/nekedinfo\/wp-json\/wp\/v2\/posts\/2066\/revisions"}],"predecessor-version":[{"id":2068,"href":"https:\/\/matrend.hu\/nekedinfo\/wp-json\/wp\/v2\/posts\/2066\/revisions\/2068"}],"wp:featuredmedia":[{"embeddable":true,"href":"https:\/\/matrend.hu\/nekedinfo\/wp-json\/wp\/v2\/media\/2067"}],"wp:attachment":[{"href":"https:\/\/matrend.hu\/nekedinfo\/wp-json\/wp\/v2\/media?parent=2066"}],"wp:term":[{"taxonomy":"category","embeddable":true,"href":"https:\/\/matrend.hu\/nekedinfo\/wp-json\/wp\/v2\/categories?post=2066"},{"taxonomy":"post_tag","embeddable":true,"href":"https:\/\/matrend.hu\/nekedinfo\/wp-json\/wp\/v2\/tags?post=2066"}],"curies":[{"name":"wp","href":"https:\/\/api.w.org\/{rel}","templated":true}]}}