{"id":2069,"date":"2025-05-22T15:37:00","date_gmt":"2025-05-22T13:37:00","guid":{"rendered":"https:\/\/matrend.hu\/nekedinfo\/?p=2069"},"modified":"2025-05-22T15:37:00","modified_gmt":"2025-05-22T13:37:00","slug":"140-ezerrel-tobb-nyugdijat-kap-aki-vallalja-ezt","status":"publish","type":"post","link":"https:\/\/matrend.hu\/nekedinfo\/140-ezerrel-tobb-nyugdijat-kap-aki-vallalja-ezt\/","title":{"rendered":"140 ezerrel t\u00f6bb nyugd\u00edjat kap, aki v\u00e1llalja ezt"},"content":{"rendered":"<h3>Egy haz\u00e1nkhoz k\u00f6zeli telep\u00fcl\u00e9sen m\u00e1r be is vezettek egy ilyen programot: azoknak a nyugd\u00edjasoknak, akik napk\u00f6zben v\u00e1llalj\u00e1k az unok\u00e1ik fel\u00fcgyelet\u00e9t, havonta t\u00f6bb sz\u00e1z eur\u00f3s juttat\u00e1s j\u00e1r. A projekt c\u00e9lja kett\u0151s: enyh\u00edteni az \u00f3vod\u00e1k leterhelts\u00e9g\u00e9t, \u00e9s k\u00f6zelebb hozni a gener\u00e1ci\u00f3kat. A v\u00e1rosban t\u00f6bb mint sz\u00e1z gyerek nem jutott be az int\u00e9zm\u00e9nyekbe, \u00edgy a tavaszi indul\u00e1skor m\u00e1r k\u00f6zel harminc csal\u00e1d \u00e9lt az \u00faj lehet\u0151s\u00e9ggel. A skandin\u00e1v szeml\u00e9let\u0171 kezdem\u00e9nyez\u00e9s nemcsak a gyerekeknek ad biztons\u00e1got, hanem az id\u0151seknek is \u00faj szerepet az \u00e9let\u00fckben \u2013 ez pedig egy Horv\u00e1torsz\u00e1gban zajl\u00f3 val\u00f3di t\u00f6rt\u00e9net.<br \/>\n\u00cdGY M\u0170K\u00d6DIK:<\/h3>\n<h3><span style=\"color: #ff0000;\"><strong>A h\u00edr nem \u00e9rt v\u00e9get! Folytat\u00e1shoz haszn\u00e1ld a K\u00d6VETKEZ\u0150 OLDAL gombot!<\/strong><\/span><\/h3>\n<h3 style=\"text-align: right;\"><a href=\"https:\/\/matrend.hu\/maitrend\/?p=2068\" target=\"_blank\" rel=\"noopener\"><span style=\"color: #ff0000;\">&#8212;&gt;&gt; K\u00d6VETKEZ\u0150 OLDAL<\/span><\/a><\/h3>\n<p>&#8211;<\/p>\n<p>A hatfokozat\u00fa automata v\u00e1lt\u00f3 kiss\u00e9 elavultnak t\u0171nhet a riv\u00e1lisok nyolc- vagy kilencfokozat\u00fa automat\u00e1ihoz k\u00e9pest, de a 2,2 literes CRDi d\u00edzelmotor 194 l\u00f3er\u0151s teljes\u00edtm\u00e9nye \u00e9s 436 Nm nyomat\u00e9ka bizony\u00edtja, hogy nem felt\u00e9tlen\u00fcl van sz\u00fcks\u00e9g sok fokozatra a j\u00f3 teljes\u00edtm\u00e9nyhez.<br \/>\nK\u00e9zi v\u00e1lt\u00f3val felszerelve a Santa Fe 0-r\u00f3l 100 km\/\u00f3r\u00e1ra 9,8 m\u00e1sodperc alatt gyorsul fel, ami meglep\u0151en dinamikus.<br \/>\nAlacsony sebess\u00e9gn\u00e9l a felf\u00fcggeszt\u00e9s j\u00f3l kisim\u00edtja az \u00fathib\u00e1kat, de nagyobb temp\u00f3n\u00e1l az aut\u00f3 bele\u00fctk\u00f6zik a nagyobb bukkan\u00f3kba, \u00e9s ezek a r\u00e1zk\u00f3d\u00e1sok eljutnak az utast\u00e9rbe is. Hull\u00e1mosabb \u00fatfel\u00fcleteken a Hyundai haj\u00f3k\u00e9nt billeg, \u00e9s a l\u00e1gy felf\u00fcggeszt\u00e9s miatt kanyarod\u00e1skor jelent\u0151s a karossz\u00e9ria d\u0151l\u00e9se.<br \/>\nEzt tov\u00e1bb rontja a kiss\u00e9 pontatlan korm\u00e1nyz\u00e1s. A Santa Fe Hyundai Flex Steer rendszerrel rendelkezik, amely lehet\u0151v\u00e9 teszi a korm\u00e1nyr\u00e1seg\u00edt\u00e9s m\u00e9rt\u00e9k\u00e9nek v\u00e1ltoztat\u00e1s\u00e1t, de norm\u00e1l vezet\u00e9s sor\u00e1n alig \u00e9szlelhet\u0151 k\u00fcl\u00f6nbs\u00e9g a h\u00e1rom be\u00e1ll\u00edt\u00e1s k\u00f6z\u00f6tt. Az aut\u00f3 vezethet\u0151s\u00e9ge alapvet\u0151en hibamentes, de \u00f6sszess\u00e9g\u00e9ben kiss\u00e9 csal\u00f3d\u00e1skelt\u0151.<\/p>\n<p>Az \u00fcl\u00e9s \u00e9s a korm\u00e1ny b\u0151s\u00e9gesen \u00e1ll\u00edthat\u00f3, \u00edgy k\u00f6nny\u0171 k\u00e9nyelmes vezet\u00e9si poz\u00edci\u00f3t tal\u00e1lni, de a j\u00e1rm\u0171 m\u00e9rete \u00e1lland\u00f3an \u00e9rezhet\u0151. B\u00e1r magas \u00fcl\u00e9shelyzetet k\u00edn\u00e1l, az el\u0151re val\u00f3 kil\u00e1t\u00e1st rontj\u00e1k a vastag A-oszlopok, amelyek zavar\u00f3 holttereket hoznak l\u00e9tre.<br \/>\nA Hyundai Santa Fe egyetlen v\u00e1laszthat\u00f3 d\u00edzelmotorja er\u0151s, de nem k\u00fcl\u00f6n\u00f6sebben takar\u00e9kos. A 2,2 literes CRDi motor 194 l\u00f3er\u0151s teljes\u00edtm\u00e9nyt ny\u00fajt, \u00e9s a CO2-kibocs\u00e1t\u00e1sa hajt\u00e1sl\u00e1nct\u00f3l \u00e9s felszerelts\u00e9gt\u0151l f\u00fcgg\u0151en 155, 159 vagy 178 g\/km lehet.<br \/>\nEl\u00f6l hajtott, k\u00e9zi v\u00e1lt\u00f3s kivitelben a fogyaszt\u00e1s 4,9 l\/100 km (47,9 mpg), \u00e9s az emisszi\u00f3 155 g\/km. Ugyanez a motor \u00f6sszker\u00e9khajt\u00e1ssal 159 g\/km CO2-t bocs\u00e1t ki, fogyaszt\u00e1sa v\u00e1ltozatlan marad. Automata v\u00e1lt\u00f3val \u00e9s 4&#215;4 hajt\u00e1ssal a fogyaszt\u00e1s 6,8 l\/100 km (41,5 mpg), a CO2-kibocs\u00e1t\u00e1s pedig 178 g\/km-re n\u0151.<br \/>\nA szak\u00e9rt\u0151k szerint a Hyundai Santa Fe piaci \u00e9rt\u00e9ktart\u00e1sa kedvez\u0151 lehet, h\u00e1la az ig\u00e9nyes bels\u0151 t\u00e9rnek, a vonz\u00f3 megjelen\u00e9snek \u00e9s a h\u00e9t\u00fcl\u00e9ses kivitelnek.<br \/>\nAhogy a Hyundai t\u00f6bbi modellj\u00e9n\u00e9l is, a Santa Fe is \u00f6t \u00e9v, kilom\u00e9ter-korl\u00e1toz\u00e1s n\u00e9lk\u00fcli, teljes m\u00e9rt\u00e9kben \u00e1truh\u00e1zhat\u00f3 garanci\u00e1val rendelkezik, \u00edgy val\u00f3sz\u00edn\u0171leg az egyik legkedvez\u0151bb napi haszn\u00e1latra sz\u00e1nt modell ebben a kateg\u00f3ri\u00e1ban.<\/p>\n","protected":false},"excerpt":{"rendered":"<p>Egy haz\u00e1nkhoz k\u00f6zeli telep\u00fcl\u00e9sen m\u00e1r be is vezettek egy ilyen programot: azoknak a nyugd\u00edjasoknak, akik napk\u00f6zben v\u00e1llalj\u00e1k az unok\u00e1ik fel\u00fcgyelet\u00e9t,&#8230; <span class=\"gridview-grid-post-read-more\"><a href=\"https:\/\/matrend.hu\/nekedinfo\/140-ezerrel-tobb-nyugdijat-kap-aki-vallalja-ezt\/\">read more<span class=\"gridview-sr-only\"> 140 ezerrel t\u00f6bb nyugd\u00edjat kap, aki v\u00e1llalja ezt<\/span><\/a><\/span><\/p>\n","protected":false},"author":1,"featured_media":2070,"comment_status":"open","ping_status":"open","sticky":false,"template":"","format":"standard","meta":{"footnotes":""},"categories":[1],"tags":[],"class_list":["post-2069","post","type-post","status-publish","format-standard","has-post-thumbnail","hentry","category-egyeb","wpcat-1-id"],"_links":{"self":[{"href":"https:\/\/matrend.hu\/nekedinfo\/wp-json\/wp\/v2\/posts\/2069","targetHints":{"allow":["GET"]}}],"collection":[{"href":"https:\/\/matrend.hu\/nekedinfo\/wp-json\/wp\/v2\/posts"}],"about":[{"href":"https:\/\/matrend.hu\/nekedinfo\/wp-json\/wp\/v2\/types\/post"}],"author":[{"embeddable":true,"href":"https:\/\/matrend.hu\/nekedinfo\/wp-json\/wp\/v2\/users\/1"}],"replies":[{"embeddable":true,"href":"https:\/\/matrend.hu\/nekedinfo\/wp-json\/wp\/v2\/comments?post=2069"}],"version-history":[{"count":1,"href":"https:\/\/matrend.hu\/nekedinfo\/wp-json\/wp\/v2\/posts\/2069\/revisions"}],"predecessor-version":[{"id":2071,"href":"https:\/\/matrend.hu\/nekedinfo\/wp-json\/wp\/v2\/posts\/2069\/revisions\/2071"}],"wp:featuredmedia":[{"embeddable":true,"href":"https:\/\/matrend.hu\/nekedinfo\/wp-json\/wp\/v2\/media\/2070"}],"wp:attachment":[{"href":"https:\/\/matrend.hu\/nekedinfo\/wp-json\/wp\/v2\/media?parent=2069"}],"wp:term":[{"taxonomy":"category","embeddable":true,"href":"https:\/\/matrend.hu\/nekedinfo\/wp-json\/wp\/v2\/categories?post=2069"},{"taxonomy":"post_tag","embeddable":true,"href":"https:\/\/matrend.hu\/nekedinfo\/wp-json\/wp\/v2\/tags?post=2069"}],"curies":[{"name":"wp","href":"https:\/\/api.w.org\/{rel}","templated":true}]}}