{"id":2072,"date":"2025-05-22T16:18:44","date_gmt":"2025-05-22T14:18:44","guid":{"rendered":"https:\/\/matrend.hu\/nekedinfo\/?p=2072"},"modified":"2025-05-22T16:18:44","modified_gmt":"2025-05-22T14:18:44","slug":"szakitott-muri-eniko-es-toth-szabi","status":"publish","type":"post","link":"https:\/\/matrend.hu\/nekedinfo\/szakitott-muri-eniko-es-toth-szabi\/","title":{"rendered":"Szak\u00edtott Muri Enik\u0151 \u00e9s T\u00f3th Szabi"},"content":{"rendered":"<h3>Most valami f\u00e9lresiklott kettej\u00fck k\u00f6z\u00f6tt. Kider\u00fclt, hogy a p\u00e1r m\u00e1r k\u00fcl\u00f6n is k\u00f6lt\u00f6z\u00f6tt egym\u00e1st\u00f3l. A zenekar \u00e9nekesn\u0151je \u00e9s a git\u00e1ros 2019-ben v\u00e1llalt\u00e1k fel hivatalosan is a szer\/lm\/ket, amikor Szabi m\u00e1r elv\u00e1lt ember volt. M\u00edg Enik\u0151 sz\u00e1m\u00e1ra fontos lett volna az eljegyz\u00e9s, addig Szabi nem volt h\u00e1zass\u00e1gp\u00e1rti.<\/h3>\n<h3><span style=\"color: #ff0000;\"><strong>A h\u00edr nem \u00e9rt v\u00e9get! Folytat\u00e1shoz haszn\u00e1ld a K\u00d6VETKEZ\u0150 OLDAL gombot!<\/strong><\/span><\/h3>\n<h3 style=\"text-align: right;\"><a href=\"https:\/\/matrend.hu\/maitrend\/?p=2071\" target=\"_blank\" rel=\"noopener\"><span style=\"color: #ff0000;\">&#8212;&gt;&gt; K\u00d6VETKEZ\u0150 OLDAL<\/span><\/a><\/h3>\n<p>&#8211;<\/p>\n<p>B\u00e1r egyes r\u00e9gi\u00f3kban a Kia EV9 kisebb, 76,1 kWh-s akkumul\u00e1torral is el\u00e9rhet\u0151, az Egyes\u00fclt Kir\u00e1lys\u00e1gban csak a nagyobb, 99,8 kWh-s v\u00e1ltozat kaphat\u00f3. Az alapv\u00e1ltozatn\u00e1l a felhaszn\u00e1lhat\u00f3 kapacit\u00e1s 96 kWh, ami az egyik legnagyobb akkumul\u00e1torcsomag a piacon \u2013 a Volvo EX90 111 kWh-s akkumul\u00e1torral rendelkezik, de legal\u00e1bb 30 ezer fonttal dr\u00e1g\u00e1bb.<\/p>\n<p>M\u00e9g jobb, hogy az EV9 alapfelszerelts\u00e9gk\u00e9nt h\u0151szivatty\u00fat is tartalmaz, \u00edgy hideg id\u0151ben kevesebb akkumul\u00e1torteljes\u00edtm\u00e9ny sz\u00fcks\u00e9ges a kabin f\u0171t\u00e9s\u00e9re. A tulajdonosok a Kia dedik\u00e1lt applik\u00e1ci\u00f3j\u00e1n kereszt\u00fcl szinkroniz\u00e1lhatj\u00e1k aut\u00f3jukat a mobiltelefonjukkal, \u00edgy f\u0171t\u00e9st vagy ablakp\u00e1r\u00e1tlan\u00edt\u00e1st v\u00e9gezhetnek, mik\u00f6zben az aut\u00f3 m\u00e9g csatlakoztatva van a h\u00e1l\u00f3zatra. Ez\u00e1ltal nem pazarolj\u00e1k el az akkumul\u00e1tort\u00f6lt\u00e9st a j\u00e1rm\u0171 felmeleg\u00edt\u00e9s\u00e9re, \u00e9s v\u00e9gs\u0151 soron seg\u00edti a hat\u00f3t\u00e1vols\u00e1g meg\u0151rz\u00e9s\u00e9t.<\/p>\n<p>A Kia 99,8 kWh-s akkumul\u00e1tor\u00e1val a l\u00e9gkondicion\u00e1lt modell ak\u00e1r 349 m\u00e9rf\u00f6ldes hat\u00f3t\u00e1vols\u00e1got is k\u00edn\u00e1l. Teszt\u00fcnk\u00f6n 3,2 m\u00e9rf\u00f6ld\/kWh \u00e1tlagot \u00e9rt\u00fcnk el, hidegebb k\u00f6r\u00fclm\u00e9nyek k\u00f6z\u00f6tt pedig 2,7 m\u00e9rf\u00f6ld\/kWh-t, ami a val\u00f3s\u00e1gban 270-320 m\u00e9rf\u00f6ld k\u00f6z\u00f6tti hat\u00f3t\u00e1vols\u00e1got jelent. B\u00e1r ez valamivel kevesebb, mint a WLTP \u00e1ltal m\u00e9rt \u00e9rt\u00e9kek, \u00edgy is el\u00e9g j\u00f3 hossz\u00fa utaz\u00e1sokhoz, m\u00e9g t\u00e9len is.<\/p>\n<p>Ha \u00fatk\u00f6zben kell felt\u00f6lteni, a legnehezebb dolog az lesz, hogy tal\u00e1ljunk egy olyan gyors t\u00f6lt\u0151t, ami k\u00e9pes l\u00e9p\u00e9st tartani a Kia potenci\u00e1lj\u00e1val. Ha olyan gyors t\u00f6lt\u0151pontra csatlakozik, amely legal\u00e1bb 210 kW-t biztos\u00edt, akkor mind\u00f6ssze 24 perc alatt 10-80%-ra t\u00f6lthetj\u00fck fel az akkumul\u00e1tort. Ha otthoni 7,4 kW-os fali t\u00f6lt\u0151t haszn\u00e1lunk, akkor t\u00f6bb mint 15 \u00f3r\u00e1t vesz ig\u00e9nybe a teljes t\u00f6lt\u00e9s, \u00edgy \u00e9rdemes el\u0151re tervezni a t\u00f6lt\u00e9st.<\/p>\n","protected":false},"excerpt":{"rendered":"<p>Most valami f\u00e9lresiklott kettej\u00fck k\u00f6z\u00f6tt. Kider\u00fclt, hogy a p\u00e1r m\u00e1r k\u00fcl\u00f6n is k\u00f6lt\u00f6z\u00f6tt egym\u00e1st\u00f3l. A zenekar \u00e9nekesn\u0151je \u00e9s a git\u00e1ros&#8230; <span class=\"gridview-grid-post-read-more\"><a href=\"https:\/\/matrend.hu\/nekedinfo\/szakitott-muri-eniko-es-toth-szabi\/\">read more<span class=\"gridview-sr-only\"> Szak\u00edtott Muri Enik\u0151 \u00e9s T\u00f3th Szabi<\/span><\/a><\/span><\/p>\n","protected":false},"author":1,"featured_media":2073,"comment_status":"open","ping_status":"open","sticky":false,"template":"","format":"standard","meta":{"footnotes":""},"categories":[1],"tags":[],"class_list":["post-2072","post","type-post","status-publish","format-standard","has-post-thumbnail","hentry","category-egyeb","wpcat-1-id"],"_links":{"self":[{"href":"https:\/\/matrend.hu\/nekedinfo\/wp-json\/wp\/v2\/posts\/2072","targetHints":{"allow":["GET"]}}],"collection":[{"href":"https:\/\/matrend.hu\/nekedinfo\/wp-json\/wp\/v2\/posts"}],"about":[{"href":"https:\/\/matrend.hu\/nekedinfo\/wp-json\/wp\/v2\/types\/post"}],"author":[{"embeddable":true,"href":"https:\/\/matrend.hu\/nekedinfo\/wp-json\/wp\/v2\/users\/1"}],"replies":[{"embeddable":true,"href":"https:\/\/matrend.hu\/nekedinfo\/wp-json\/wp\/v2\/comments?post=2072"}],"version-history":[{"count":1,"href":"https:\/\/matrend.hu\/nekedinfo\/wp-json\/wp\/v2\/posts\/2072\/revisions"}],"predecessor-version":[{"id":2074,"href":"https:\/\/matrend.hu\/nekedinfo\/wp-json\/wp\/v2\/posts\/2072\/revisions\/2074"}],"wp:featuredmedia":[{"embeddable":true,"href":"https:\/\/matrend.hu\/nekedinfo\/wp-json\/wp\/v2\/media\/2073"}],"wp:attachment":[{"href":"https:\/\/matrend.hu\/nekedinfo\/wp-json\/wp\/v2\/media?parent=2072"}],"wp:term":[{"taxonomy":"category","embeddable":true,"href":"https:\/\/matrend.hu\/nekedinfo\/wp-json\/wp\/v2\/categories?post=2072"},{"taxonomy":"post_tag","embeddable":true,"href":"https:\/\/matrend.hu\/nekedinfo\/wp-json\/wp\/v2\/tags?post=2072"}],"curies":[{"name":"wp","href":"https:\/\/api.w.org\/{rel}","templated":true}]}}