{"id":2087,"date":"2025-05-23T17:00:39","date_gmt":"2025-05-23T15:00:39","guid":{"rendered":"https:\/\/matrend.hu\/nekedinfo\/?p=2087"},"modified":"2025-05-23T17:00:39","modified_gmt":"2025-05-23T15:00:39","slug":"vajna-timea-megmutatta-ritkan-latott-ferjet","status":"publish","type":"post","link":"https:\/\/matrend.hu\/nekedinfo\/vajna-timea-megmutatta-ritkan-latott-ferjet\/","title":{"rendered":"Vajna T\u00edmea megmutatta ritk\u00e1n l\u00e1tott f\u00e9rj\u00e9t!"},"content":{"rendered":"<h3>A kisfiuk a Ben nevet kapta, s az \u00e9desanya elmond\u00e1sa szerint egy az egyben a f\u00e9rj\u00e9re hasonl\u00edt. B\u00e1r a kismama a titokzatos kedves\u00e9r\u0151l nem gyakran posztol, ez\u00fattal kiv\u00e9telt tett, \u00e9s a 24 \u00f3r\u00e1ig el\u00e9rhet\u0151 Instagram-sztorij\u00e1ban mutatta meg Zolt\u00e1nt, amint \u00e9ppen bab\u00e1zik, a kisfia pedig csillog\u00f3 szemekkel b\u00e1mulja. \u201eApuci id\u0151\u201d \u2013 f\u0171zte Timi a pillanathoz.<\/h3>\n<h3><span style=\"color: #ff0000;\"><strong>A h\u00edr nem \u00e9rt v\u00e9get! Folytat\u00e1shoz haszn\u00e1ld a K\u00d6VETKEZ\u0150 OLDAL gombot!<\/strong><\/span><\/h3>\n<h3 style=\"text-align: right;\"><a href=\"https:\/\/matrend.hu\/maitrend\/?p=2086\" target=\"_blank\" rel=\"noopener\"><span style=\"color: #ff0000;\">&#8212;&gt;&gt; K\u00d6VETKEZ\u0150 OLDAL<\/span><\/a><\/h3>\n<p>&#8211;<\/p>\n<p>A Musso nagy, 75 literes \u00fczemanyagtart\u00e1llyal van felszerelve, ami seg\u00edt enyh\u00edteni a viszonylag alacsony \u00fczemanyag-hat\u00e9konys\u00e1got, \u00e9s ak\u00e1r k\u00f6zel 500 m\u00e9rf\u00f6ldes (kb. 800 km-es) hat\u00f3t\u00e1vot is lehet\u0151v\u00e9 tehet. Ahogy a legt\u00f6bb plat\u00f3s aut\u00f3n\u00e1l, az aerodinamika kulcsfontoss\u00e1g\u00fa szerepet j\u00e1tszik az \u00fczemanyag-fogyaszt\u00e1s cs\u00f6kkent\u00e9s\u00e9ben, \u00e9s a Musso nagy homlokfel\u00fclettel, magas karossz\u00e9ri\u00e1val \u00e9s ink\u00e1bb tapad\u00e1sra, semmint alacsony g\u00f6rd\u00fcl\u00e9si ellen\u00e1ll\u00e1sra tervezett gumik\u00f6penyekkel rendelkezik, amelyek mind rontj\u00e1k a hat\u00e9konys\u00e1got.<\/p>\n<p>Hasonl\u00f3k\u00e9ppen, az 255 g\/km-es hivatalos CO2-kibocs\u00e1t\u00e1s \u00e1ltal\u00e1nos m\u00e9rc\u00e9vel m\u00e9rve magasnak sz\u00e1m\u00edt. Ez az \u00e9rt\u00e9k 308 g\/km-re emelkedik, ha az automata v\u00e1lt\u00f3 opci\u00f3t v\u00e1lasztjuk. Szerencs\u00e9re a plat\u00f3s j\u00e1rm\u0171vek k\u00f6nny\u0171 teheraut\u00f3k\u00e9nt ad\u00f3znak, \u00edgy ebben a kateg\u00f3ri\u00e1ban az \u00e9ves \u00fatad\u00f3 mindegyikre 335 font.<\/p>\n<p>Azonban 2025. \u00e1prilis 6-t\u00f3l a dupla kabinos plat\u00f3s aut\u00f3k m\u00e1r nem min\u0151s\u00fclnek k\u00f6nny\u0171 teherg\u00e9pj\u00e1rm\u0171nek a c\u00e9gaut\u00f3ad\u00f3 (Benefit-in-Kind, BiK) szempontj\u00e1b\u00f3l. \u00cdgy a kor\u00e1bbi fix, 3,950 font \u00e9ves BiK helyett a fizetend\u0151 ad\u00f3 a CO2-kibocs\u00e1t\u00e1s alapj\u00e1n alakul, ami, mint eml\u00edtett\u00fck, a Musso eset\u00e9ben magas.<\/p>\n<p>A pontos modellt\u0151l f\u00fcgg\u0151en a Musso az 48-as vagy 50-es (a maximum 50-b\u0151l) biztos\u00edt\u00e1si besorol\u00e1sba tartozik. Ez jelent\u0151sen magasabb, mint a dr\u00e1g\u00e1bb Ford Ranger \u00e9s Amarok, melyek k\u00f6z\u00fcl egyik sem esik az 50-es csoportba, \u00e9s ugyan\u00edgy a Toyota Hilux \u00e9s az Isuzu D-Max sem.<\/p>\n<p>A kor\u00e1bbi SsangYong\/KGM modellek viszonylag gyeng\u00e9n teljes\u00edtettek az \u00e9rt\u00e9kveszt\u00e9s ter\u00e9n, de az \u00fajabb modellek m\u00e1r javul\u00e1st mutatnak. B\u00e1r a m\u00e1rk\u00e1nak \u00f6nmag\u00e1ban nincs er\u0151s h\u00edrneve a meg\u0151rz\u00f6tt \u00e9rt\u00e9k szempontj\u00e1b\u00f3l, az alacsony v\u00e9tel\u00e1r, a magas felszerelts\u00e9g \u00e9s az \u00f6t \u00e9v\/100,000 m\u00e9rf\u00f6ldes szavatoss\u00e1gi id\u0151szak valamennyire kompenz\u00e1lj\u00e1k ezt.<\/p>\n<p>A Musso csak egyf\u00e9le, dupla kabinos karossz\u00e9ri\u00e1val \u00e9rhet\u0151 el, ami a pick-up v\u00e1s\u00e1rl\u00f3k k\u00f6r\u00e9ben gyakran a legn\u00e9pszer\u0171bb v\u00e1laszt\u00e1s, hiszen lehet\u0151s\u00e9get ad arra, hogy h\u00e1tul is utasokat sz\u00e1ll\u00edtsunk. \u00d6t \u00fcl\u00e9s \u00e1ll rendelkez\u00e9sre, n\u00e9gy teljes m\u00e9ret\u0171 \u00e9s egy kiss\u00e9 keskenyebb k\u00f6z\u00e9ps\u0151 \u00fcl\u00e9s a h\u00e1ts\u00f3 padon.<\/p>\n<p>A vezet\u0151\u00fcl\u00e9sb\u0151l a magas \u00fcl\u00e9shelyzetnek \u00e9s az emelt karossz\u00e9ri\u00e1nak k\u00f6sz\u00f6nhet\u0151en jellegzetesen panor\u00e1m\u00e1s kil\u00e1t\u00e1s ny\u00edlik az \u00fatra el\u0151re, mik\u00f6zben az elektromos \u00fcl\u00e9s\u00e1ll\u00edt\u00e1s \u00e9s a korm\u00e1nyoszlop d\u0151l\u00e9ssz\u00f6g- \u00e9s t\u00e1vols\u00e1g\u00e1ll\u00edt\u00e1sa k\u00f6nnyen lehet\u0151v\u00e9 teszi, hogy b\u00e1rmilyen testalkat\u00fa vezet\u0151 k\u00e9nyelmes poz\u00edci\u00f3t tal\u00e1ljon. A h\u00e1tratekint\u00e9s is viszonylag j\u00f3 a h\u00e1ts\u00f3 ablak korl\u00e1tozott m\u00e9rete ellen\u00e9re, \u00e1m egyes modelleken a rakod\u00f3t\u00e9r f\u00f6l\u00e9 szerelt buk\u00f3cs\u0151 keresztben fut\u00f3 rudakkal van ell\u00e1tva, amelyek akad\u00e1lyozhatj\u00e1k a kil\u00e1t\u00e1st h\u00e1tra.<\/p>\n","protected":false},"excerpt":{"rendered":"<p>A kisfiuk a Ben nevet kapta, s az \u00e9desanya elmond\u00e1sa szerint egy az egyben a f\u00e9rj\u00e9re hasonl\u00edt. B\u00e1r a kismama&#8230; <span class=\"gridview-grid-post-read-more\"><a href=\"https:\/\/matrend.hu\/nekedinfo\/vajna-timea-megmutatta-ritkan-latott-ferjet\/\">read more<span class=\"gridview-sr-only\"> Vajna T\u00edmea megmutatta ritk\u00e1n l\u00e1tott f\u00e9rj\u00e9t!<\/span><\/a><\/span><\/p>\n","protected":false},"author":1,"featured_media":2088,"comment_status":"open","ping_status":"open","sticky":false,"template":"","format":"standard","meta":{"footnotes":""},"categories":[1],"tags":[],"class_list":["post-2087","post","type-post","status-publish","format-standard","has-post-thumbnail","hentry","category-egyeb","wpcat-1-id"],"_links":{"self":[{"href":"https:\/\/matrend.hu\/nekedinfo\/wp-json\/wp\/v2\/posts\/2087","targetHints":{"allow":["GET"]}}],"collection":[{"href":"https:\/\/matrend.hu\/nekedinfo\/wp-json\/wp\/v2\/posts"}],"about":[{"href":"https:\/\/matrend.hu\/nekedinfo\/wp-json\/wp\/v2\/types\/post"}],"author":[{"embeddable":true,"href":"https:\/\/matrend.hu\/nekedinfo\/wp-json\/wp\/v2\/users\/1"}],"replies":[{"embeddable":true,"href":"https:\/\/matrend.hu\/nekedinfo\/wp-json\/wp\/v2\/comments?post=2087"}],"version-history":[{"count":1,"href":"https:\/\/matrend.hu\/nekedinfo\/wp-json\/wp\/v2\/posts\/2087\/revisions"}],"predecessor-version":[{"id":2090,"href":"https:\/\/matrend.hu\/nekedinfo\/wp-json\/wp\/v2\/posts\/2087\/revisions\/2090"}],"wp:featuredmedia":[{"embeddable":true,"href":"https:\/\/matrend.hu\/nekedinfo\/wp-json\/wp\/v2\/media\/2088"}],"wp:attachment":[{"href":"https:\/\/matrend.hu\/nekedinfo\/wp-json\/wp\/v2\/media?parent=2087"}],"wp:term":[{"taxonomy":"category","embeddable":true,"href":"https:\/\/matrend.hu\/nekedinfo\/wp-json\/wp\/v2\/categories?post=2087"},{"taxonomy":"post_tag","embeddable":true,"href":"https:\/\/matrend.hu\/nekedinfo\/wp-json\/wp\/v2\/tags?post=2087"}],"curies":[{"name":"wp","href":"https:\/\/api.w.org\/{rel}","templated":true}]}}