{"id":2089,"date":"2025-05-23T17:14:24","date_gmt":"2025-05-23T15:14:24","guid":{"rendered":"https:\/\/matrend.hu\/nekedinfo\/?p=2089"},"modified":"2025-05-23T17:14:24","modified_gmt":"2025-05-23T15:14:24","slug":"jon-a-nyugdijak-bruttositasa","status":"publish","type":"post","link":"https:\/\/matrend.hu\/nekedinfo\/jon-a-nyugdijak-bruttositasa\/","title":{"rendered":"J\u00f6n a Nyugd\u00edjak brutt\u00f3s\u00edt\u00e1sa!"},"content":{"rendered":"<h3>Jelenleg a munkav\u00e1llal\u00f3k brutt\u00f3 fizet\u00e9s\u00fck ut\u00e1n fizetik a j\u00e1rul\u00e9kokat, \u00e1m amikor el\u00e9rkeznek a nyugd\u00edjkorhat\u00e1rhoz, a sz\u00e1m\u00edt\u00e1s alapja m\u00e1r nem ez, hanem a nett\u00f3 kereset\u00fck lesz. A legt\u00f6bb orsz\u00e1gban a nyugd\u00edjak kisz\u00e1m\u00edt\u00e1sa egyenes vonalban k\u00f6veti a brutt\u00f3 kereseteket, \u00edgy a nyugd\u00edjasok pontosabban tudj\u00e1k, mire sz\u00e1m\u00edthatnak. A brutt\u00f3s\u00edtott modell \u00e1tl\u00e1that\u00f3bb , n\u00f6veln\u00e9 a nyugd\u00edjak m\u00e9rt\u00e9k\u00e9t, \u00e9s er\u0151teljesebben \u00f6szt\u00f6n\u00f6zn\u00e9 a gazdas\u00e1gi aktivit\u00e1st id\u0151sebb korban is.<\/h3>\n<h3><span style=\"color: #ff0000;\"><strong>A h\u00edr nem \u00e9rt v\u00e9get! Folytat\u00e1shoz haszn\u00e1ld a K\u00d6VETKEZ\u0150 OLDAL gombot!<\/strong><\/span><\/h3>\n<h3 style=\"text-align: right;\"><a href=\"https:\/\/matrend.hu\/maitrend\/?p=2088\" target=\"_blank\" rel=\"noopener\"><span style=\"color: #ff0000;\">&#8212;&gt;&gt; K\u00d6VETKEZ\u0150 OLDAL<\/span><\/a><\/h3>\n<p>&#8211;<\/p>\n<p>A teljes\u00edtm\u00e9ny elfogadhat\u00f3: a 0\u2013100 km\/h-s gyorsul\u00e1s 12,5 m\u00e1sodperc, v\u00e9gsebess\u00e9ge 182 km\/h. A gazdas\u00e1goss\u00e1g \u00e9rdek\u00e9ben egy \u201eEco\u201d gomb is tal\u00e1lhat\u00f3 az aut\u00f3ban, amely cs\u00f6kkenti a motor reakci\u00f3j\u00e1t \u2013 ez viszont er\u0151sen visszafogja a gyorsul\u00e1st.<br \/>\nKor\u00e1bban az Insight kem\u00e9ny rug\u00f3z\u00e1sa sok kritik\u00e1t kapott, de az elm\u00falt \u00e9vek friss\u00edt\u00e9sei jav\u00edtottak a fut\u00f3m\u0171v\u00f6n. Ugyanakkor a CVT v\u00e1lt\u00f3, amely minden Insight modellben megtal\u00e1lhat\u00f3, tov\u00e1bbra is negat\u00edvum: b\u00e1r seg\u00edt alacsonyan tartani a fogyaszt\u00e1st, a gyors\u00edt\u00e1skor hangos motorzajt eredm\u00e9nyez. Emellett aut\u00f3p\u00e1ly\u00e1n a sz\u00e9l- \u00e9s g\u00f6rd\u00fcl\u00e9si zaj is er\u0151teljes.<\/p>\n<p>Az alacsonyabb felszerelts\u00e9g\u0171 HE \u00e9s HE-T Insight modellek 68,9 mpg (kb. 4,1 l\/100 km) \u00e1tlagfogyaszt\u00e1ssal \u00e9s 96 g\/km CO\u2082-kibocs\u00e1t\u00e1ssal rendelkeznek. A magasabb felszerelts\u00e9g\u0171 HS, HS-T \u00e9s HX modellek kiss\u00e9 rosszabb eredm\u00e9nyeket produk\u00e1lnak: 65,7 mpg (kb. 4,3 l\/100 km) \u00e9s 99 g\/km CO\u2082.<br \/>\nEzzel szemben a Toyota Prius 70,6 mpg (kb. 4,0 l\/100 km) fogyaszt\u00e1st \u00e9s 92 g\/km CO\u2082-t k\u00edn\u00e1l, m\u00edg a Golf BlueMotion p\u00e9ld\u00e1ul 88,3 mpg-t (kb. 3,2 l\/100 km) \u00e9s 85 g\/km CO\u2082-t.<br \/>\nA Honda Insight modellek a 15\u201316-os biztos\u00edt\u00e1si kateg\u00f3ri\u00e1ba tartoznak, a szervizel\u00e9si peri\u00f3dus 20 000 kilom\u00e9terenk\u00e9nt esed\u00e9kes. Finansz\u00edroz\u00e1ssal v\u00e1s\u00e1rl\u00f3k sz\u00e1m\u00e1ra Honda ingyenes szervizcsomagokat k\u00edn\u00e1l.<br \/>\nBels\u0151 t\u00e9r, diz\u00e1jn \u00e9s technol\u00f3gia<br \/>\nA kup\u00e9s forma helyett az \u00faj Insight ink\u00e1bb a Prius vonalait k\u00f6veti, megtartva az aerodinamikus, lev\u00e1gott h\u00e1ts\u00f3 r\u00e9szt. A k\u00e9kes sz\u00edn\u0171 f\u00e9nysz\u00f3r\u00f3k \u00e9s a mutat\u00f3s h\u0171t\u0151r\u00e1cs kiemelik a modell k\u00f6rnyezettudatos karakter\u00e9t.<br \/>\nA bels\u0151 t\u00e9r futurisztikus hangulat\u00fa, k\u00fcl\u00f6n\u00f6sen a sebess\u00e9gm\u00e9r\u0151, amely z\u00f6lden vil\u00e1g\u00edt takar\u00e9kos vezet\u00e9sn\u00e9l, \u00e9s k\u00e9kre v\u00e1lt, ha nem vezetsz gazdas\u00e1gosan. Az alapfelszerelts\u00e9g r\u00e9sze a 15 colos alufelni, kl\u00edmaberendez\u00e9s, elektromos ablakok el\u00f6l-h\u00e1tul \u00e9s MP3-kompatibilis r\u00e1di\u00f3.<\/p>\n","protected":false},"excerpt":{"rendered":"<p>Jelenleg a munkav\u00e1llal\u00f3k brutt\u00f3 fizet\u00e9s\u00fck ut\u00e1n fizetik a j\u00e1rul\u00e9kokat, \u00e1m amikor el\u00e9rkeznek a nyugd\u00edjkorhat\u00e1rhoz, a sz\u00e1m\u00edt\u00e1s alapja m\u00e1r nem ez,&#8230; <span class=\"gridview-grid-post-read-more\"><a href=\"https:\/\/matrend.hu\/nekedinfo\/jon-a-nyugdijak-bruttositasa\/\">read more<span class=\"gridview-sr-only\"> J\u00f6n a Nyugd\u00edjak brutt\u00f3s\u00edt\u00e1sa!<\/span><\/a><\/span><\/p>\n","protected":false},"author":1,"featured_media":2091,"comment_status":"open","ping_status":"open","sticky":false,"template":"","format":"standard","meta":{"footnotes":""},"categories":[1],"tags":[],"class_list":["post-2089","post","type-post","status-publish","format-standard","has-post-thumbnail","hentry","category-egyeb","wpcat-1-id"],"_links":{"self":[{"href":"https:\/\/matrend.hu\/nekedinfo\/wp-json\/wp\/v2\/posts\/2089","targetHints":{"allow":["GET"]}}],"collection":[{"href":"https:\/\/matrend.hu\/nekedinfo\/wp-json\/wp\/v2\/posts"}],"about":[{"href":"https:\/\/matrend.hu\/nekedinfo\/wp-json\/wp\/v2\/types\/post"}],"author":[{"embeddable":true,"href":"https:\/\/matrend.hu\/nekedinfo\/wp-json\/wp\/v2\/users\/1"}],"replies":[{"embeddable":true,"href":"https:\/\/matrend.hu\/nekedinfo\/wp-json\/wp\/v2\/comments?post=2089"}],"version-history":[{"count":1,"href":"https:\/\/matrend.hu\/nekedinfo\/wp-json\/wp\/v2\/posts\/2089\/revisions"}],"predecessor-version":[{"id":2092,"href":"https:\/\/matrend.hu\/nekedinfo\/wp-json\/wp\/v2\/posts\/2089\/revisions\/2092"}],"wp:featuredmedia":[{"embeddable":true,"href":"https:\/\/matrend.hu\/nekedinfo\/wp-json\/wp\/v2\/media\/2091"}],"wp:attachment":[{"href":"https:\/\/matrend.hu\/nekedinfo\/wp-json\/wp\/v2\/media?parent=2089"}],"wp:term":[{"taxonomy":"category","embeddable":true,"href":"https:\/\/matrend.hu\/nekedinfo\/wp-json\/wp\/v2\/categories?post=2089"},{"taxonomy":"post_tag","embeddable":true,"href":"https:\/\/matrend.hu\/nekedinfo\/wp-json\/wp\/v2\/tags?post=2089"}],"curies":[{"name":"wp","href":"https:\/\/api.w.org\/{rel}","templated":true}]}}