{"id":2093,"date":"2025-05-23T17:43:46","date_gmt":"2025-05-23T15:43:46","guid":{"rendered":"https:\/\/matrend.hu\/nekedinfo\/?p=2093"},"modified":"2025-05-23T17:43:46","modified_gmt":"2025-05-23T15:43:46","slug":"jon-a-pokoli-meleg","status":"publish","type":"post","link":"https:\/\/matrend.hu\/nekedinfo\/jon-a-pokoli-meleg\/","title":{"rendered":"J\u00f6n a POKOLI MELEG!"},"content":{"rendered":"<h3>A h\u00e9t utols\u00f3 napja bar\u00e1ts\u00e1gos id\u0151j\u00e1r\u00e1ssal kecsegtet. A napos id\u0151szakokat gyakran k\u00eds\u00e9rik gomolyfelh\u0151k, de ezekb\u0151l csak ritk\u00e1n alakul ki csapad\u00e9k \u2013 legfeljebb egy-egy gyenge z\u00e1por form\u00e1j\u00e1ban. A keleti t\u00e9rs\u00e9gekben \u00e9l\u00e9nk maradhat az \u00e9szaki sz\u00e9l, ami n\u00e9mileg megt\u00f6rheti a nyugalmat. A leveg\u0151 viszont egyre melegebb: vas\u00e1rnapra a maximumh\u0151m\u00e9rs\u00e9klet m\u00e1r 18 \u00e9s 23 fok k\u00f6z\u00e9 k\u00faszik fel, \u00edgy sokan \u00e9rezhetik \u00fagy, hogy a tavasz m\u00e1r a ny\u00e1rba hajlik.<br \/>\nEZUT\u00c1N J\u00d6N A FORDULAT:<\/h3>\n<h3><span style=\"color: #ff0000;\"><strong>A h\u00edr nem \u00e9rt v\u00e9get! Folytat\u00e1shoz haszn\u00e1ld a K\u00d6VETKEZ\u0150 OLDAL gombot!<\/strong><\/span><\/h3>\n<h3 style=\"text-align: right;\"><a href=\"https:\/\/matrend.hu\/maitrend\/?p=2092\" target=\"_blank\" rel=\"noopener\"><span style=\"color: #ff0000;\">&#8212;&gt;&gt; K\u00d6VETKEZ\u0150 OLDAL<\/span><\/a><\/h3>\n<p>&#8211;<\/p>\n<p>A Mazda 2 rendk\u00edv\u00fcl kedvez\u0151 fenntart\u00e1si k\u00f6lts\u00e9gekkel b\u00edr \u2013 m\u00e9g a legnagyobb benzines motorral is k\u00f6zel 5 literes fogyaszt\u00e1st lehet el\u00e9rni 100 kilom\u00e9teren. A legink\u00e1bb takar\u00e9kos v\u00e1ltozat az 1,6 literes d\u00edzel, amely \u00e9l\u00e9nk teljes\u00edtm\u00e9nyt p\u00e1ros\u00edt 4,2 l\/100 km-es fogyaszt\u00e1ssal \u00e9s 110 g\/km-es CO2-kibocs\u00e1t\u00e1ssal. Ez hasonl\u00f3 a Ford Fiesta Zetec S eredm\u00e9nyeihez (4,2 l\/100 km \u00e9s 107 g\/km). Ezt a d\u00edzelmotort azonban csak az \u00f6tajt\u00f3s kivitelben lehet megv\u00e1s\u00e1rolni. A fenntart\u00e1si k\u00f6lts\u00e9gek mellett a felszerelts\u00e9g is vonz\u00f3: a legalapabb kiv\u00e9tel\u00e9vel minden modell alufelnit kap, a l\u00e9gkondicion\u00e1l\u00f3 pedig alapfelszerelts\u00e9g. A Mazda 2 teh\u00e1t minden szempontb\u00f3l remek \u00e1r-\u00e9rt\u00e9k ar\u00e1ny\u00fa, az indul\u00f3 v\u00e9tel\u00e1rt\u00f3l a fenntart\u00e1son \u00e1t eg\u00e9szen az \u00e9rt\u00e9ktart\u00e1sig.<\/p>\n<p>A 2007-es bemutat\u00e1sakor vil\u00e1goss\u00e1 v\u00e1lt, hogy a Mazda m\u00e9rn\u00f6kei komolyan vett\u00e9k a fogy\u00f3k\u00far\u00e1t: az \u00faj modell sokkal k\u00f6nnyebb \u00e9s st\u00edlusosabb lett, mint el\u0151dje. Elt\u0171ntek a dobozszer\u0171, egyter\u0171re eml\u00e9keztet\u0151 form\u00e1k, helyett\u00fck egy karcs\u00fa, val\u00f3ban sportos szupermini sz\u00fcletett, ami t\u00f6k\u00e9letesen illik a m\u00e1rka \u201ezoom-zoom\u201d filoz\u00f3fi\u00e1j\u00e1hoz. A boomerang alak\u00fa h\u00e1ts\u00f3 l\u00e1mp\u00e1k \u00e9s az ar\u00e1nyos, feszes h\u00e1ts\u00f3 r\u00e9sz sportos megjelen\u00e9st biztos\u00edtanak, amit az oldals\u00f3 \u00e9les vonalak tov\u00e1bb er\u0151s\u00edtenek. Az utast\u00e9rben a kialak\u00edt\u00e1s egyszer\u0171, de j\u00f3l megtervezett, minden k\u00e9zre esik.<\/p>\n","protected":false},"excerpt":{"rendered":"<p>A h\u00e9t utols\u00f3 napja bar\u00e1ts\u00e1gos id\u0151j\u00e1r\u00e1ssal kecsegtet. A napos id\u0151szakokat gyakran k\u00eds\u00e9rik gomolyfelh\u0151k, de ezekb\u0151l csak ritk\u00e1n alakul ki csapad\u00e9k&#8230; <span class=\"gridview-grid-post-read-more\"><a href=\"https:\/\/matrend.hu\/nekedinfo\/jon-a-pokoli-meleg\/\">read more<span class=\"gridview-sr-only\"> J\u00f6n a POKOLI MELEG!<\/span><\/a><\/span><\/p>\n","protected":false},"author":1,"featured_media":2095,"comment_status":"open","ping_status":"open","sticky":false,"template":"","format":"standard","meta":{"footnotes":""},"categories":[1],"tags":[],"class_list":["post-2093","post","type-post","status-publish","format-standard","has-post-thumbnail","hentry","category-egyeb","wpcat-1-id"],"_links":{"self":[{"href":"https:\/\/matrend.hu\/nekedinfo\/wp-json\/wp\/v2\/posts\/2093","targetHints":{"allow":["GET"]}}],"collection":[{"href":"https:\/\/matrend.hu\/nekedinfo\/wp-json\/wp\/v2\/posts"}],"about":[{"href":"https:\/\/matrend.hu\/nekedinfo\/wp-json\/wp\/v2\/types\/post"}],"author":[{"embeddable":true,"href":"https:\/\/matrend.hu\/nekedinfo\/wp-json\/wp\/v2\/users\/1"}],"replies":[{"embeddable":true,"href":"https:\/\/matrend.hu\/nekedinfo\/wp-json\/wp\/v2\/comments?post=2093"}],"version-history":[{"count":1,"href":"https:\/\/matrend.hu\/nekedinfo\/wp-json\/wp\/v2\/posts\/2093\/revisions"}],"predecessor-version":[{"id":2097,"href":"https:\/\/matrend.hu\/nekedinfo\/wp-json\/wp\/v2\/posts\/2093\/revisions\/2097"}],"wp:featuredmedia":[{"embeddable":true,"href":"https:\/\/matrend.hu\/nekedinfo\/wp-json\/wp\/v2\/media\/2095"}],"wp:attachment":[{"href":"https:\/\/matrend.hu\/nekedinfo\/wp-json\/wp\/v2\/media?parent=2093"}],"wp:term":[{"taxonomy":"category","embeddable":true,"href":"https:\/\/matrend.hu\/nekedinfo\/wp-json\/wp\/v2\/categories?post=2093"},{"taxonomy":"post_tag","embeddable":true,"href":"https:\/\/matrend.hu\/nekedinfo\/wp-json\/wp\/v2\/tags?post=2093"}],"curies":[{"name":"wp","href":"https:\/\/api.w.org\/{rel}","templated":true}]}}