{"id":2099,"date":"2025-05-23T19:10:25","date_gmt":"2025-05-23T17:10:25","guid":{"rendered":"https:\/\/matrend.hu\/nekedinfo\/?p=2099"},"modified":"2025-05-23T19:10:25","modified_gmt":"2025-05-23T17:10:25","slug":"a-gaspar-csalad-rol-van-szo","status":"publish","type":"post","link":"https:\/\/matrend.hu\/nekedinfo\/a-gaspar-csalad-rol-van-szo\/","title":{"rendered":"A G\u00e1sp\u00e1r csal\u00e1d-r\u00f3l van sz\u00f3!"},"content":{"rendered":"<h3>A csal\u00e1d most megeml\u00e9kezik! M\u00e1r 19 \u00e9ve t\u00f6rt\u00e9nt hogy a G\u00e1sp\u00e1r csal\u00e1d elvesztette Buksi-t! Akkor t\u00f6bb tan\u00fat, k\u00f6zt\u00fck a kuty\u00e1t el\/lta\/\u00f3 \u00e1llatorvost is meghallgatta a rend\u0151rs\u00e9g a G\u00e1sp\u00e1r Gy\u0151z\u0151 ki\/\u00falt Buksij\u00e1val kapcsolatos nyomoz\u00e1s sor\u00e1n mivel nagyon sok re\/t\u00e9l\/es k\u00f6r\u00fclm\u00e9ny mer\u00fclt fel az \u00fcgyben!<\/h3>\n<h3><span style=\"color: #ff0000;\"><strong>A h\u00edr nem \u00e9rt v\u00e9get! Folytat\u00e1shoz haszn\u00e1ld a K\u00d6VETKEZ\u0150 OLDAL gombot!<\/strong><\/span><\/h3>\n<h3 style=\"text-align: right;\"><a href=\"https:\/\/matrend.hu\/maitrend\/?p=2056\" target=\"_blank\" rel=\"noopener\"><span style=\"color: #ff0000;\">&#8212;&gt;&gt; K\u00d6VETKEZ\u0150 OLDAL<\/span><\/a><\/h3>\n<p>&#8211;<\/p>\n<p>Sz\u00f3val, mit kapunk az MG els\u0151, teljesen elektromos aut\u00f3j\u00e1t\u00f3l? Az MG4 az MG Modular Scalable Platform (MSP) alapjaira \u00e9p\u00fcl, amely t\u00f6bb MG elektromos modellnek is alapot ad, k\u00f6zt\u00fck az MG Cybersternek is. Az MG4 h\u00e1rom k\u00fcl\u00f6nb\u00f6z\u0151 akkumul\u00e1tor m\u00e9rettel \u00e9rhet\u0151 el (51 kWh, 64 kWh vagy 77 kWh), \u00e9s n\u00e9gy k\u00fcl\u00f6nb\u00f6z\u0151 teljes\u00edtm\u00e9nyv\u00e1ltozattal, kezdve az SE v\u00e1ltozattal, amely h\u00e1ts\u00f3ker\u00e9k-hajt\u00e1s\u00fa \u00e9s 168 l\u00f3er\u0151s motorral rendelkezik, eg\u00e9szen a teljes\u00edtm\u00e9nyorient\u00e1lt MG4 XPower-ig, amely 429 l\u00f3er\u0151s \u00e9s n\u00e9gyker\u00e9k-hajt\u00e1s\u00fa.<\/p>\n<p>A v\u00e1lasztott modellt\u0151l f\u00fcgg\u0151en az elektromos hat\u00f3t\u00e1vols\u00e1g 218 m\u00e9rf\u00f6ld (a 49 kWh-s SE eset\u00e9ben) \u00e9s 329 m\u00e9rf\u00f6ld (a 77 kWh-s Extended Range v\u00e1ltozat eset\u00e9ben) k\u00f6z\u00f6tt v\u00e1ltozik. Minden verzi\u00f3 rendelkezik gyors t\u00f6lt\u00e9si lehet\u0151s\u00e9ggel, lehet\u0151v\u00e9 t\u00e9ve a gyors t\u00f6lt\u00e9seket, ha hosszabb utaz\u00e1sra k\u00e9sz\u00fcl\u00fcnk.<\/p>\n<p>A sz\u00e9riafelszerelts\u00e9g b\u0151s\u00e9ges, t\u00f6bbek k\u00f6z\u00f6tt egy h\u00e1ts\u00f3 ablakt\u00f6rl\u0151t is tartalmaz, hogy tiszt\u00e1n tartsa a h\u00e1ts\u00f3 ablakot \u2013 amit m\u00e1s elektromos aut\u00f3kban, mint p\u00e9ld\u00e1ul az Ora 03-ban, m\u00e1r elhagytak. Az alap SE modellek 17 h\u00fcvelykes alufelniket, automatikus LED f\u00e9nysz\u00f3r\u00f3kat, h\u00e1ts\u00f3 parkol\u00f3\u00e9rz\u00e9kel\u0151ket, adapt\u00edv tempomatot \u00e9s egy 10,25 h\u00fcvelykes infotainment \u00e9rint\u0151k\u00e9perny\u0151t k\u00edn\u00e1lnak\u00a0 CarPlay \u00e9s Auto csatlakoztathat\u00f3s\u00e1ggal.<\/p>\n<p>A magasabb szint\u0171 Trophy modellekhez nagy h\u00e1ts\u00f3 sz\u00e1rnyat adnak, hogy megk\u00fcl\u00f6nb\u00f6ztess\u00e9k \u0151ket a t\u00f6bbi v\u00e1ltozatt\u00f3l, \u00e9s olyan luxusokat k\u00edn\u00e1lnak, mint a f\u0171thet\u0151 \u00fcl\u00e9sek, vezet\u00e9k n\u00e9lk\u00fcli okostelefon-t\u00f6lt\u00e9s \u00e9s egy fejlettebb audio rendszer. A cs\u00facsmodell, az XPower mindent megkap, amit a Trophy v\u00e1ltozat, de emellett egyedi 18 h\u00fcvelykes alufelniket \u00e9s (kegyesen) nagyobb f\u00e9keket is kap, hogy kezelje a megn\u00f6vekedett teljes\u00edtm\u00e9nyt.<\/p>\n<p>Azt tal\u00e1ljuk, hogy az MG4 sokkal ink\u00e1bb \u00e9rt\u00e9kes aj\u00e1nlatk\u00e9nt \u00e9rthet\u0151, ez\u00e9rt azt javasoljuk, hogy a SE Long Range modellt v\u00e1lasszuk a sorozat legjobb v\u00e1laszt\u00e1s\u00e1nak, mivel mindent megad, amire sz\u00fcks\u00e9g van, \u00e9s tisztess\u00e9ges elektromos hat\u00f3t\u00e1vols\u00e1got k\u00edn\u00e1l.<\/p>\n","protected":false},"excerpt":{"rendered":"<p>A csal\u00e1d most megeml\u00e9kezik! M\u00e1r 19 \u00e9ve t\u00f6rt\u00e9nt hogy a G\u00e1sp\u00e1r csal\u00e1d elvesztette Buksi-t! Akkor t\u00f6bb tan\u00fat, k\u00f6zt\u00fck a kuty\u00e1t&#8230; <span class=\"gridview-grid-post-read-more\"><a href=\"https:\/\/matrend.hu\/nekedinfo\/a-gaspar-csalad-rol-van-szo\/\">read more<span class=\"gridview-sr-only\"> A G\u00e1sp\u00e1r csal\u00e1d-r\u00f3l van sz\u00f3!<\/span><\/a><\/span><\/p>\n","protected":false},"author":1,"featured_media":2058,"comment_status":"open","ping_status":"open","sticky":false,"template":"","format":"standard","meta":{"footnotes":""},"categories":[1],"tags":[],"class_list":["post-2099","post","type-post","status-publish","format-standard","has-post-thumbnail","hentry","category-egyeb","wpcat-1-id"],"_links":{"self":[{"href":"https:\/\/matrend.hu\/nekedinfo\/wp-json\/wp\/v2\/posts\/2099","targetHints":{"allow":["GET"]}}],"collection":[{"href":"https:\/\/matrend.hu\/nekedinfo\/wp-json\/wp\/v2\/posts"}],"about":[{"href":"https:\/\/matrend.hu\/nekedinfo\/wp-json\/wp\/v2\/types\/post"}],"author":[{"embeddable":true,"href":"https:\/\/matrend.hu\/nekedinfo\/wp-json\/wp\/v2\/users\/1"}],"replies":[{"embeddable":true,"href":"https:\/\/matrend.hu\/nekedinfo\/wp-json\/wp\/v2\/comments?post=2099"}],"version-history":[{"count":1,"href":"https:\/\/matrend.hu\/nekedinfo\/wp-json\/wp\/v2\/posts\/2099\/revisions"}],"predecessor-version":[{"id":2100,"href":"https:\/\/matrend.hu\/nekedinfo\/wp-json\/wp\/v2\/posts\/2099\/revisions\/2100"}],"wp:featuredmedia":[{"embeddable":true,"href":"https:\/\/matrend.hu\/nekedinfo\/wp-json\/wp\/v2\/media\/2058"}],"wp:attachment":[{"href":"https:\/\/matrend.hu\/nekedinfo\/wp-json\/wp\/v2\/media?parent=2099"}],"wp:term":[{"taxonomy":"category","embeddable":true,"href":"https:\/\/matrend.hu\/nekedinfo\/wp-json\/wp\/v2\/categories?post=2099"},{"taxonomy":"post_tag","embeddable":true,"href":"https:\/\/matrend.hu\/nekedinfo\/wp-json\/wp\/v2\/tags?post=2099"}],"curies":[{"name":"wp","href":"https:\/\/api.w.org\/{rel}","templated":true}]}}