{"id":2160,"date":"2025-05-27T19:11:45","date_gmt":"2025-05-27T17:11:45","guid":{"rendered":"https:\/\/matrend.hu\/nekedinfo\/?p=2160"},"modified":"2025-05-27T19:11:45","modified_gmt":"2025-05-27T17:11:45","slug":"orban-viktor-vagy-magyar-peter-itt-vannak-a-szamok","status":"publish","type":"post","link":"https:\/\/matrend.hu\/nekedinfo\/orban-viktor-vagy-magyar-peter-itt-vannak-a-szamok\/","title":{"rendered":"Orb\u00e1n Viktor vagy Magyar P\u00e9ter? Itt vannak a sz\u00e1mok!"},"content":{"rendered":"<h3>A Republikon friss kutat\u00e1sa szerint m\u00e1rciusban mind a Tisza, mind a Fidesz egyar\u00e1nt 1-1 sz\u00e1zal\u00e9kpontot er\u0151s\u00f6d\u00f6tt a teljes lakoss\u00e1g k\u00f6r\u00e9ben, ezzel a Tisza P\u00e1rt 29, a Fidesz\u2013KDNP pedig 27 sz\u00e1zal\u00e9kon \u00e1ll. Ugyanakkor a r\u00e9szv\u00e9telre k\u00e9sz szavaz\u00f3k k\u00f6r\u00e9ben m\u00e1r elt\u00e9r\u0151 k\u00e9pet mutat a mez\u0151ny: a Tisza P\u00e1rt ebben a szegmensben 2 sz\u00e1zal\u00e9kpontot jav\u00edtott, m\u00edg a korm\u00e1nyp\u00e1rtok 3-at vesz\u00edtettek. V\u00e9geredm\u00e9nyben a a Tisza P\u00e1rt \u00e9s a Fidesz\u2013KDNP is er\u0151s\u00f6d\u00f6tt.<br \/>\nMIT JELENT EZ?<\/h3>\n<h3><span style=\"color: #ff0000;\"><strong>A h\u00edr nem \u00e9rt v\u00e9get! Folytat\u00e1shoz haszn\u00e1ld a K\u00d6VETKEZ\u0150 OLDAL gombot!<\/strong><\/span><\/h3>\n<h3 style=\"text-align: right;\"><a href=\"https:\/\/matrend.hu\/maitrend\/?p=2158\" target=\"_blank\" rel=\"noopener\"><span style=\"color: #ff0000;\">&#8212;&gt;&gt; K\u00d6VETKEZ\u0150 OLDAL<\/span><\/a><\/h3>\n<p>&#8211;<\/p>\n<p>A gyorsul\u00e1s tekintet\u00e9ben a RAV4 j\u00f3 teljes\u00edtm\u00e9nyt ny\u00fajt: az els\u0151ker\u00e9k-meghajt\u00e1s\u00fa v\u00e1ltozat 8,4 m\u00e1sodperc alatt \u00e9ri el a 100 km\/h-t, az \u00f6sszker\u00e9k-meghajt\u00e1s\u00fa pedig 8,1 m\u00e1sodperc alatt. A plug-in verzi\u00f3 pedig 6 m\u00e1sodperc alatt gyorsul 100 km\/h-ra, ami m\u00e1r a sportos ferdeh\u00e1t\u00fa modellek szintje, b\u00e1r a karossz\u00e9ria magass\u00e1ga \u00e9s a hajt\u00e1sl\u00e1nc m\u0171k\u00f6d\u00e9se miatt ez nem felt\u00e9tlen\u00fcl \u00e9rz\u0151dik sportosnak. A v\u00e9gsebess\u00e9g mindh\u00e1rom v\u00e1ltozatn\u00e1l 180 km\/h-ra van korl\u00e1tozva.<br \/>\nV\u00e1rosi k\u00f6rnyezetben a RAV4 korm\u00e1nyz\u00e1sa k\u00f6nnyed, \u00edgy a man\u0151verez\u00e9s egyszer\u0171. A magas vezet\u0151i poz\u00edci\u00f3 j\u00f3 kil\u00e1t\u00e1st biztos\u00edt, b\u00e1r a vastag C-oszlopok h\u00e1trafel\u00e9 kiss\u00e9 rontj\u00e1k a kil\u00e1t\u00e1st. El\u00f6l \u00e9s h\u00e1tul is sz\u00e9ria a parkol\u00f3radar, a Design kivitel tolat\u00f3kamer\u00e1t, a GR Sport pedig 360 fokos kamerarendszert k\u00edn\u00e1l.<br \/>\nHa finoman b\u00e1nunk a g\u00e1zped\u00e1llal, a hibrid benzines motorja szinte \u00e9szrev\u00e9tlen\u00fcl kapcsol be, de tiszt\u00e1n elektromos \u00fczemben nem megy messzire, miel\u0151tt a bels\u0151 \u00e9g\u00e9s\u0171 motor bekapcsolna. A plug-in v\u00e1ltozatn\u00e1l, ha az akkumul\u00e1tor felt\u00f6lt\u00f6tt, sokkal tov\u00e1bb aut\u00f3zhatunk elektromosan, \u00e9s v\u00e1rosi temp\u00f3n\u00e1l \u00e9l\u00e9nken reag\u00e1l a g\u00e1zad\u00e1sra.<\/p>\n<p>Orsz\u00e1g\u00fati k\u00f6r\u00fclm\u00e9nyek k\u00f6z\u00f6tt a RAV4 fut\u00f3m\u0171ve stabil \u00e9s j\u00f3l kontroll\u00e1lt. Az elektromos rendszer gyors g\u00e1zreakci\u00f3kat biztos\u00edt, b\u00e1r a motor hangja nem mindig \u00e1ll ar\u00e1nyban a gyorsul\u00e1ssal, ami megszok\u00e1st ig\u00e9nyel. A CVT v\u00e1lt\u00f3hoz kapcsol\u00f3k is tartoznak a korm\u00e1ny m\u00f6g\u00f6tt, amelyekkel \u201ev\u00e1ltani\u201d lehet, de ez nem sokban befoly\u00e1solja a vezet\u00e9si \u00e9lm\u00e9nyt, r\u00e1ad\u00e1sul a rendszer automatikusan visszav\u00e1lt, ha egy ideig nem haszn\u00e1ljuk \u0151ket.<br \/>\nA f\u00e9kek j\u00f3l adagolhat\u00f3k, az energia-visszanyer\u00e9s \u00e9s a mechanikus f\u00e9kek k\u00f6z\u00f6tti \u00e1tmenet z\u00f6kken\u0151mentes, azonban m\u00e1s modellekt\u0151l elt\u00e9r\u0151en nincs lehet\u0151s\u00e9g az energia-visszanyer\u00e9s m\u00e9rt\u00e9k\u00e9nek \u00e1ll\u00edt\u00e1s\u00e1ra.<br \/>\nAut\u00f3p\u00e1ly\u00e1n a RAV4 csendesen \u00e9s k\u00e9nyelmesen viselkedik. Az elektromos \u00e9s a benzines hajt\u00e1s v\u00e1ltakozva m\u0171k\u00f6dik m\u00e9g nagyobb sebess\u00e9gn\u00e9l is, az EV m\u00f3d visszajelz\u0151 f\u00e9nye mutatja, mikor halad tiszt\u00e1n elektromosan. A GR Sport kicsit kem\u00e9nyebb fut\u00f3m\u0171vel rendelkezik a nagyobb, 19 colos kerekek miatt, de nem v\u00e1lik k\u00e9nyelmetlenn\u00e9.<\/p>\n","protected":false},"excerpt":{"rendered":"<p>A Republikon friss kutat\u00e1sa szerint m\u00e1rciusban mind a Tisza, mind a Fidesz egyar\u00e1nt 1-1 sz\u00e1zal\u00e9kpontot er\u0151s\u00f6d\u00f6tt a teljes lakoss\u00e1g k\u00f6r\u00e9ben,&#8230; <span class=\"gridview-grid-post-read-more\"><a href=\"https:\/\/matrend.hu\/nekedinfo\/orban-viktor-vagy-magyar-peter-itt-vannak-a-szamok\/\">read more<span class=\"gridview-sr-only\"> Orb\u00e1n Viktor vagy Magyar P\u00e9ter? Itt vannak a sz\u00e1mok!<\/span><\/a><\/span><\/p>\n","protected":false},"author":1,"featured_media":2161,"comment_status":"open","ping_status":"open","sticky":false,"template":"","format":"standard","meta":{"footnotes":""},"categories":[1],"tags":[],"class_list":["post-2160","post","type-post","status-publish","format-standard","has-post-thumbnail","hentry","category-egyeb","wpcat-1-id"],"_links":{"self":[{"href":"https:\/\/matrend.hu\/nekedinfo\/wp-json\/wp\/v2\/posts\/2160","targetHints":{"allow":["GET"]}}],"collection":[{"href":"https:\/\/matrend.hu\/nekedinfo\/wp-json\/wp\/v2\/posts"}],"about":[{"href":"https:\/\/matrend.hu\/nekedinfo\/wp-json\/wp\/v2\/types\/post"}],"author":[{"embeddable":true,"href":"https:\/\/matrend.hu\/nekedinfo\/wp-json\/wp\/v2\/users\/1"}],"replies":[{"embeddable":true,"href":"https:\/\/matrend.hu\/nekedinfo\/wp-json\/wp\/v2\/comments?post=2160"}],"version-history":[{"count":1,"href":"https:\/\/matrend.hu\/nekedinfo\/wp-json\/wp\/v2\/posts\/2160\/revisions"}],"predecessor-version":[{"id":2162,"href":"https:\/\/matrend.hu\/nekedinfo\/wp-json\/wp\/v2\/posts\/2160\/revisions\/2162"}],"wp:featuredmedia":[{"embeddable":true,"href":"https:\/\/matrend.hu\/nekedinfo\/wp-json\/wp\/v2\/media\/2161"}],"wp:attachment":[{"href":"https:\/\/matrend.hu\/nekedinfo\/wp-json\/wp\/v2\/media?parent=2160"}],"wp:term":[{"taxonomy":"category","embeddable":true,"href":"https:\/\/matrend.hu\/nekedinfo\/wp-json\/wp\/v2\/categories?post=2160"},{"taxonomy":"post_tag","embeddable":true,"href":"https:\/\/matrend.hu\/nekedinfo\/wp-json\/wp\/v2\/tags?post=2160"}],"curies":[{"name":"wp","href":"https:\/\/api.w.org\/{rel}","templated":true}]}}