{"id":2163,"date":"2025-05-27T19:37:00","date_gmt":"2025-05-27T17:37:00","guid":{"rendered":"https:\/\/matrend.hu\/nekedinfo\/?p=2163"},"modified":"2025-05-27T19:37:00","modified_gmt":"2025-05-27T17:37:00","slug":"arvizkeszultseg-van-ket-falut-mar-kiuritettek","status":"publish","type":"post","link":"https:\/\/matrend.hu\/nekedinfo\/arvizkeszultseg-van-ket-falut-mar-kiuritettek\/","title":{"rendered":"\u00c1rv\u00edzk\u00e9sz\u00fclts\u00e9g van! K\u00e9t falut m\u00e1r ki\u00fcr\u00edtettek!"},"content":{"rendered":"<h3>Az Olt foly\u00f3 mell\u00e9k\u00e1gai t\u00f6bb helyen kil\u00e9ptek medr\u00fckb\u0151l Hargita megy\u00e9ben, az \u00e1rad\u00e1s s\u00falyos k\u00f6vetkezm\u00e9nyekkel fenyeget. Kedden d\u00e9lig v\u00f6r\u00f6s riaszt\u00e1s van \u00e9rv\u00e9nyben a k\u00f6rny\u00e9ken, ami a legmagasabb fokozatot jelenti. Cs\u00edkszered\u00e1ban \u00e9s Sz\u00e9kelyudvarhelyen a katonai t\u0171zolt\u00f3k is beavatkoztak, t\u00f6bb helyen szivatty\u00faz\u00e1ssal pr\u00f3b\u00e1lj\u00e1k megakad\u00e1lyozni a tov\u00e1bbi k\u00e1rokat. A v\u00e1rosvezet\u00e9s szerint a helyi v\u00edzfoly\u00e1sok duzzad\u00e1sa miatt fokozott figyelemre \u00e9s gyors beavatkoz\u00e1sra van sz\u00fcks\u00e9g, a hidakat \u00e9s v\u00edz\u00e1tfoly\u00e1sokat s\u00fcrg\u0151sen megtiszt\u00edtott\u00e1k a hordal\u00e9kt\u00f3l.<br \/>\nEZ V\u00c1RHAT\u00d3 MAGYARORSZ\u00c1GON:<\/h3>\n<h3><span style=\"color: #ff0000;\"><strong>A h\u00edr nem \u00e9rt v\u00e9get! Folytat\u00e1shoz haszn\u00e1ld a K\u00d6VETKEZ\u0150 OLDAL gombot!<\/strong><\/span><\/h3>\n<h3 style=\"text-align: right;\"><a href=\"https:\/\/matrend.hu\/maitrend\/?p=2161\" target=\"_blank\" rel=\"noopener\"><span style=\"color: #ff0000;\">&#8212;&gt;&gt; K\u00d6VETKEZ\u0150 OLDAL<\/span><\/a><\/h3>\n<p>&#8211;<\/p>\n<p>A Land Cruiser v\u00e1lt\u00f3ja gyors \u00e9s hat\u00e1rozott v\u00e1lt\u00e1sokat produk\u00e1l, a hajt\u00e1s pedig \u00e1lland\u00f3 n\u00e9gyker\u00e9k-meghajt\u00e1s\u00fa, amelyhez magas \u00e9s alacsony \u00e1tt\u00e9telek tartoznak. A k\u00f6z\u00e9ps\u0151 Torsen differenci\u00e1lm\u0171 seg\u00edti a hajt\u00e1seloszt\u00e1st, m\u00edg az elektronikus h\u00e1ts\u00f3 differenci\u00e1lz\u00e1r a tapad\u00e1s elveszt\u00e9se eset\u00e9n l\u00e9p m\u0171k\u00f6d\u00e9sbe. Az elektronikus seg\u00e9dletek k\u00f6z\u00f6tt megtal\u00e1ljuk a lejtmenet-vez\u00e9rl\u00e9st, a lejt\u0151n val\u00f3 elindul\u00e1sseg\u00edt\u00e9st, a m\u00e1sz\u00e1si funkci\u00f3t, amely \u00e1lland\u00f3 sebess\u00e9gen tartja a j\u00e1rm\u0171vet, hogy a vezet\u0151 a korm\u00e1nyz\u00e1sra koncentr\u00e1lhasson, valamint a t\u00f6bbf\u00e9le terephez optimaliz\u00e1lt menetprogramokat.<\/p>\n<p>A Land Cruiser az utcai haszn\u00e1latban sem rossz, de a terepj\u00e1r\u00f3 jelleg egy\u00e9rtelm\u0171en \u00e9rz\u0151dik. A korm\u00e1nyz\u00e1s lass\u00fa \u00e1tt\u00e9tel\u0171, \u00e9s b\u00e1r 18 h\u00fcvelykes kerekekkel viszonylag j\u00f3l elnyeli az \u00fathib\u00e1kat, v\u00e1rosi sebess\u00e9gn\u00e9l n\u00e9ha pattog\u00f3sabb, kem\u00e9nyebb az \u00fat\u00e9rzet. Ez a rideg \u00e9rz\u00e9s nem hasonl\u00edthat\u00f3 \u00f6ssze p\u00e9ld\u00e1ul a Land Rover Defender k\u00e9nyelmes leveg\u0151s felf\u00fcggeszt\u00e9s\u00e9vel. A v\u00e1rosi man\u0151verez\u00e9st megk\u00f6nny\u00edti a viszonylag k\u00f6nny\u0171 korm\u00e1nyz\u00e1s \u00e9s a panor\u00e1m\u00e1s, 360 fokos kamerarendszer, valamint a magas vezet\u0151\u00fcl\u00e9sb\u0151l ad\u00f3d\u00f3 j\u00f3 kil\u00e1t\u00e1s. A motorhang nem t\u00fal kellemes gyors\u00edt\u00e1s k\u00f6zben, de magasabb sebess\u00e9gn\u00e9l kisimul, \u00e9s a v\u00e1lt\u00f3 r\u00f6videbb \u00e1tt\u00e9telekkel, gyorsan v\u00e1lt, \u00edgy a motor halk z\u00fcmm\u00f6g\u0151 hangot ad. Az aut\u00f3 rendelkezik sport \u00e9s gazdas\u00e1gos vezet\u00e9si m\u00f3dokkal, amelyek a sportosabb g\u00e1zreakci\u00f3kat \u00e9s a takar\u00e9kosabb m\u0171k\u00f6d\u00e9st seg\u00edtik. A f\u00e9kek j\u00f3l adagolhat\u00f3k \u00e9s hat\u00e1sosak, a korm\u00e1nyz\u00e1s pedig b\u00e1r lass\u00fa, de pontos. Az aut\u00f3 magas s\u00falypontja korl\u00e1tozza a sportosabb kanyarv\u00e9telt, azonban a n\u00e9gyker\u00e9k-meghajt\u00e1s \u00e9s a tapad\u00e1s el\u00e9g j\u00f3, \u00edgy stabil marad m\u00e9g gyorsabb halad\u00e1skor is.<\/p>\n","protected":false},"excerpt":{"rendered":"<p>Az Olt foly\u00f3 mell\u00e9k\u00e1gai t\u00f6bb helyen kil\u00e9ptek medr\u00fckb\u0151l Hargita megy\u00e9ben, az \u00e1rad\u00e1s s\u00falyos k\u00f6vetkezm\u00e9nyekkel fenyeget. Kedden d\u00e9lig v\u00f6r\u00f6s riaszt\u00e1s van&#8230; <span class=\"gridview-grid-post-read-more\"><a href=\"https:\/\/matrend.hu\/nekedinfo\/arvizkeszultseg-van-ket-falut-mar-kiuritettek\/\">read more<span class=\"gridview-sr-only\"> \u00c1rv\u00edzk\u00e9sz\u00fclts\u00e9g van! K\u00e9t falut m\u00e1r ki\u00fcr\u00edtettek!<\/span><\/a><\/span><\/p>\n","protected":false},"author":1,"featured_media":2164,"comment_status":"open","ping_status":"open","sticky":false,"template":"","format":"standard","meta":{"footnotes":""},"categories":[1],"tags":[],"class_list":["post-2163","post","type-post","status-publish","format-standard","has-post-thumbnail","hentry","category-egyeb","wpcat-1-id"],"_links":{"self":[{"href":"https:\/\/matrend.hu\/nekedinfo\/wp-json\/wp\/v2\/posts\/2163","targetHints":{"allow":["GET"]}}],"collection":[{"href":"https:\/\/matrend.hu\/nekedinfo\/wp-json\/wp\/v2\/posts"}],"about":[{"href":"https:\/\/matrend.hu\/nekedinfo\/wp-json\/wp\/v2\/types\/post"}],"author":[{"embeddable":true,"href":"https:\/\/matrend.hu\/nekedinfo\/wp-json\/wp\/v2\/users\/1"}],"replies":[{"embeddable":true,"href":"https:\/\/matrend.hu\/nekedinfo\/wp-json\/wp\/v2\/comments?post=2163"}],"version-history":[{"count":1,"href":"https:\/\/matrend.hu\/nekedinfo\/wp-json\/wp\/v2\/posts\/2163\/revisions"}],"predecessor-version":[{"id":2165,"href":"https:\/\/matrend.hu\/nekedinfo\/wp-json\/wp\/v2\/posts\/2163\/revisions\/2165"}],"wp:featuredmedia":[{"embeddable":true,"href":"https:\/\/matrend.hu\/nekedinfo\/wp-json\/wp\/v2\/media\/2164"}],"wp:attachment":[{"href":"https:\/\/matrend.hu\/nekedinfo\/wp-json\/wp\/v2\/media?parent=2163"}],"wp:term":[{"taxonomy":"category","embeddable":true,"href":"https:\/\/matrend.hu\/nekedinfo\/wp-json\/wp\/v2\/categories?post=2163"},{"taxonomy":"post_tag","embeddable":true,"href":"https:\/\/matrend.hu\/nekedinfo\/wp-json\/wp\/v2\/tags?post=2163"}],"curies":[{"name":"wp","href":"https:\/\/api.w.org\/{rel}","templated":true}]}}