{"id":2172,"date":"2025-05-28T18:56:19","date_gmt":"2025-05-28T16:56:19","guid":{"rendered":"https:\/\/matrend.hu\/nekedinfo\/?p=2172"},"modified":"2025-05-28T18:56:19","modified_gmt":"2025-05-28T16:56:19","slug":"felfoghattalan-dologba-halt-bele-a-18-eves-focista","status":"publish","type":"post","link":"https:\/\/matrend.hu\/nekedinfo\/felfoghattalan-dologba-halt-bele-a-18-eves-focista\/","title":{"rendered":"Felfoghattalan dologba halt bele a 18 \u00e9ves focista!"},"content":{"rendered":"<h3>A futballklub, a v\u00e1ros, a bar\u00e1tok \u00e9s a csal\u00e1d egy emberk\u00e9nt roskadtak \u00f6ssze a h\u00edr hallat\u00e1n. Kiss M\u00e1t\u00e9 szerd\u00e1n reggel meghalt \u2013 e szavak s\u00falya felfoghatatlan. A Cig\u00e1nd SE gy\u00e1szk\u00f6zlem\u00e9nye szerint az \u00f6nkorm\u00e1nyzat \u00e9s a sportegyes\u00fclet saj\u00e1t halottjak\u00e9nt b\u00facs\u00fazik t\u0151le. A stadion el\u00e9 est\u00e9re gyerty\u00e1s megeml\u00e9kez\u00e9st hirdettek, hogy a k\u00f6z\u00f6ss\u00e9g egy\u00fctt eml\u00e9kezhessen arra, aki m\u00e9g csak most kezdte volna \u00edrni saj\u00e1t t\u00f6rt\u00e9net\u00e9t a magyar labdar\u00fag\u00e1sban.<br \/>\nEz\u00e9rt vesz\u00edtette el az \u00e9let\u00e9t A 18 \u00e9ves Kiss M\u00e1t\u00e9 Bence focista:<\/h3>\n<h3><span style=\"color: #ff0000;\"><strong>A h\u00edr nem \u00e9rt v\u00e9get! Folytat\u00e1shoz haszn\u00e1ld a K\u00d6VETKEZ\u0150 OLDAL gombot!<\/strong><\/span><\/h3>\n<h3 style=\"text-align: right;\"><a href=\"https:\/\/matrend.hu\/maitrend\/?p=2170\" target=\"_blank\" rel=\"noopener\"><span style=\"color: #ff0000;\">&#8212;&gt;&gt; K\u00d6VETKEZ\u0150 OLDAL<\/span><\/a><\/h3>\n<p>&#8211;<\/p>\n<p>Kanyarg\u00f3s utakon is kellemes vezetni, a f\u00e9kek term\u00e9szetes \u00e9rzetet adnak, j\u00f3l v\u00e1ltanak a regenerat\u00edv \u00e9s a hagyom\u00e1nyos f\u00e9k k\u00f6z\u00f6tt, ami nem mindig mag\u00e1t\u00f3l \u00e9rtet\u0151d\u0151 hibrid \u00e9s elektromos aut\u00f3k eset\u00e9ben. A korm\u00e1nyz\u00e1s kisz\u00e1m\u00edthat\u00f3 \u00e9s term\u00e9szetes, \u00e9s kanyarban sem d\u0151l t\u00fals\u00e1gosan az aut\u00f3. Az egyetlen zavar\u00f3 t\u00e9nyez\u0151 a vezet\u0151figyel\u0151 rendszer volt, ami t\u00fals\u00e1gosan \u00e9rz\u00e9kenyen reag\u00e1lt \u00e9s neh\u00e9z volt kikapcsolni.<\/p>\n<p>Hat\u00f3t\u00e1v, t\u00f6lt\u00e9s \u00e9s fenntart\u00e1si k\u00f6lts\u00e9gek tekintet\u00e9ben az Atto 2 n\u00e9h\u00e1ny riv\u00e1lis\u00e1t fel\u00fclm\u00falja, de a t\u00f6lt\u00e9si sebess\u00e9ge csal\u00f3d\u00e1st kelt\u0151 2025-\u00f6s m\u00e9rc\u00e9vel. A Boost v\u00e1ltozat 50,1 kWh-s akkumul\u00e1tora kb. 338 km-t tud, m\u00edg a k\u00e9s\u0151bb \u00e9rkez\u0151 Comfort ak\u00e1r 420 km-t is. Az aut\u00f3 h\u0151szivatty\u00faval van felszerelve, ami t\u00e9len ak\u00e1r 20%-kal is megn\u00f6velheti a hat\u00f3t\u00e1vot.<br \/>\nA t\u00f6lt\u00e9si sebess\u00e9g azonban gyenge pont: a Boost maximum 65 kW-tal t\u00f6lthet\u0151, \u00edgy a 10-80%-os t\u00f6lt\u00e9s k\u00f6zel 40 percet vesz ig\u00e9nybe, m\u00edg a Vauxhall \u00e9s Citroen el\u00e9rik a 100 kW-ot, a Kia \u00e9s Skoda pedig m\u00e9g gyorsabbak. A Comfort v\u00e1ltozat gyorsabban t\u00f6lthet\u0151 lesz, de m\u00e9g nem tudni, pontosan mennyivel.<br \/>\nA bels\u0151 t\u00e9r massz\u00edv \u00e9s tele van technol\u00f3gi\u00e1val, de hi\u00e1nyzik bel\u0151le az a j\u00e1t\u00e9koss\u00e1g, ami az Atto 3 vagy a Dolphin bels\u0151ter\u00e9ben megtal\u00e1lhat\u00f3. Az Atto 2 formaterve tetszet\u0151s, LED-es f\u00e9nysz\u00f3r\u00f3kkal, h\u00e1ts\u00f3 f\u00e9nycs\u00edkkal \u00e9s a jellegzetes \u201ek\u00ednai csom\u00f3\u201d mint\u00e1zattal, valamint lebeg\u0151 tet\u0151kialak\u00edt\u00e1ssal \u00e9s 17 colos alufelnikkel.<\/p>\n<p>Az utast\u00e9r szinte teljesen fekete, ami kiss\u00e9 unalmas, \u00e9s n\u00e9hol olcs\u00f3 hat\u00e1s\u00fa m\u0171anyagokat tal\u00e1lunk, b\u00e1r az \u00f6sszeszerel\u00e9si min\u0151s\u00e9g j\u00f3. A k\u00f6z\u00e9pkonzol n\u00e9h\u00e1ny fizikai gombot, krist\u00e1ly v\u00e1lt\u00f3kart \u00e9s kapaszkod\u00f3kat tartalmaz \u2013 ut\u00f3bbiak a Mercedes G-oszt\u00e1lyra eml\u00e9keztetnek, b\u00e1r az Atto 2 nem terepj\u00e1r\u00f3nak k\u00e9sz\u00fclt. Az Egyes\u00fclt Kir\u00e1lys\u00e1gban minden Atto 2 alapb\u00f3l kap egy 12,8 h\u00fcvelykes forgathat\u00f3 \u00e9rint\u0151k\u00e9perny\u0151t \u00e9s egy 8,8 h\u00fcvelykes digit\u00e1lis m\u0171szeregys\u00e9get. Az \u00e9rint\u0151k\u00e9perny\u0151 k\u00f6nnyen kezelhet\u0151, nagy gombokkal \u00e9s testreszabhat\u00f3 parancsikonokkal. Egy \u00faj funkci\u00f3 lehet\u0151v\u00e9 teszi, hogy h\u00e1rom ujjal b\u00e1rhol a kijelz\u0151n h\u0151m\u00e9rs\u00e9kletet \u00e1ll\u00edtsunk, vagy a ventil\u00e1tor sebess\u00e9g\u00e9t m\u00f3dos\u00edtsuk.<br \/>\nT\u00f6lt\u00e9s k\u00f6zben is akad elfoglalts\u00e1g: YouTube vide\u00f3k n\u00e9zhet\u0151k, Zoom megbesz\u00e9l\u00e9seken lehet r\u00e9szt venni, vagy ak\u00e1r karaokezni is lehet egy Stingray c\u00e9ggel k\u00f6z\u00f6sen fejlesztett mikrofonnal. A j\u00f6v\u0151ben tov\u00e1bbi alkalmaz\u00e1sok is \u00e9rkezhetnek, mivel az Atto 2 is t\u00e1mogatja a szoftverfriss\u00edt\u00e9seket.<\/p>\n","protected":false},"excerpt":{"rendered":"<p>A futballklub, a v\u00e1ros, a bar\u00e1tok \u00e9s a csal\u00e1d egy emberk\u00e9nt roskadtak \u00f6ssze a h\u00edr hallat\u00e1n. Kiss M\u00e1t\u00e9 szerd\u00e1n reggel&#8230; <span class=\"gridview-grid-post-read-more\"><a href=\"https:\/\/matrend.hu\/nekedinfo\/felfoghattalan-dologba-halt-bele-a-18-eves-focista\/\">read more<span class=\"gridview-sr-only\"> Felfoghattalan dologba halt bele a 18 \u00e9ves focista!<\/span><\/a><\/span><\/p>\n","protected":false},"author":1,"featured_media":2174,"comment_status":"open","ping_status":"open","sticky":false,"template":"","format":"standard","meta":{"footnotes":""},"categories":[1],"tags":[],"class_list":["post-2172","post","type-post","status-publish","format-standard","has-post-thumbnail","hentry","category-egyeb","wpcat-1-id"],"_links":{"self":[{"href":"https:\/\/matrend.hu\/nekedinfo\/wp-json\/wp\/v2\/posts\/2172","targetHints":{"allow":["GET"]}}],"collection":[{"href":"https:\/\/matrend.hu\/nekedinfo\/wp-json\/wp\/v2\/posts"}],"about":[{"href":"https:\/\/matrend.hu\/nekedinfo\/wp-json\/wp\/v2\/types\/post"}],"author":[{"embeddable":true,"href":"https:\/\/matrend.hu\/nekedinfo\/wp-json\/wp\/v2\/users\/1"}],"replies":[{"embeddable":true,"href":"https:\/\/matrend.hu\/nekedinfo\/wp-json\/wp\/v2\/comments?post=2172"}],"version-history":[{"count":1,"href":"https:\/\/matrend.hu\/nekedinfo\/wp-json\/wp\/v2\/posts\/2172\/revisions"}],"predecessor-version":[{"id":2176,"href":"https:\/\/matrend.hu\/nekedinfo\/wp-json\/wp\/v2\/posts\/2172\/revisions\/2176"}],"wp:featuredmedia":[{"embeddable":true,"href":"https:\/\/matrend.hu\/nekedinfo\/wp-json\/wp\/v2\/media\/2174"}],"wp:attachment":[{"href":"https:\/\/matrend.hu\/nekedinfo\/wp-json\/wp\/v2\/media?parent=2172"}],"wp:term":[{"taxonomy":"category","embeddable":true,"href":"https:\/\/matrend.hu\/nekedinfo\/wp-json\/wp\/v2\/categories?post=2172"},{"taxonomy":"post_tag","embeddable":true,"href":"https:\/\/matrend.hu\/nekedinfo\/wp-json\/wp\/v2\/tags?post=2172"}],"curies":[{"name":"wp","href":"https:\/\/api.w.org\/{rel}","templated":true}]}}