{"id":2178,"date":"2025-05-28T19:37:46","date_gmt":"2025-05-28T17:37:46","guid":{"rendered":"https:\/\/matrend.hu\/nekedinfo\/?p=2178"},"modified":"2025-05-28T19:37:46","modified_gmt":"2025-05-28T17:37:46","slug":"hihetetlen-de-igaz-nokent-ter-vissza-gyurcsany-ferenc","status":"publish","type":"post","link":"https:\/\/matrend.hu\/nekedinfo\/hihetetlen-de-igaz-nokent-ter-vissza-gyurcsany-ferenc\/","title":{"rendered":"Hihetetlen, de igaz! N\u0151k\u00e9nt t\u00e9r vissza Gyurcs\u00e1ny Ferenc!"},"content":{"rendered":"<p><\n\n<h3>Gyurcs\u00e1ny nem csak sz\u00f3ban b\u00facs\u00fazott: rekordid\u0151 alatt lemondott parlamenti mand\u00e1tum\u00e1r\u00f3l, majd k\u00f6z\u00f6ss\u00e9gi oldalait is archiv\u00e1lta. B\u00e1r ezek a l\u00e9p\u00e9sek egy\u00e9rtelm\u0171ek voltak, k\u00e9rd\u00e9sek t\u00f6meg\u00e9t vetett\u00e9k fel: hov\u00e1 t\u0171nt? Mivel foglalkozik? Mi\u00e9rt pont most?<br \/>\nA v\u00e1lasz nem sok\u00e1ig v\u00e1ratott mag\u00e1ra \u2013 a DK k\u00e9pvisel\u0151je el\u00e1rulta, hogy a volt korm\u00e1nyf\u0151 otthon t\u00f6lti idej\u00e9t, \u00e9s egy teljesen \u00faj szerepben pr\u00f3b\u00e1l szerencs\u00e9t:<\/h3>\n<h3><span style=\"color: #ff0000;\"><strong>A h\u00edr nem \u00e9rt v\u00e9get! Folytat\u00e1shoz haszn\u00e1ld a K\u00d6VETKEZ\u0150 OLDAL gombot!<\/strong><\/span><\/h3>\n<h3 style=\"text-align: right;\"><a href=\"https:\/\/matrend.hu\/maitrend\/?p=2176\" target=\"_blank\" rel=\"noopener\"><span style=\"color: #ff0000;\">&#8212;&gt;&gt; K\u00d6VETKEZ\u0150 OLDAL<\/span><\/a><\/h3>\n<p>&#8211;<\/p>\n<p>A leg\u00fajabb Renault Austral egy olyan csal\u00e1di SUV, amelyet els\u0151sorban a modern technol\u00f3gi\u00e1ja hat\u00e1roz meg, k\u00fcl\u00f6n\u00f6sen a naprak\u00e9sz infotainment rendszer\u00e9vel, ami nagyon j\u00f3l m\u0171k\u00f6dik, \u00e9s \u00f6nmag\u00e1ban is elegend\u0151 lehet a v\u00e1s\u00e1rl\u00f3k megnyer\u00e9s\u00e9hez. Az \u00e1r-\u00e9rt\u00e9k ar\u00e1nyban k\u00edn\u00e1lt felszerelts\u00e9g szint\u00e9n versenyk\u00e9pes, k\u00fcl\u00f6n\u00f6sen havi r\u00e9szletfizet\u00e9ssel sz\u00e1molva.<br \/>\nUgyanakkor a haszn\u00e1lhat\u00f3s\u00e1ga ink\u00e1bb elfogadhat\u00f3, mint kiemelked\u0151, \u00e9s a vezet\u00e9si \u00e9lm\u00e9ny \u2013 k\u00fcl\u00f6n\u00f6sen az \u00fattart\u00e1s \u00e9s rug\u00f3z\u00e1s szempontj\u00e1b\u00f3l \u2013 elmarad a szegmens legjobbjait\u00f3l. Az Austral hat\u00e1rozott el\u0151rel\u00e9p\u00e9s a kor\u00e1bbi Renault Kadjarhoz k\u00e9pest, de ez a piaci szegmens rendk\u00edv\u00fcl versenyk\u00e9pes, \u00e9s t\u00f6bb rendk\u00edv\u00fcl tehets\u00e9ges vet\u00e9lyt\u00e1rs is megtal\u00e1lhat\u00f3 benne.<br \/>\nA mi v\u00e1laszt\u00e1sunk a Renault Austral E-Tech Hybrid Techno Esprit Alpine lenne.<\/p>\n<p>Mivel a csal\u00e1di SUV-k egyre n\u00e9pszer\u0171bbek, az Austral kulcsfontoss\u00e1g\u00fa modell a Renault sz\u00e1m\u00e1ra a Kadjar ut\u00f3djak\u00e9nt. A francia m\u00e1rka ezzel az aut\u00f3val olyan kih\u00edv\u00e1ssal n\u00e9z szembe, mint amikor egy zen\u00e9sz a sikeres deb\u00fct\u00e1l\u00f3 album ut\u00e1n megpr\u00f3b\u00e1l hasonl\u00f3 sz\u00ednvonalat el\u00e9rni a m\u00e1sodik lemez\u00e9vel. Az indul\u00f3\u00e1r kicsivel 34 500 font felett van a bel\u00e9p\u0151szint\u0171 Techno felszerelts\u00e9ggel, a k\u00f6z\u00e9ps\u0151 szint\u0171 Techno Esprit Alpine \u00e1ra 37 000 font alatt marad, m\u00edg a cs\u00facsmodell, az Iconic Esprit Alpine, k\u00f6zel 39 000 fontba ker\u00fcl.<br \/>\nAz Austral minden v\u00e1ltozat\u00e1ban alapfelszerelts\u00e9gk\u00e9nt kapott hibrid hajt\u00e1sl\u00e1nc egy 1,2 literes, h\u00e1romhengeres turb\u00f3s benzinmotort \u00e9s egy 1,7 kWh-s akkumul\u00e1tort tartalmaz, amely egy villanymotort t\u00e1pl\u00e1l. A rendszer \u00f6sszteljes\u00edtm\u00e9nye 197 l\u00f3er\u0151, \u00e9s a Renault szerint ak\u00e1r a v\u00e1rosi k\u00f6zleked\u00e9s 80%-\u00e1t is teljesen elektromos \u00fczemm\u00f3dban lehet vele megtenni. Ez hozz\u00e1j\u00e1rul a Renault \u00e1ltal \u201eoszt\u00e1lyels\u0151 hat\u00e9konys\u00e1gnak\u201d nevezett eredm\u00e9nyhez, amely ak\u00e1r 60,1 m\u00e9rf\u00f6ld\/gallon fogyaszt\u00e1st \u00e9s 105g\/km CO\u2082 kibocs\u00e1t\u00e1st jelent.<\/p>\n","protected":false},"excerpt":{"rendered":"<p>< Gyurcs\u00e1ny nem csak sz\u00f3ban b\u00facs\u00fazott: rekordid\u0151 alatt lemondott parlamenti mand\u00e1tum\u00e1r\u00f3l, majd k\u00f6z\u00f6ss\u00e9gi oldalait is archiv\u00e1lta. B\u00e1r ezek a l\u00e9p\u00e9sek... <span class=\"gridview-grid-post-read-more\"><a href=\"https:\/\/matrend.hu\/nekedinfo\/hihetetlen-de-igaz-nokent-ter-vissza-gyurcsany-ferenc\/\">read more<span class=\"gridview-sr-only\"> Hihetetlen, de igaz! N\u0151k\u00e9nt t\u00e9r vissza Gyurcs\u00e1ny Ferenc!<\/span><\/a><\/span><\/p>\n","protected":false},"author":1,"featured_media":2179,"comment_status":"open","ping_status":"open","sticky":false,"template":"","format":"standard","meta":{"footnotes":""},"categories":[1],"tags":[],"class_list":["post-2178","post","type-post","status-publish","format-standard","has-post-thumbnail","hentry","category-egyeb","wpcat-1-id"],"_links":{"self":[{"href":"https:\/\/matrend.hu\/nekedinfo\/wp-json\/wp\/v2\/posts\/2178","targetHints":{"allow":["GET"]}}],"collection":[{"href":"https:\/\/matrend.hu\/nekedinfo\/wp-json\/wp\/v2\/posts"}],"about":[{"href":"https:\/\/matrend.hu\/nekedinfo\/wp-json\/wp\/v2\/types\/post"}],"author":[{"embeddable":true,"href":"https:\/\/matrend.hu\/nekedinfo\/wp-json\/wp\/v2\/users\/1"}],"replies":[{"embeddable":true,"href":"https:\/\/matrend.hu\/nekedinfo\/wp-json\/wp\/v2\/comments?post=2178"}],"version-history":[{"count":1,"href":"https:\/\/matrend.hu\/nekedinfo\/wp-json\/wp\/v2\/posts\/2178\/revisions"}],"predecessor-version":[{"id":2180,"href":"https:\/\/matrend.hu\/nekedinfo\/wp-json\/wp\/v2\/posts\/2178\/revisions\/2180"}],"wp:featuredmedia":[{"embeddable":true,"href":"https:\/\/matrend.hu\/nekedinfo\/wp-json\/wp\/v2\/media\/2179"}],"wp:attachment":[{"href":"https:\/\/matrend.hu\/nekedinfo\/wp-json\/wp\/v2\/media?parent=2178"}],"wp:term":[{"taxonomy":"category","embeddable":true,"href":"https:\/\/matrend.hu\/nekedinfo\/wp-json\/wp\/v2\/categories?post=2178"},{"taxonomy":"post_tag","embeddable":true,"href":"https:\/\/matrend.hu\/nekedinfo\/wp-json\/wp\/v2\/tags?post=2178"}],"curies":[{"name":"wp","href":"https:\/\/api.w.org\/{rel}","templated":true}]}}