{"id":2181,"date":"2025-05-28T20:29:27","date_gmt":"2025-05-28T18:29:27","guid":{"rendered":"https:\/\/matrend.hu\/nekedinfo\/?p=2181"},"modified":"2025-05-28T20:29:27","modified_gmt":"2025-05-28T18:29:27","slug":"ennyit-adott-a-sors-elbucsuzott-pogany-judit","status":"publish","type":"post","link":"https:\/\/matrend.hu\/nekedinfo\/ennyit-adott-a-sors-elbucsuzott-pogany-judit\/","title":{"rendered":"Ennyit adott a sors. Elb\u00facs\u00fazott Pog\u00e1ny Judit"},"content":{"rendered":"<h3>Ennyit adott a sors. \u201eM\u00e1r nem b\u00edrom tov\u00e1bb \u00fagy, mint r\u00e9gen\u201d &#8211; De a csendet v\u00e9g\u00fcl maga t\u00f6rte meg. Egy podcastban sz\u00f3lalt meg, rekedtes, \u0151szinte hangon. Pog\u00e1ny Judit \u2013 a Kossuth- \u00e9s J\u00e1szai Mari-d\u00edjas sz\u00edn\u00e9szn\u0151 \u2013 besz\u00e9lt. \u00c9l, de visszavonul. Nem tragikus hirtelens\u00e9ggel, hanem tudatosan, f\u00e1jdalmas bel\u00e1t\u00e1ssal. \u201eNem tervezek hossz\u00fa t\u00e1vra\u201d \u2013 mondta, \u00e9s e n\u00e9h\u00e1ny sz\u00f3 m\u00f6g\u00f6tt ott van egy eg\u00e9sz \u00e9let s\u00falya. A mozg\u00e1s f\u00e1jdalmas, a l\u00e1t\u00e1s megkopott. Az \u00e9vadokat m\u00e1r nem sz\u00e1molja, csak a napokat, amikor nem kell sz\u00ednpadra l\u00e9pni. Egy korszak v\u00e9get \u00e9rt \u2013 de nem \u0151 maga.<br \/>\nA B\u00daCS\u00da:<\/h3>\n<h3><span style=\"color: #ff0000;\"><strong>A h\u00edr nem \u00e9rt v\u00e9get! Folytat\u00e1shoz haszn\u00e1ld a K\u00d6VETKEZ\u0150 OLDAL gombot!<\/strong><\/span><\/h3>\n<h3 style=\"text-align: right;\"><a href=\"https:\/\/matrend.hu\/maitrend\/?p=2179\" target=\"_blank\" rel=\"noopener\"><span style=\"color: #ff0000;\">&#8212;&gt;&gt; K\u00d6VETKEZ\u0150 OLDAL<\/span><\/a><\/h3>\n<p>&#8211;<\/p>\n<p>A Volvo XC90 m\u00e1r r\u00e9g\u00f3ta n\u00e9pszer\u0171 v\u00e1laszt\u00e1s a csal\u00e1dos v\u00e1s\u00e1rl\u00f3k k\u00f6r\u00e9ben, hiszen alapfelszerelts\u00e9gk\u00e9nt h\u00e9t k\u00e9nyelmes, feln\u0151ttek sz\u00e1m\u00e1ra is alkalmas \u00fcl\u00e9st \u00e9s nagy csomagteret k\u00edn\u00e1l. Az utast\u00e9r min\u0151s\u00e9ge azonban ink\u00e1bb a luxuskateg\u00f3ri\u00e1t id\u00e9zi, mintsem egy hagyom\u00e1nyos csal\u00e1di j\u00e1rm\u0171vet, \u00edgy magasabb sz\u00ednvonalat k\u00e9pvisel, mint p\u00e9ld\u00e1ul a Hyundai Santa Fe vagy a Skoda Kodiaq.<br \/>\nA jelenlegi k\u00edn\u00e1latban k\u00e9t benzinmotoros v\u00e1ltozat \u00e9rhet\u0151 el: a B5 \u00e9s a T8. A T8 Twin Engine a k\u00edn\u00e1lat cs\u00facs\u00e1t k\u00e9pviseli, egy plug-in hibrid hajt\u00e1sl\u00e1nccal, amely sz\u00e9les k\u00f6rben elterjedt a Volvo palett\u00e1j\u00e1n. A Volvo az els\u0151k k\u00f6z\u00f6tt volt, akik nagy SUV modelljeikn\u00e9l \u201edownsizing\u201d strat\u00e9gi\u00e1t alkalmaztak a hat\u00e9konys\u00e1g n\u00f6vel\u00e9se \u00e9rdek\u00e9ben, \u00edgy minden XC90 modell egy 2.0 literes motort haszn\u00e1l \u2013 m\u00e9g a 449 l\u00f3er\u0151s T8 is.<\/p>\n<p>A B5 enyhe hibrid technol\u00f3gi\u00e1val m\u0171k\u00f6dik, amely nem ig\u00e9nyel k\u00fcls\u0151 t\u00f6lt\u00e9st, mivel a rendszer f\u00e9kez\u00e9skor visszanyert energi\u00e1t haszn\u00e1l gyors\u00edt\u00e1skor. A kor\u00e1bbi d\u00edzel B5 m\u00e1r nem r\u00e9sze a k\u00edn\u00e1latnak. Minden XC90 modell \u00f6sszker\u00e9khajt\u00e1ssal \u00e9s nyolcfokozat\u00fa automata sebess\u00e9gv\u00e1lt\u00f3val rendelkezik, manu\u00e1lis \u00fczemm\u00f3ddal. A lejtmenet- \u00e9s elindul\u00e1sseg\u00edt\u0151 rendszer szint\u00e9n alapfelszerelts\u00e9g, hab\u00e1r a Volvo ink\u00e1bb k\u00f6z\u00fati haszn\u00e1latra van hangolva, mint terepez\u00e9sre. Az automatikus adapt\u00edv leng\u00e9scsillap\u00edt\u00e1s minden modellben alap, de a magasabb felszerelts\u00e9gekhez l\u00e9grug\u00f3s rendszer is j\u00e1r, amely k\u00e9nyelmesebb utaz\u00e1st biztos\u00edt, illetve leengedhet\u0151 a k\u00f6nnyebb ki- \u00e9s besz\u00e1ll\u00e1s \u00e9rdek\u00e9ben.<br \/>\nA felszerelts\u00e9gi szintek a \u201eCore\u201d szinttel kezd\u0151dnek, majd j\u00f6n a \u201ePlus\u201d (kb. 5 000 fontos fel\u00e1rral), \u00e9s a \u201eUltra\u201d, amely tov\u00e1bbi 7 000 fonttal dr\u00e1g\u00e1bb. Minden v\u00e1ltozat tartalmazza az \u00faj, 11,2 colos \u00e9rint\u0151k\u00e9perny\u0151s infotainment rendszert, vezet\u00e9k n\u00e9lk\u00fcli telefont\u00f6lt\u0151t, m\u00e1trix LED f\u00e9nysz\u00f3r\u00f3kat, 19 colos k\u00f6nny\u0171f\u00e9m kerekeket, valamint f\u0171t\u00f6tt els\u0151 \u00e9s k\u00f6z\u00e9ps\u0151 \u00fcl\u00e9ssort. M\u00e1r az alapfelszerelts\u00e9g is teljes, \u00edgy a legt\u00f6bb v\u00e1s\u00e1rl\u00f3nak a Core szint is t\u00f6k\u00e9letes v\u00e1laszt\u00e1s lehet.<\/p>\n","protected":false},"excerpt":{"rendered":"<p>Ennyit adott a sors. \u201eM\u00e1r nem b\u00edrom tov\u00e1bb \u00fagy, mint r\u00e9gen\u201d &#8211; De a csendet v\u00e9g\u00fcl maga t\u00f6rte meg. Egy&#8230; <span class=\"gridview-grid-post-read-more\"><a href=\"https:\/\/matrend.hu\/nekedinfo\/ennyit-adott-a-sors-elbucsuzott-pogany-judit\/\">read more<span class=\"gridview-sr-only\"> Ennyit adott a sors. Elb\u00facs\u00fazott Pog\u00e1ny Judit<\/span><\/a><\/span><\/p>\n","protected":false},"author":1,"featured_media":2182,"comment_status":"open","ping_status":"open","sticky":false,"template":"","format":"standard","meta":{"footnotes":""},"categories":[1],"tags":[],"class_list":["post-2181","post","type-post","status-publish","format-standard","has-post-thumbnail","hentry","category-egyeb","wpcat-1-id"],"_links":{"self":[{"href":"https:\/\/matrend.hu\/nekedinfo\/wp-json\/wp\/v2\/posts\/2181","targetHints":{"allow":["GET"]}}],"collection":[{"href":"https:\/\/matrend.hu\/nekedinfo\/wp-json\/wp\/v2\/posts"}],"about":[{"href":"https:\/\/matrend.hu\/nekedinfo\/wp-json\/wp\/v2\/types\/post"}],"author":[{"embeddable":true,"href":"https:\/\/matrend.hu\/nekedinfo\/wp-json\/wp\/v2\/users\/1"}],"replies":[{"embeddable":true,"href":"https:\/\/matrend.hu\/nekedinfo\/wp-json\/wp\/v2\/comments?post=2181"}],"version-history":[{"count":1,"href":"https:\/\/matrend.hu\/nekedinfo\/wp-json\/wp\/v2\/posts\/2181\/revisions"}],"predecessor-version":[{"id":2183,"href":"https:\/\/matrend.hu\/nekedinfo\/wp-json\/wp\/v2\/posts\/2181\/revisions\/2183"}],"wp:featuredmedia":[{"embeddable":true,"href":"https:\/\/matrend.hu\/nekedinfo\/wp-json\/wp\/v2\/media\/2182"}],"wp:attachment":[{"href":"https:\/\/matrend.hu\/nekedinfo\/wp-json\/wp\/v2\/media?parent=2181"}],"wp:term":[{"taxonomy":"category","embeddable":true,"href":"https:\/\/matrend.hu\/nekedinfo\/wp-json\/wp\/v2\/categories?post=2181"},{"taxonomy":"post_tag","embeddable":true,"href":"https:\/\/matrend.hu\/nekedinfo\/wp-json\/wp\/v2\/tags?post=2181"}],"curies":[{"name":"wp","href":"https:\/\/api.w.org\/{rel}","templated":true}]}}