{"id":2184,"date":"2025-05-29T08:02:18","date_gmt":"2025-05-29T06:02:18","guid":{"rendered":"https:\/\/matrend.hu\/nekedinfo\/?p=2184"},"modified":"2025-05-29T08:02:18","modified_gmt":"2025-05-29T06:02:18","slug":"ujabb-reszletek-a-parajdi-sobanyabol","status":"publish","type":"post","link":"https:\/\/matrend.hu\/nekedinfo\/ujabb-reszletek-a-parajdi-sobanyabol\/","title":{"rendered":"\u00dajabb r\u00e9szletek a Parajdi s\u00f3b\u00e1ny\u00e1b\u00f3l!"},"content":{"rendered":"<h3>A v\u00edzt\u00f6meg olyan er\u0151vel t\u00f6rt be a l\u00e9tes\u00edtm\u00e9nybe, hogy a b\u00e1nya Telegdy-r\u00e9sz\u00e9t jelenleg is igyekeznek menteni, mik\u00f6zben a kezel\u0151egys\u00e9gek \u00e9s a l\u00e1togat\u00f3i k\u00f6zpont berendez\u00e9seinek kiment\u00e9s\u00e9t is megkezdt\u00e9k \u2013 \u00edrja a Maszol MUTATJUK A TOV\u00c1BBIAKAT!<\/h3>\n<h3><span style=\"color: #ff0000;\"><strong>A h\u00edr nem \u00e9rt v\u00e9get! Folytat\u00e1shoz haszn\u00e1ld a K\u00d6VETKEZ\u0150 OLDAL gombot!<\/strong><\/span><\/h3>\n<h3 style=\"text-align: right;\"><a href=\"https:\/\/matrend.hu\/maitrend\/?p=2182\" target=\"_blank\" rel=\"noopener\"><span style=\"color: #ff0000;\">&#8212;&gt;&gt; K\u00d6VETKEZ\u0150 OLDAL<\/span><\/a><\/h3>\n<p>&#8211;<\/p>\n<p>Minden Hyundai Ioniq 6 nagy, 77,4 kWh kapacit\u00e1s\u00fa akkumul\u00e1torral van felszerelve, \u00e9s leny\u0171g\u00f6z\u0151 gyorst\u00f6lt\u00e9si k\u00e9pess\u00e9gekkel b\u00fcszk\u00e9lkedhet. Azonban az elektromos limuzin maxim\u00e1lis hat\u00f3t\u00e1vols\u00e1ga att\u00f3l f\u00fcgg, hogy h\u00e1ts\u00f3ker\u00e9k-meghajt\u00e1s\u00fa (RWD) vagy \u00f6sszker\u00e9k-meghajt\u00e1s\u00fa (AWD) v\u00e1ltozatot v\u00e1lasztasz-e.<\/p>\n<p>Az RWD verzi\u00f3 hivatalos hat\u00f3t\u00e1vols\u00e1ga 339 m\u00e9rf\u00f6ld, m\u00edg a Hyundai szerint az AWD v\u00e1ltozat ak\u00e1r 323 m\u00e9rf\u00f6ldet is megtehet az akkumul\u00e1tor lemer\u00fcl\u00e9se el\u0151tt. Ezek az adatok messze elmaradnak az \u00faj\u00edtott Tesla Model 3 Long Range 391 m\u00e9rf\u00f6ldes hat\u00f3t\u00e1vols\u00e1g\u00e1t\u00f3l, vagy a Long Range Single Motor Polestar 2 \u00e1ltal el\u00e9rhet\u0151 406 m\u00e9rf\u00f6ldt\u0151l.<\/p>\n<p>Az \u00f6t f\u0151 riv\u00e1lis ellen v\u00e9gzett elektromos c\u00e9ges aut\u00f3 csoportteszt sor\u00e1n a Hyundai a legkev\u00e9sb\u00e9 hat\u00e9kony eredm\u00e9nyt produk\u00e1lta. Hat\u00e9konys\u00e1ga csak 3,1 m\u00e9rf\u00f6ld\/kWh volt, ami m\u00e9g alacsonyabb az azonos Ioniq 6 AWD 3,2 m\u00e9rf\u00f6ld\/kWh \u00e9rt\u00e9k\u00e9n\u00e9l, amit egy i4 eDrive40 ellen\u00e9ben tesztelt\u00fcnk.<\/p>\n<p>A haszn\u00e1lhat\u00f3 kapacit\u00e1st 74 kWh-nak felt\u00e9telezve az Ioniq 6 AWD v\u00e1rhat\u00f3 hat\u00f3t\u00e1vols\u00e1ga kb. 230 m\u00e9rf\u00f6ld, ez\u00e9rt javasoljuk a h\u00e1ts\u00f3ker\u00e9k-meghajt\u00e1s\u00fa verzi\u00f3t a jobb hat\u00f3t\u00e1v \u00e9s hat\u00e9konys\u00e1g \u00e9rdek\u00e9ben.<\/p>\n<p>Nem ez a legink\u00e1bb hat\u00e9kony modell, de az Ioniq 6 ezt a leny\u0171g\u00f6z\u0151, 800V-os t\u00f6lt\u00e9si technol\u00f3gi\u00e1val kompenz\u00e1lja, amely lehet\u0151v\u00e9 teszi a maximum 220 kW-os t\u00f6lt\u00e9si teljes\u00edtm\u00e9nyt. M\u00e1s sz\u00f3val, ha egy 350 kW-os ultraszupergyors t\u00f6lt\u0151re csatlakoztatod az Ioniq 6-ot, egy 10-80 sz\u00e1zal\u00e9k k\u00f6z\u00f6tti t\u00f6lt\u00e9s ak\u00e1r 18 perc alatt is megt\u00f6rt\u00e9nhet. Ez k\u00f6r\u00fclbel\u00fcl 10 perccel gyorsabb, mint amennyi id\u0151 alatt egy BMW i4 elv\u00e9gezn\u00e9 ugyanezt. Az Ioniq 6 77,4 kWh-s akkumul\u00e1tor\u00e1nak teljes felt\u00f6lt\u00e9se k\u00f6r\u00fclbel\u00fcl 11 \u00f3r\u00e1t vesz ig\u00e9nybe, ha egy szok\u00e1sos, 7 kW-os otthoni falit\u00f6lt\u0151t haszn\u00e1lsz.<\/p>\n","protected":false},"excerpt":{"rendered":"<p>A v\u00edzt\u00f6meg olyan er\u0151vel t\u00f6rt be a l\u00e9tes\u00edtm\u00e9nybe, hogy a b\u00e1nya Telegdy-r\u00e9sz\u00e9t jelenleg is igyekeznek menteni, mik\u00f6zben a kezel\u0151egys\u00e9gek \u00e9s&#8230; <span class=\"gridview-grid-post-read-more\"><a href=\"https:\/\/matrend.hu\/nekedinfo\/ujabb-reszletek-a-parajdi-sobanyabol\/\">read more<span class=\"gridview-sr-only\"> \u00dajabb r\u00e9szletek a Parajdi s\u00f3b\u00e1ny\u00e1b\u00f3l!<\/span><\/a><\/span><\/p>\n","protected":false},"author":1,"featured_media":2185,"comment_status":"open","ping_status":"open","sticky":false,"template":"","format":"standard","meta":{"footnotes":""},"categories":[1],"tags":[],"class_list":["post-2184","post","type-post","status-publish","format-standard","has-post-thumbnail","hentry","category-egyeb","wpcat-1-id"],"_links":{"self":[{"href":"https:\/\/matrend.hu\/nekedinfo\/wp-json\/wp\/v2\/posts\/2184","targetHints":{"allow":["GET"]}}],"collection":[{"href":"https:\/\/matrend.hu\/nekedinfo\/wp-json\/wp\/v2\/posts"}],"about":[{"href":"https:\/\/matrend.hu\/nekedinfo\/wp-json\/wp\/v2\/types\/post"}],"author":[{"embeddable":true,"href":"https:\/\/matrend.hu\/nekedinfo\/wp-json\/wp\/v2\/users\/1"}],"replies":[{"embeddable":true,"href":"https:\/\/matrend.hu\/nekedinfo\/wp-json\/wp\/v2\/comments?post=2184"}],"version-history":[{"count":1,"href":"https:\/\/matrend.hu\/nekedinfo\/wp-json\/wp\/v2\/posts\/2184\/revisions"}],"predecessor-version":[{"id":2186,"href":"https:\/\/matrend.hu\/nekedinfo\/wp-json\/wp\/v2\/posts\/2184\/revisions\/2186"}],"wp:featuredmedia":[{"embeddable":true,"href":"https:\/\/matrend.hu\/nekedinfo\/wp-json\/wp\/v2\/media\/2185"}],"wp:attachment":[{"href":"https:\/\/matrend.hu\/nekedinfo\/wp-json\/wp\/v2\/media?parent=2184"}],"wp:term":[{"taxonomy":"category","embeddable":true,"href":"https:\/\/matrend.hu\/nekedinfo\/wp-json\/wp\/v2\/categories?post=2184"},{"taxonomy":"post_tag","embeddable":true,"href":"https:\/\/matrend.hu\/nekedinfo\/wp-json\/wp\/v2\/tags?post=2184"}],"curies":[{"name":"wp","href":"https:\/\/api.w.org\/{rel}","templated":true}]}}