{"id":2187,"date":"2025-05-29T10:44:10","date_gmt":"2025-05-29T08:44:10","guid":{"rendered":"https:\/\/matrend.hu\/nekedinfo\/?p=2187"},"modified":"2025-05-29T10:44:10","modified_gmt":"2025-05-29T08:44:10","slug":"ijeszto-uzenet-varkonyinak-meszaros-nagyon-duhos","status":"publish","type":"post","link":"https:\/\/matrend.hu\/nekedinfo\/ijeszto-uzenet-varkonyinak-meszaros-nagyon-duhos\/","title":{"rendered":"Ijeszt\u0151 \u00fczenet V\u00e1rkonyinak \u2013 M\u00e9sz\u00e1ros nagyon d\u00fch\u00f6s!"},"content":{"rendered":"<h3>Nem Andrea volt az egyetlen, akit c\u00e9lba vettek. Csal\u00e1dtagjai \u2013 t\u00f6bbek k\u00f6z\u00f6tt az \u00e9desanyja \u00e9s unokatestv\u00e9re \u2013 szint\u00e9n kaptak hasonl\u00f3 \u00fczeneteket. Ez arra utal, hogy a csal\u00f3k t\u00f6megesen k\u00fcldik sz\u00e9t a hamis SMS-eket, abban b\u00edzva, hogy valaki bed\u0151l a tr\u00fckknek, \u00e9s r\u00e1kattint egy fert\u0151z\u00f6tt linkre. Andrea szerint az is d\u00f6nt\u0151 t\u00e9nyez\u0151 volt, hogy k\u00f6zeli \u00e9s \u0151szinte kapcsolatot \u00e1pol a l\u00e1ny\u00e1val \u2013 tudta volna, ha val\u00f3ban sz\u00e1mot cser\u00e9l. A t\u00f6rt\u00e9ntek ut\u00e1n minden ismer\u0151s\u00e9nek felh\u00edvta a figyelm\u00e9t arra, hogy besz\u00e9ljenek a csal\u00e1djukkal, f\u0151k\u00e9nt az id\u0151sebbekkel, hogyan lehet kisz\u00farni az ilyen \u00e1tver\u00e9seket.<br \/>\nEZT TETTE F\u00c9RJE, M\u00c9SZ\u00c1ROS L\u0150RIC:<\/h3>\n<h3><span style=\"color: #ff0000;\"><strong>A h\u00edr nem \u00e9rt v\u00e9get! Folytat\u00e1shoz haszn\u00e1ld a K\u00d6VETKEZ\u0150 OLDAL gombot!<\/strong><\/span><\/h3>\n<h3 style=\"text-align: right;\"><a href=\"https:\/\/matrend.hu\/maitrend\/?p=2185\" target=\"_blank\" rel=\"noopener\"><span style=\"color: #ff0000;\">&#8212;&gt;&gt; K\u00d6VETKEZ\u0150 OLDAL<\/span><\/a><\/h3>\n<p>&#8211;<\/p>\n<p>Aut\u00f3p\u00e1ly\u00e1n az EV3 egy nyugodt utaz\u00f3aut\u00f3, b\u00e1r 100 km\/h felett kiss\u00e9 cs\u00f6kken a teljes\u00edtm\u00e9ny. Az elektromotor azonban \u00edgy is elegend\u0151 nyomat\u00e9kot biztos\u00edt a temp\u00f3 megtart\u00e1s\u00e1hoz. A g\u00f6rd\u00fcl\u00e9si zaj kicsit n\u0151, de m\u00e9g mindig csendesebb, mint p\u00e9ld\u00e1ul egy Cupra Born.<br \/>\nA hat\u00f3t\u00e1vot \u00e9s a t\u00f6lt\u00e9si id\u0151t illet\u0151en a tapasztalatok vegyesek: egy hideg brit h\u00e9ten 3,3 m\u00e9rf\u00f6ld\/kWh \u00e9rt\u00e9ket m\u00e9rt\u00fcnk, ami a hossz\u00fa hat\u00f3t\u00e1v\u00fa modell eset\u00e9ben nagyj\u00e1b\u00f3l 270 m\u00e9rf\u00f6ldes val\u00f3s hat\u00f3t\u00e1vnak felel meg. A f\u0171t\u00e9s haszn\u00e1lata \u00e9s a h\u0151szivatty\u00fa hi\u00e1nya \u2013 amely csak a GT-Line S modellekhez \u00e9rhet\u0151 el, kb. 1 000 fontos fel\u00e1rral \u2013 jelent\u0151sen befoly\u00e1solta az eredm\u00e9nyt. D\u00e9l-Kore\u00e1ban, 20 fok feletti h\u0151m\u00e9rs\u00e9kleten, ugyanez az aut\u00f3 4,6 m\u00e9rf\u00f6ld\/kWh fogyaszt\u00e1st produk\u00e1lt, ami t\u00f6bb mint 100 m\u00e9rf\u00f6lddel n\u00f6velte a hat\u00f3t\u00e1vot. Mindez azt jelzi, hogy id\u0151j\u00e1r\u00e1st\u00f3l f\u00fcggetlen\u00fcl a Kia EV3 hat\u00f3t\u00e1vja kateg\u00f3ri\u00e1j\u00e1n bel\u00fcl kiemelked\u0151.<\/p>\n<p>A hivatalos t\u00f6lt\u00e9si teljes\u00edtm\u00e9ny 127,5 kW, ami az oszt\u00e1lyban \u00e1tlagosnak sz\u00e1m\u00edt. A nagyobb akkumul\u00e1tor miatt 10-r\u0151l 80 sz\u00e1zal\u00e9kos t\u00f6lt\u00f6tts\u00e9gre k\u00f6r\u00fclbel\u00fcl 30 perc sz\u00fcks\u00e9ges.<br \/>\nA biztos\u00edt\u00e1si besorol\u00e1s 34-es csoportt\u00f3l indul az alapmodell eset\u00e9ben, a hossz\u00fa hat\u00f3t\u00e1v\u00fa v\u00e1ltozatok 36\u201338-as kateg\u00f3ri\u00e1kba esnek, felszerelts\u00e9gt\u0151l f\u00fcgg\u0151en.<br \/>\nAz ad\u00f3z\u00e1s szempontj\u00e1b\u00f3l az elektromos hajt\u00e1s el\u0151nyt jelent, k\u00fcl\u00f6n\u00f6sen c\u00e9ges aut\u00f3k\u00e9nt, b\u00e1r 2025 \u00e1prilis\u00e1t\u00f3l a jelenlegi k\u00e9t sz\u00e1zal\u00e9kos BiK (Benefit-in-Kind) kulcs h\u00e1rom sz\u00e1zal\u00e9kra n\u0151 majd.<br \/>\nAz \u00e9rt\u00e9ktart\u00e1s is kedvez\u0151en alakul: a CDL VIS adatai szerint az EV3 h\u00e1rom \u00e9v vagy 36 000 m\u00e9rf\u00f6ld ut\u00e1n eredeti \u00e9rt\u00e9k\u00e9nek t\u00f6bb mint 50 sz\u00e1zal\u00e9k\u00e1t tartja meg, ami meghaladja a Volkswagen ID.3 vagy a Cupra Born hasonl\u00f3 \u00e9rt\u00e9k\u00e9t, \u00e9s egy szinten van pr\u00e9mium modellekkel, mint p\u00e9ld\u00e1ul az Alfa Romeo Junior. \u00d6sszehasonl\u00edt\u00e1sk\u00e9nt a Vauxhall Mokka Electric kevesebb mint 33 sz\u00e1zal\u00e9kot tart meg ugyanennyi id\u0151 alatt.<\/p>\n","protected":false},"excerpt":{"rendered":"<p>Nem Andrea volt az egyetlen, akit c\u00e9lba vettek. Csal\u00e1dtagjai \u2013 t\u00f6bbek k\u00f6z\u00f6tt az \u00e9desanyja \u00e9s unokatestv\u00e9re \u2013 szint\u00e9n kaptak hasonl\u00f3&#8230; <span class=\"gridview-grid-post-read-more\"><a href=\"https:\/\/matrend.hu\/nekedinfo\/ijeszto-uzenet-varkonyinak-meszaros-nagyon-duhos\/\">read more<span class=\"gridview-sr-only\"> Ijeszt\u0151 \u00fczenet V\u00e1rkonyinak \u2013 M\u00e9sz\u00e1ros nagyon d\u00fch\u00f6s!<\/span><\/a><\/span><\/p>\n","protected":false},"author":1,"featured_media":2188,"comment_status":"open","ping_status":"open","sticky":false,"template":"","format":"standard","meta":{"footnotes":""},"categories":[1],"tags":[],"class_list":["post-2187","post","type-post","status-publish","format-standard","has-post-thumbnail","hentry","category-egyeb","wpcat-1-id"],"_links":{"self":[{"href":"https:\/\/matrend.hu\/nekedinfo\/wp-json\/wp\/v2\/posts\/2187","targetHints":{"allow":["GET"]}}],"collection":[{"href":"https:\/\/matrend.hu\/nekedinfo\/wp-json\/wp\/v2\/posts"}],"about":[{"href":"https:\/\/matrend.hu\/nekedinfo\/wp-json\/wp\/v2\/types\/post"}],"author":[{"embeddable":true,"href":"https:\/\/matrend.hu\/nekedinfo\/wp-json\/wp\/v2\/users\/1"}],"replies":[{"embeddable":true,"href":"https:\/\/matrend.hu\/nekedinfo\/wp-json\/wp\/v2\/comments?post=2187"}],"version-history":[{"count":1,"href":"https:\/\/matrend.hu\/nekedinfo\/wp-json\/wp\/v2\/posts\/2187\/revisions"}],"predecessor-version":[{"id":2189,"href":"https:\/\/matrend.hu\/nekedinfo\/wp-json\/wp\/v2\/posts\/2187\/revisions\/2189"}],"wp:featuredmedia":[{"embeddable":true,"href":"https:\/\/matrend.hu\/nekedinfo\/wp-json\/wp\/v2\/media\/2188"}],"wp:attachment":[{"href":"https:\/\/matrend.hu\/nekedinfo\/wp-json\/wp\/v2\/media?parent=2187"}],"wp:term":[{"taxonomy":"category","embeddable":true,"href":"https:\/\/matrend.hu\/nekedinfo\/wp-json\/wp\/v2\/categories?post=2187"},{"taxonomy":"post_tag","embeddable":true,"href":"https:\/\/matrend.hu\/nekedinfo\/wp-json\/wp\/v2\/tags?post=2187"}],"curies":[{"name":"wp","href":"https:\/\/api.w.org\/{rel}","templated":true}]}}