{"id":2198,"date":"2025-05-29T18:00:56","date_gmt":"2025-05-29T16:00:56","guid":{"rendered":"https:\/\/matrend.hu\/nekedinfo\/?p=2198"},"modified":"2025-05-29T18:00:56","modified_gmt":"2025-05-29T16:00:56","slug":"megvaltozik-a-lakcimkartya","status":"publish","type":"post","link":"https:\/\/matrend.hu\/nekedinfo\/megvaltozik-a-lakcimkartya\/","title":{"rendered":"Megv\u00e1ltozik a lakc\u00edmk\u00e1rtya"},"content":{"rendered":"<h3>Igazgat\u00e1si szolg\u00e1ltat\u00e1si d\u00edj: A lakc\u00edmk\u00e1rtya ki\u00e1ll\u00edt\u00e1sa kor\u00e1bban d\u00edjmentes volt. Az \u00faj szab\u00e1lyoz\u00e1s szerint a szem\u00e9lyi azonos\u00edt\u00f3t \u00e9s lakc\u00edmet igazol\u00f3 hat\u00f3s\u00e1gi igazolv\u00e1ny ki\u00e1ll\u00edt\u00e1s\u00e1\u00e9rt, p\u00f3tl\u00e1s\u00e1\u00e9rt 3 700 forint igazgat\u00e1si szolg\u00e1ltat\u00e1si d\u00edjat kell fizetni. Amennyiben a polg\u00e1r postai k\u00e9zbes\u00edt\u00e9st k\u00e9r, tov\u00e1bbi 2 000 forintot kell megfizetnie. 3. Elektronikus \u00fcgyint\u00e9z\u00e9s: Az \u00fcgyfeleknek lehet\u0151s\u00e9g\u00fck van elektronikus \u00faton is int\u00e9zni a lakc\u00edmbejelent\u00e9st.<\/h3>\n<h3><span style=\"color: #ff0000;\"><strong>A h\u00edr nem \u00e9rt v\u00e9get! Folytat\u00e1shoz haszn\u00e1ld a K\u00d6VETKEZ\u0150 OLDAL gombot!<\/strong><\/span><\/h3>\n<h3 style=\"text-align: right;\"><a href=\"https:\/\/matrend.hu\/maitrend\/?p=2196\" target=\"_blank\" rel=\"noopener\"><span style=\"color: #ff0000;\">&#8212;&gt;&gt; K\u00d6VETKEZ\u0150 OLDAL<\/span><\/a><\/h3>\n<p>&#8211;<\/p>\n<p>A gyorsabb Stelvio gyakorlatiass\u00e1gban egy\u00e1ltal\u00e1n nem marad el a szokv\u00e1nyos v\u00e1ltozatt\u00f3l. El\u00f6l rengeteg hely van, a belt\u00e9r b\u0151s\u00e9ges t\u00e1rol\u00f3helyeket k\u00edn\u00e1l a csal\u00e1di \u00e9lethez, \u00e9s a csomagt\u00e9r is t\u00e1gas m\u00e9ret\u0171.<\/p>\n<p>K\u00fcl\u00f6n\u00f6sen sportos aut\u00f3n\u00e1l fontos, hogy a vezet\u00e9si poz\u00edci\u00f3 is j\u00f3 legyen \u2013 a kocsi belsej\u00e9ben nagyon alacsonyan lehet \u00fclni, ugyanakkor az SUV-okn\u00e1l megszokott magass\u00e1gb\u00f3l ny\u00edlik j\u00f3 kil\u00e1t\u00e1s. Az sem jellemz\u0151 r\u00e1, hogy az SUV-kra \u00e1ltal\u00e1ban jellemz\u0151 egyenes, \u201efel\u00fclr\u0151l n\u00e9z\u0151\u201d \u00fcl\u00e9shelyzetet k\u00edn\u00e1lna, ami azok sz\u00e1m\u00e1ra el\u0151ny\u00f6s, akik sportosabb vezet\u00e9si \u00e9lm\u00e9nyre v\u00e1gynak.<\/p>\n<p>Az Alfa Romeo Stelvio Quadrifoglio hosszabb, mint a legt\u00f6bb riv\u00e1lisa, p\u00e9ld\u00e1ul a -AMG GLC 63 vagy a X3 M Competition. A Jaguar F-Pace SVR azonban minden ir\u00e1nyban nagyobb. A Quadrifoglio hossza 4,702 mm, sz\u00e9less\u00e9ge (t\u00fckr\u00f6kkel egy\u00fctt) 2,163 mm.<\/p>\n<p>Ak\u00e1rcsak a standard Stelvio eset\u00e9ben, a Quadrifoglio h\u00e1ts\u00f3 \u00fcl\u00e9sei is elegend\u0151 helyet biztos\u00edtanak feln\u0151ttek sz\u00e1m\u00e1ra, b\u00e1r a Sparco karbon h\u00e1tt\u00e1ml\u00e1s \u00fcl\u00e9seket v\u00e1lasztva a l\u00e1bt\u00e9r kicsit sz\u0171kebb lesz. Az ereszked\u0151 tet\u0151 kiss\u00e9 cs\u00f6kkenti a fejt\u00e9r nagys\u00e1g\u00e1t, de csak a hat l\u00e1b (kb. 183 cm) felettiek \u00e9rz\u00e9kelik ezt igaz\u00e1n. A h\u00e1ts\u00f3 pad sz\u00e9ls\u0151 helyein k\u00e9t ISOFIX r\u00f6gz\u00edt\u00e9si pont \u00e1ll rendelkez\u00e9sre.<\/p>\n<p>A Stelvio csomagtart\u00f3ja 525 literes \u2013 ez 55 literrel t\u00f6bb, mint amit a Mercedes-AMG GLC 63 k\u00edn\u00e1l, de 25 literrel kevesebb a X3 M Competitionn\u00e9l, \u00e9s j\u00f3val kisebb, mint a t\u00e1gasabb F-Pace SVR-\u00e9. A gyakorlatban a Stelvio m\u00e9g mindig el\u00e9g praktikus, k\u00f6sz\u00f6nhet\u0151en a j\u00f3l form\u00e1zott, n\u00e9gyzetes csomagt\u00e9rnek \u00e9s az alacsony rakod\u00f3peremnek.<\/p>\n<p>A h\u00e1ts\u00f3 \u00fcl\u00e9sek 40\/20\/40 ar\u00e1nyban d\u00f6nthet\u0151k, az elektromos csomagt\u00e9rajt\u00f3 pedig alapfelszerelts\u00e9gk\u00e9nt j\u00e1r a m\u00e9g nagyobb k\u00e9nyelem \u00e9rdek\u00e9ben.<\/p>\n<p>Az Alfa Romeo nagyon j\u00f3l szerepelt a 2023-as Driver Power felm\u00e9r\u00e9s\u00fcnkben, visszat\u00e9rve a gy\u00e1rt\u00f3k rangsor\u00e1nak \u00e9lmez\u0151ny\u00e9be az impoz\u00e1ns 5. hellyel a 32 m\u00e1rka k\u00f6z\u00fcl, amelyek r\u00e9szt vettek a vizsg\u00e1latban. A tulajdonosok dics\u00e9rt\u00e9k a st\u00edlust \u00e9s a vezet\u00e9si \u00e9lm\u00e9nyt, k\u00fcl\u00f6n\u00f6sen a kanyarod\u00e1si k\u00e9pess\u00e9geket \u00e9s a korm\u00e1nyz\u00e1st emelt\u00e9k ki.<\/p>\n<p>A Stelvio Quadrifoglio alapfelszerelts\u00e9gk\u00e9nt tartalmaz h\u00e1tratekint\u0151 kamer\u00e1t, s\u00e1vtart\u00f3 figyelmeztet\u00e9st \u00e9s holtt\u00e9rfigyel\u0151t. B\u00e1r eredetileg opcion\u00e1lis volt, az adapt\u00edv tempomat m\u00e1r most standard r\u00e9sze a felszerelts\u00e9gnek.<\/p>\n<p>A Stelvio h\u00e1rom\u00e9ves, kilom\u00e9ter-korl\u00e1toz\u00e1s n\u00e9lk\u00fcli garanci\u00e1val \u00e9rkezik, ami megegyezik a Mercedes \u00e9s a BMW \u00e1ltal ny\u00fajtott szint\u0171 v\u00e9delemmel.<\/p>\n<p>Az Alfa Romeo Easy Care szervizcsomagja szem\u00e9lyre szabhat\u00f3 az aut\u00f3 haszn\u00e1lati m\u00f3dj\u00e1hoz, \u00e9s lehet\u0151v\u00e9 teszi a karbantart\u00e1si k\u00f6lts\u00e9gek eloszt\u00e1s\u00e1t. A szervizel\u00e9s \u00e9vente vagy 9 000 m\u00e9rf\u00f6ldenk\u00e9nt sz\u00fcks\u00e9ges, att\u00f3l f\u00fcgg\u0151en, melyik k\u00f6vetkezik be el\u0151bb. A Stelvio Quadrifoglio vez\u00e9rm\u0171sz\u00edj-cser\u00e9j\u00e9re 108 000 m\u00e9rf\u00f6ldenk\u00e9nt van sz\u00fcks\u00e9g.<\/p>\n","protected":false},"excerpt":{"rendered":"<p>Igazgat\u00e1si szolg\u00e1ltat\u00e1si d\u00edj: A lakc\u00edmk\u00e1rtya ki\u00e1ll\u00edt\u00e1sa kor\u00e1bban d\u00edjmentes volt. Az \u00faj szab\u00e1lyoz\u00e1s szerint a szem\u00e9lyi azonos\u00edt\u00f3t \u00e9s lakc\u00edmet igazol\u00f3 hat\u00f3s\u00e1gi&#8230; <span class=\"gridview-grid-post-read-more\"><a href=\"https:\/\/matrend.hu\/nekedinfo\/megvaltozik-a-lakcimkartya\/\">read more<span class=\"gridview-sr-only\"> Megv\u00e1ltozik a lakc\u00edmk\u00e1rtya<\/span><\/a><\/span><\/p>\n","protected":false},"author":1,"featured_media":2199,"comment_status":"open","ping_status":"open","sticky":false,"template":"","format":"standard","meta":{"footnotes":""},"categories":[1],"tags":[],"class_list":["post-2198","post","type-post","status-publish","format-standard","has-post-thumbnail","hentry","category-egyeb","wpcat-1-id"],"_links":{"self":[{"href":"https:\/\/matrend.hu\/nekedinfo\/wp-json\/wp\/v2\/posts\/2198","targetHints":{"allow":["GET"]}}],"collection":[{"href":"https:\/\/matrend.hu\/nekedinfo\/wp-json\/wp\/v2\/posts"}],"about":[{"href":"https:\/\/matrend.hu\/nekedinfo\/wp-json\/wp\/v2\/types\/post"}],"author":[{"embeddable":true,"href":"https:\/\/matrend.hu\/nekedinfo\/wp-json\/wp\/v2\/users\/1"}],"replies":[{"embeddable":true,"href":"https:\/\/matrend.hu\/nekedinfo\/wp-json\/wp\/v2\/comments?post=2198"}],"version-history":[{"count":1,"href":"https:\/\/matrend.hu\/nekedinfo\/wp-json\/wp\/v2\/posts\/2198\/revisions"}],"predecessor-version":[{"id":2200,"href":"https:\/\/matrend.hu\/nekedinfo\/wp-json\/wp\/v2\/posts\/2198\/revisions\/2200"}],"wp:featuredmedia":[{"embeddable":true,"href":"https:\/\/matrend.hu\/nekedinfo\/wp-json\/wp\/v2\/media\/2199"}],"wp:attachment":[{"href":"https:\/\/matrend.hu\/nekedinfo\/wp-json\/wp\/v2\/media?parent=2198"}],"wp:term":[{"taxonomy":"category","embeddable":true,"href":"https:\/\/matrend.hu\/nekedinfo\/wp-json\/wp\/v2\/categories?post=2198"},{"taxonomy":"post_tag","embeddable":true,"href":"https:\/\/matrend.hu\/nekedinfo\/wp-json\/wp\/v2\/tags?post=2198"}],"curies":[{"name":"wp","href":"https:\/\/api.w.org\/{rel}","templated":true}]}}