{"id":2205,"date":"2025-05-30T19:36:35","date_gmt":"2025-05-30T17:36:35","guid":{"rendered":"https:\/\/matrend.hu\/nekedinfo\/?p=2205"},"modified":"2025-05-30T19:36:35","modified_gmt":"2025-05-30T17:36:35","slug":"foldcsuszamlas-temetett-be-a-falut","status":"publish","type":"post","link":"https:\/\/matrend.hu\/nekedinfo\/foldcsuszamlas-temetett-be-a-falut\/","title":{"rendered":"F\u00f6ldcsuszaml\u00e1s temetett be a falut!"},"content":{"rendered":"<h3>Az \u00e9p\u00fcletek egy r\u00e9sze s\u00falyosan megrong\u00e1l\u00f3dott, \u00e9s a becsl\u00e9sek szerint a ter\u00fclet\u00e9nek mintegy fele \u00e9rintett a k\u00e1rban. S\u00e9r\u00fcltekr\u0151l egyel\u0151re nem \u00e9rkezett h\u00edr. A t\u00f6rt\u00e9ntek ut\u00e1n a hat\u00f3s\u00e1gok a sv\u00e1jci katasztr\u00f3fav\u00e9delmi alapj\u00e1t\u00f3l k\u00e9rtek seg\u00edts\u00e9get. A hegyoldalon n\u00e9h\u00e1ny nappal az evaku\u00e1l\u00e1s ut\u00e1n m\u00e1r t\u00f6rt\u00e9nt egy kisebb f\u00f6ldcsuszaml\u00e1s, a t\u00f6rmel\u00e9k a gleccseren halmoz\u00f3dott fel.<\/h3>\n<h3><span style=\"color: #ff0000;\"><strong>A h\u00edr nem \u00e9rt v\u00e9get! Folytat\u00e1shoz haszn\u00e1ld a K\u00d6VETKEZ\u0150 OLDAL gombot!<\/strong><\/span><\/h3>\n<h3 style=\"text-align: right;\"><a href=\"https:\/\/matrend.hu\/maitrend\/?p=2203\" target=\"_blank\" rel=\"noopener\"><span style=\"color: #ff0000;\">&#8212;&gt;&gt; K\u00d6VETKEZ\u0150 OLDAL<\/span><\/a><\/h3>\n<p>&#8211;<\/p>\n<p>A bZ4X hossza 4 690 mm, sz\u00e9less\u00e9ge 1 860 mm, vagyis 90 mm-rel hosszabb, de 5 mm-rel keskenyebb, mint a testv\u00e9rmodell RAV4 SUV. A teljesen elektromos crossover alacsonyabb is a talajhoz k\u00e9pest, magass\u00e1ga 1 600 mm, m\u00edg a RAV4-\u00e9 1 685 mm.<\/p>\n<p>A bZ4X utaster\u00e9ben n\u00e9h\u00e1ny k\u00fcl\u00f6n\u00f6s diz\u00e1jnelem tal\u00e1lhat\u00f3, amelyek befoly\u00e1solj\u00e1k a praktikumot. El\u00f6l nem tal\u00e1lsz keszty\u0171tart\u00f3t, mert a Toyota egy letisztultabb m\u0171szerfalat pr\u00f3b\u00e1lt ki, hogy n\u00f6velje a bels\u0151 teret. Ez furcsa kompromisszum, \u00e9s szerint\u00fcnk t\u00falz\u00e1sba vitt\u00e9k, hiszen m\u00e1s, teljesen \u00faj elektromos riv\u00e1lisok mindkett\u0151t \u2013 nagy bels\u0151 teret \u00e9s keszty\u0171tart\u00f3t \u2013 k\u00e9pesek biztos\u00edtani. A h\u00e1ts\u00f3 sz\u00e9lv\u00e9d\u0151 t\u00f6rl\u0151 hi\u00e1nya is bosszant\u00f3 lehet, b\u00e1r a Toyota azt \u00e1ll\u00edtja, hogy a bZ4X aerodinamik\u00e1ja olyan j\u00f3, hogy nem is fogod hi\u00e1nyolni. Majd megl\u00e1tjuk.<\/p>\n<p>Nagy ajt\u00f3zsebek \u00e9s egy hasznos k\u00f6z\u00e9ps\u0151 rekesz viszont kellemes extra, \u00e9s k\u00fcl\u00f6n\u00f6sen tetszik, hogy a k\u00f6z\u00e9pkonzol okostelefon-t\u00e1lc\u00e1j\u00e1n van fed\u00e9l, \u00edgy nem leselkedsz r\u00e1 minden \u00e9rtes\u00edt\u00e9sre, ami felvillan a kijelz\u0151n. A korm\u00e1nyoszlopon b\u0151s\u00e9ges az \u00e1ll\u00edt\u00e1si lehet\u0151s\u00e9g (hossz- \u00e9s d\u0151l\u00e9ssz\u00f6g), m\u00edg a h\u00e1ts\u00f3 utasok \u00e9rt\u00e9kelni fogj\u00e1k a plusz l\u00e9gbe\u00f6ml\u0151ket \u00e9s USB portokat a h\u00e1ts\u00f3 \u00fcl\u00e9sn\u00e9l.<\/p>\n<p>A bZ4X alacsonyabb tet\u0151vonala \u00e9s letisztultabb megjelen\u00e9se elt\u00e9r a testv\u00e9rmodell RAV4 robusztusabb, egyenesebb st\u00edlus\u00e1t\u00f3l. A Toyota azonban nem csup\u00e1n egy l\u00e1tv\u00e1nyos crossover modellt akart l\u00e9trehozni \u2013 a bZ4X fejleszt\u00e9s\u00e9ben a terepj\u00e1r\u00e1sban j\u00e1rtas Subaru is r\u00e9szt vett, \u00edgy a modell terepk\u00e9pess\u00e9gek ter\u00e9n is fel\u00fclm\u00falja sok k\u00f6zvetlen riv\u00e1lis\u00e1t.<\/p>\n<p>M\u00e1r egy gyors pillant\u00e1s is el\u00e1rulja, hogy a bZ4X k\u00fcls\u0151 formavil\u00e1ga mer\u00e9szebb: \u00e9les sz\u00f6gek, modern LED-es nappali menetf\u00e9nyek \u00e9s sportos h\u00e1ts\u00f3 sz\u00e1rny fogad, ut\u00f3bbin dupla sz\u00e1rnyas kialak\u00edt\u00e1s jav\u00edtja az aerodinamik\u00e1t. A robusztus, fekete m\u0171anyag ker\u00e9kj\u00e1rati \u00edvbor\u00edt\u00e1s arra utal, hogy az \u00f6sszker\u00e9khajt\u00e1s\u00fa v\u00e1ltozat n\u00e9mi tereptud\u00e1ssal is rendelkezik.<\/p>\n<p>A bels\u0151 t\u00e9r tisztess\u00e9ges min\u0151s\u00e9get k\u00edn\u00e1l, de kev\u00e9s benne az izgalom \u00e9s a l\u00e1tv\u00e1nyoss\u00e1g. A gyakran haszn\u00e1lt fel\u00fcletekhez j\u00f3 min\u0151s\u00e9g\u0171 anyagokat haszn\u00e1ltak, de az utast\u00e9r \u00f6sszhat\u00e1sa kiss\u00e9 s\u00f6t\u00e9t \u00e9s komor lehet \u2013 k\u00fcl\u00f6n\u00f6sen, hogy csak fekete vagy vil\u00e1gossz\u00fcrke szintetikus b\u0151rk\u00e1rpit k\u00f6z\u00fcl lehet v\u00e1lasztani. A k\u00fcls\u0151 sz\u00ednpaletta sem t\u00fal b\u00e1tor: a legt\u00f6bb \u00e1rnyalat fekete, sz\u00fcrke vagy ez\u00fcst, csak a Dark Blue met\u00e1lk\u00e9k \u00e9s a Scarlet Flare gy\u00f6ngyh\u00e1zpiros visz egy kis sz\u00ednt a v\u00e1laszt\u00e9kba.<\/p>\n","protected":false},"excerpt":{"rendered":"<p>Az \u00e9p\u00fcletek egy r\u00e9sze s\u00falyosan megrong\u00e1l\u00f3dott, \u00e9s a becsl\u00e9sek szerint a ter\u00fclet\u00e9nek mintegy fele \u00e9rintett a k\u00e1rban. S\u00e9r\u00fcltekr\u0151l egyel\u0151re nem&#8230; <span class=\"gridview-grid-post-read-more\"><a href=\"https:\/\/matrend.hu\/nekedinfo\/foldcsuszamlas-temetett-be-a-falut\/\">read more<span class=\"gridview-sr-only\"> F\u00f6ldcsuszaml\u00e1s temetett be a falut!<\/span><\/a><\/span><\/p>\n","protected":false},"author":1,"featured_media":2206,"comment_status":"open","ping_status":"open","sticky":false,"template":"","format":"standard","meta":{"footnotes":""},"categories":[1],"tags":[],"class_list":["post-2205","post","type-post","status-publish","format-standard","has-post-thumbnail","hentry","category-egyeb","wpcat-1-id"],"_links":{"self":[{"href":"https:\/\/matrend.hu\/nekedinfo\/wp-json\/wp\/v2\/posts\/2205","targetHints":{"allow":["GET"]}}],"collection":[{"href":"https:\/\/matrend.hu\/nekedinfo\/wp-json\/wp\/v2\/posts"}],"about":[{"href":"https:\/\/matrend.hu\/nekedinfo\/wp-json\/wp\/v2\/types\/post"}],"author":[{"embeddable":true,"href":"https:\/\/matrend.hu\/nekedinfo\/wp-json\/wp\/v2\/users\/1"}],"replies":[{"embeddable":true,"href":"https:\/\/matrend.hu\/nekedinfo\/wp-json\/wp\/v2\/comments?post=2205"}],"version-history":[{"count":1,"href":"https:\/\/matrend.hu\/nekedinfo\/wp-json\/wp\/v2\/posts\/2205\/revisions"}],"predecessor-version":[{"id":2207,"href":"https:\/\/matrend.hu\/nekedinfo\/wp-json\/wp\/v2\/posts\/2205\/revisions\/2207"}],"wp:featuredmedia":[{"embeddable":true,"href":"https:\/\/matrend.hu\/nekedinfo\/wp-json\/wp\/v2\/media\/2206"}],"wp:attachment":[{"href":"https:\/\/matrend.hu\/nekedinfo\/wp-json\/wp\/v2\/media?parent=2205"}],"wp:term":[{"taxonomy":"category","embeddable":true,"href":"https:\/\/matrend.hu\/nekedinfo\/wp-json\/wp\/v2\/categories?post=2205"},{"taxonomy":"post_tag","embeddable":true,"href":"https:\/\/matrend.hu\/nekedinfo\/wp-json\/wp\/v2\/tags?post=2205"}],"curies":[{"name":"wp","href":"https:\/\/api.w.org\/{rel}","templated":true}]}}