{"id":2211,"date":"2025-05-30T23:24:24","date_gmt":"2025-05-30T21:24:24","guid":{"rendered":"https:\/\/matrend.hu\/nekedinfo\/?p=2211"},"modified":"2025-05-30T23:26:38","modified_gmt":"2025-05-30T21:26:38","slug":"menesztettek-muller-ceciliat-ezert-kuldtek-el","status":"publish","type":"post","link":"https:\/\/matrend.hu\/nekedinfo\/menesztettek-muller-ceciliat-ezert-kuldtek-el\/","title":{"rendered":"\u00d6r\u00f6kre b\u00facs\u00fazik M\u00fcller Cec\u00edlia!"},"content":{"rendered":"<h3>Az ir\u00e1ny\u00edt\u00e1si staf\u00e9tabot \u00e1tad\u00e1sa egy hossz\u00fa \u00e9s tartalmas szakmai korszak lez\u00e1r\u00e1s\u00e1t is jelenti: Cec\u00edlia, aki az elm\u00falt \u00e9vekben meghat\u00e1roz\u00f3 szerepl\u0151je volt a hazai k\u00f6zeg\u00e9szs\u00e9g\u00fcgyi rendszernek, m\u00e1jus 31-\u00e9n t\u00e1vozik hivatal\u00e1b\u00f3l. D\u00f6nt\u00e9se m\u00f6g\u00f6tt \u00e9letp\u00e1ly\u00e1j\u00e1nak term\u00e9szetes fordul\u00f3pontja \u00e1ll \u2013 nyug\u00e1llom\u00e1nyba vonul. T\u00f6bb \u00e9vtizedes elk\u00f6telezett munk\u00e1j\u00e1val ny\u00fajtott teljes\u00edtm\u00e9ny\u00e9vel m\u00e9ly nyomot hagyott az \u00e1gazatban.<\/h3>\n<h3><span style=\"color: #ff0000;\"><strong>A h\u00edr nem \u00e9rt v\u00e9get! Folytat\u00e1shoz haszn\u00e1ld a K\u00d6VETKEZ\u0150 OLDAL gombot!<\/strong><\/span><\/h3>\n<h3 style=\"text-align: right;\"><a href=\"https:\/\/matrend.hu\/maitrend\/?p=2209\" target=\"_blank\" rel=\"noopener\"><span style=\"color: #ff0000;\">&#8212;&gt;&gt; K\u00d6VETKEZ\u0150 OLDAL<\/span><\/a><\/h3>\n<p>&#8211;<\/p>\n<p>Ha jobban megn\u00e9zz\u00fck, a bels\u0151 t\u00e1rol\u00f3helyek sem kiemelked\u0151ek. A h\u00e1ts\u00f3 utasoknak mind\u00f6ssze egy nyitott t\u00e1rol\u00f3rekesz \u00e9s egy 12V-os csatlakoz\u00f3 \u00e1ll rendelkez\u00e9sre, m\u00edg az els\u0151 utasok egy keskeny k\u00f6z\u00e9pkonzollal szembes\u00fclnek, amelyet a multim\u00e9di\u00e1s vez\u00e9rl\u0151 \u00e9s egyetlen poh\u00e1rtart\u00f3 foglal el.<br \/>\nPozit\u00edvum viszont, hogy a vezet\u0151 k\u00f6nnyed\u00e9n megtal\u00e1lhatja az ide\u00e1lis vezet\u00e9si poz\u00edci\u00f3t a j\u00f3l \u00e1ll\u00edthat\u00f3 \u00fcl\u00e9snek \u00e9s a tengelyir\u00e1nyban \u00e9s magass\u00e1gban is \u00e1ll\u00edthat\u00f3 korm\u00e1nynak k\u00f6sz\u00f6nhet\u0151en. A vezet\u0151\u00fcl\u00e9sb\u0151l r\u00e1ad\u00e1sul sportos, kellemes \u00e9rzet\u0171 poz\u00edci\u00f3ban lehet ir\u00e1ny\u00edtani az aut\u00f3t. Figyelembe v\u00e9ve, hogy ez a n\u00e9pszer\u0171 Megane harmadik gener\u00e1ci\u00f3ja, joggal v\u00e1rhatn\u00e1nk el, hogy a Renault addigra m\u00e1r a legt\u00f6bb megb\u00edzhat\u00f3s\u00e1gi probl\u00e9m\u00e1t kik\u00fcsz\u00f6b\u00f6lte.<br \/>\nEnnek ellen\u00e9re a Megane a 2014-es Driver Power \u00fcgyf\u00e9lel\u00e9gedetts\u00e9gi felm\u00e9r\u00e9sben mind\u00f6ssze a 150 vizsg\u00e1lt aut\u00f3 k\u00f6z\u00fcl a 92. helyet szerezte meg, ami azt jelenti, hogy alaposan lemaradt p\u00e9ld\u00e1ul a Golfhoz k\u00e9pest. Pozit\u00edvum ugyanakkor, hogy a Renault az \u00f6sszes\u00edtett gy\u00e1rt\u00f3i rangsorban elfogadhat\u00f3, 15. helyen v\u00e9gzett.<\/p>\n<p>A Megane \u00f6tcsillagos min\u0151s\u00edt\u00e9st kapott az Euro NCAP t\u00f6r\u00e9stesztj\u00e9n, de ez az \u00e9rt\u00e9kel\u00e9s m\u00e9g 2008-b\u00f3l sz\u00e1rmazik. Az\u00f3ta a konkurensek szigor\u00fabb tesztfelt\u00e9telek mellett is el\u00e9rt\u00e9k az \u00f6tcsillagos eredm\u00e9nyt. Mivel a modell r\u00e9gebbi m\u0171szaki alapokra \u00e9p\u00fcl, nem k\u00edn\u00e1l olyan biztons\u00e1gi technol\u00f3gi\u00e1kat, mint p\u00e9ld\u00e1ul a v\u00e1rosi v\u00e9szf\u00e9kez\u0151 rendszer vagy a s\u00e1vtart\u00f3 asszisztens. A guminyom\u00e1s-ellen\u0151rz\u0151 rendszer \u2013 amely p\u00e9ld\u00e1ul a SEAT Leonban alapfelszerelts\u00e9g \u2013 teljesen hi\u00e1nyzik. Emellett olyan felszerelts\u00e9gi elemekr\u0151l is le kell mondanunk, mint a s\u00e1vtart\u00f3 rendszer, az alacsony sebess\u00e9g\u0171 \u00fctk\u00f6z\u00e9selker\u00fcl\u00e9s vagy a holtt\u00e9rfigyel\u0151.<\/p>\n","protected":false},"excerpt":{"rendered":"<p>Az ir\u00e1ny\u00edt\u00e1si staf\u00e9tabot \u00e1tad\u00e1sa egy hossz\u00fa \u00e9s tartalmas szakmai korszak lez\u00e1r\u00e1s\u00e1t is jelenti: Cec\u00edlia, aki az elm\u00falt \u00e9vekben meghat\u00e1roz\u00f3 szerepl\u0151je&#8230; <span class=\"gridview-grid-post-read-more\"><a href=\"https:\/\/matrend.hu\/nekedinfo\/menesztettek-muller-ceciliat-ezert-kuldtek-el\/\">read more<span class=\"gridview-sr-only\"> \u00d6r\u00f6kre b\u00facs\u00fazik M\u00fcller Cec\u00edlia!<\/span><\/a><\/span><\/p>\n","protected":false},"author":1,"featured_media":2212,"comment_status":"open","ping_status":"open","sticky":false,"template":"","format":"standard","meta":{"footnotes":""},"categories":[1],"tags":[],"class_list":["post-2211","post","type-post","status-publish","format-standard","has-post-thumbnail","hentry","category-egyeb","wpcat-1-id"],"_links":{"self":[{"href":"https:\/\/matrend.hu\/nekedinfo\/wp-json\/wp\/v2\/posts\/2211","targetHints":{"allow":["GET"]}}],"collection":[{"href":"https:\/\/matrend.hu\/nekedinfo\/wp-json\/wp\/v2\/posts"}],"about":[{"href":"https:\/\/matrend.hu\/nekedinfo\/wp-json\/wp\/v2\/types\/post"}],"author":[{"embeddable":true,"href":"https:\/\/matrend.hu\/nekedinfo\/wp-json\/wp\/v2\/users\/1"}],"replies":[{"embeddable":true,"href":"https:\/\/matrend.hu\/nekedinfo\/wp-json\/wp\/v2\/comments?post=2211"}],"version-history":[{"count":2,"href":"https:\/\/matrend.hu\/nekedinfo\/wp-json\/wp\/v2\/posts\/2211\/revisions"}],"predecessor-version":[{"id":2214,"href":"https:\/\/matrend.hu\/nekedinfo\/wp-json\/wp\/v2\/posts\/2211\/revisions\/2214"}],"wp:featuredmedia":[{"embeddable":true,"href":"https:\/\/matrend.hu\/nekedinfo\/wp-json\/wp\/v2\/media\/2212"}],"wp:attachment":[{"href":"https:\/\/matrend.hu\/nekedinfo\/wp-json\/wp\/v2\/media?parent=2211"}],"wp:term":[{"taxonomy":"category","embeddable":true,"href":"https:\/\/matrend.hu\/nekedinfo\/wp-json\/wp\/v2\/categories?post=2211"},{"taxonomy":"post_tag","embeddable":true,"href":"https:\/\/matrend.hu\/nekedinfo\/wp-json\/wp\/v2\/tags?post=2211"}],"curies":[{"name":"wp","href":"https:\/\/api.w.org\/{rel}","templated":true}]}}