{"id":2218,"date":"2025-05-31T00:51:18","date_gmt":"2025-05-30T22:51:18","guid":{"rendered":"https:\/\/matrend.hu\/nekedinfo\/?p=2218"},"modified":"2025-05-31T00:51:18","modified_gmt":"2025-05-30T22:51:18","slug":"ez-lesz-az-afa-visszaterites-helyett-a-nyugdijasoknak","status":"publish","type":"post","link":"https:\/\/matrend.hu\/nekedinfo\/ez-lesz-az-afa-visszaterites-helyett-a-nyugdijasoknak\/","title":{"rendered":"Ez lesz az \u00c1FA visszat\u00e9r\u00edt\u00e9s helyett a nyugd\u00edjasoknak!"},"content":{"rendered":"<h3>Zsig\u00f3 R\u00f3bert \u00e1llamtitk\u00e1r kor\u00e1bban k\u00f6z\u00f6ss\u00e9gi oldal\u00e1n arr\u00f3l t\u00e1j\u00e9koztatott, hogy minden nyugd\u00edjas 30 ezer forint \u00e9rt\u00e9k\u0171 utalv\u00e1nyt kap majd, amelyet v\u00e1rhat\u00f3an \u0151sszel juttatnak el az \u00e9rintettekhez. Ezek az utalv\u00e1nyok vid\u00e9ki kisboltokban, orsz\u00e1gos \u00fczletl\u00e1ncokn\u00e1l, piacokon, valamint \u0151stermel\u0151kn\u00e9l is bev\u00e1lthat\u00f3k lesznek. B\u00e1r az eredeti terv egy \u00e1fa-visszat\u00e9r\u00edt\u00e9s volt, a korm\u00e1ny v\u00e9g\u00fcl az utalv\u00e1nyos konstrukci\u00f3 mellett d\u00f6nt\u00f6tt, r\u00e9szben az\u00e9rt, mert ezt a megold\u00e1st a nyugd\u00edjas szervezetek is t\u00e1mogatt\u00e1k.<br \/>\nJ\u00f6vedelemalap\u00fa k\u00fcl\u00f6nbs\u00e9gt\u00e9tel:<\/h3>\n<h3><span style=\"color: #ff0000;\"><strong>A h\u00edr nem \u00e9rt v\u00e9get! Folytat\u00e1shoz haszn\u00e1ld a K\u00d6VETKEZ\u0150 OLDAL gombot!<\/strong><\/span><\/h3>\n<h3 style=\"text-align: right;\"><a href=\"https:\/\/matrend.hu\/maitrend\/?p=2216\" target=\"_blank\" rel=\"noopener\"><span style=\"color: #ff0000;\">&#8212;&gt;&gt; K\u00d6VETKEZ\u0150 OLDAL<\/span><\/a><\/h3>\n<p>&#8211;<\/p>\n<p>Az RC F az egyik legfelt\u0171n\u0151bb kup\u00e9 a piacon, r\u00e1ad\u00e1sul rengeteg modern technol\u00f3gi\u00e1val is fel van szerelve. Az alap Lexus RC kup\u00e9 sz\u00e9p aut\u00f3, de az RC F v\u00e1ltozat m\u00e9g l\u00e1tv\u00e1nyosabb az el\u00f6l t\u00e1tong\u00f3 l\u00e9gbe\u00f6ml\u0151kkel \u00e9s a nagyobb motor miatt sz\u00fcks\u00e9ges hosszabb motorh\u00e1ztet\u0151vel, ami egyfajta \u201ebikaorr\u201d profil\u00fa megjelen\u00e9st k\u00f6lcs\u00f6n\u00f6z az aut\u00f3nak. Az RC F carbon modell fekete, sz\u00e1lcsiszolt karbon motorh\u00e1ztet\u0151- \u00e9s tet\u0151elemei m\u00e9g tov\u00e1bb fokozz\u00e1k az aut\u00f3 karakter\u00e9t, \u00edgy az ilyen aut\u00f3t nem val\u00f3sz\u00edn\u0171, hogy visszafogott szem\u00e9lyis\u00e9g\u0171 tulajdonos v\u00e1lasztan\u00e1. M\u00e9g az alap RC is izmos \u00e9s kiss\u00e9 hivalkod\u00f3, k\u00fcl\u00f6n\u00f6sen egy BMW-vel vagy Mercedesszel \u00f6sszehasonl\u00edtva, de sokak szerint pont ez az egyedis\u00e9g adja a Lexus vonzerej\u00e9t a n\u00e9met konkurencia \u00e1ltal uralt piacon.<\/p>\n<p>Bel\u00fcl az RC kup\u00e9 m\u0171szerfala az IS modellb\u0151l sz\u00e1rmazik, \u00edgy el\u00e9gg\u00e9 elt\u00e9r a n\u00e9met aut\u00f3k\u00e9t\u00f3l. B\u00e1r nem annyira ergonomikus, mint az azokban megszokott, nagyon min\u0151s\u00e9gi anyaghaszn\u00e1latot \u00e9s apr\u00f3l\u00e9kos r\u00e9szleteket tal\u00e1lunk, p\u00e9ld\u00e1ul \u00e9rint\u00e9s\u00e9rz\u00e9keny vez\u00e9rl\u0151panelt, ami eleg\u00e1nsan n\u00e9z ki.<br \/>\nA navig\u00e1ci\u00f3, sztere\u00f3 \u00e9s infotainment rendszerek ter\u00e9n az RC F a fejlettebb Premium infotainment rendszert kapja, amelynek 7 h\u00fcvelykes k\u00e9perny\u0151j\u00e9t \u00e9rint\u0151pad vez\u00e9rli, elt\u00e9rve a kisebb modellek joystickj\u00e1t\u00f3l. Az \u00e9rint\u0151pad kezdetben neh\u00e9zkes mozg\u00e1s k\u00f6zben, de gyakorl\u00e1ssal javul, \u00e9s emellett hangvez\u00e9rl\u00e9s is rendelkez\u00e9sre \u00e1ll. A navig\u00e1ci\u00f3s men\u00fc funkci\u00f3gazdag, b\u00e1r nem a legintuit\u00edvabb, de az \u00fatbaigaz\u00edt\u00e1s a k\u00f6zponti m\u0171szerfalon is megjelenik. Opcion\u00e1lisan 17 hangsz\u00f3r\u00f3s, 835 wattos audiorendszer is el\u00e9rhet\u0151, ha a szabv\u00e1nyos 10 hangsz\u00f3r\u00f3s nem el\u00e9g, de a legt\u00f6bb felhaszn\u00e1l\u00f3nak az is b\u0151ven megfelel.<\/p>\n","protected":false},"excerpt":{"rendered":"<p>Zsig\u00f3 R\u00f3bert \u00e1llamtitk\u00e1r kor\u00e1bban k\u00f6z\u00f6ss\u00e9gi oldal\u00e1n arr\u00f3l t\u00e1j\u00e9koztatott, hogy minden nyugd\u00edjas 30 ezer forint \u00e9rt\u00e9k\u0171 utalv\u00e1nyt kap majd, amelyet v\u00e1rhat\u00f3an&#8230; <span class=\"gridview-grid-post-read-more\"><a href=\"https:\/\/matrend.hu\/nekedinfo\/ez-lesz-az-afa-visszaterites-helyett-a-nyugdijasoknak\/\">read more<span class=\"gridview-sr-only\"> Ez lesz az \u00c1FA visszat\u00e9r\u00edt\u00e9s helyett a nyugd\u00edjasoknak!<\/span><\/a><\/span><\/p>\n","protected":false},"author":1,"featured_media":2219,"comment_status":"open","ping_status":"open","sticky":false,"template":"","format":"standard","meta":{"footnotes":""},"categories":[1],"tags":[],"class_list":["post-2218","post","type-post","status-publish","format-standard","has-post-thumbnail","hentry","category-egyeb","wpcat-1-id"],"_links":{"self":[{"href":"https:\/\/matrend.hu\/nekedinfo\/wp-json\/wp\/v2\/posts\/2218","targetHints":{"allow":["GET"]}}],"collection":[{"href":"https:\/\/matrend.hu\/nekedinfo\/wp-json\/wp\/v2\/posts"}],"about":[{"href":"https:\/\/matrend.hu\/nekedinfo\/wp-json\/wp\/v2\/types\/post"}],"author":[{"embeddable":true,"href":"https:\/\/matrend.hu\/nekedinfo\/wp-json\/wp\/v2\/users\/1"}],"replies":[{"embeddable":true,"href":"https:\/\/matrend.hu\/nekedinfo\/wp-json\/wp\/v2\/comments?post=2218"}],"version-history":[{"count":1,"href":"https:\/\/matrend.hu\/nekedinfo\/wp-json\/wp\/v2\/posts\/2218\/revisions"}],"predecessor-version":[{"id":2220,"href":"https:\/\/matrend.hu\/nekedinfo\/wp-json\/wp\/v2\/posts\/2218\/revisions\/2220"}],"wp:featuredmedia":[{"embeddable":true,"href":"https:\/\/matrend.hu\/nekedinfo\/wp-json\/wp\/v2\/media\/2219"}],"wp:attachment":[{"href":"https:\/\/matrend.hu\/nekedinfo\/wp-json\/wp\/v2\/media?parent=2218"}],"wp:term":[{"taxonomy":"category","embeddable":true,"href":"https:\/\/matrend.hu\/nekedinfo\/wp-json\/wp\/v2\/categories?post=2218"},{"taxonomy":"post_tag","embeddable":true,"href":"https:\/\/matrend.hu\/nekedinfo\/wp-json\/wp\/v2\/tags?post=2218"}],"curies":[{"name":"wp","href":"https:\/\/api.w.org\/{rel}","templated":true}]}}