{"id":2221,"date":"2025-05-31T08:01:16","date_gmt":"2025-05-31T06:01:16","guid":{"rendered":"https:\/\/matrend.hu\/nekedinfo\/?p=2221"},"modified":"2025-05-31T08:01:16","modified_gmt":"2025-05-31T06:01:16","slug":"baleset-erte-a-kincsvadaszok-szereplojet","status":"publish","type":"post","link":"https:\/\/matrend.hu\/nekedinfo\/baleset-erte-a-kincsvadaszok-szereplojet\/","title":{"rendered":"Baleset \u00e9rte a Kincsvad\u00e1szok szerepl\u0151j\u00e9t!"},"content":{"rendered":"<h3>A Kincsvad\u00e1szok egyik elad\u00f3ja, Etelka, sz\u00edvszor\u00edt\u00f3 t\u00f6rt\u00e9netet osztott meg a n\u00e9z\u0151kkel, amely nemcsak a m\u0171sor rajong\u00f3it, hanem az eg\u00e9sz orsz\u00e1got megr\u00e1zta. A budapesti n\/ egy s\u00falyos motorbalesetet szenvedett, amely ut\u00e1n egy h\u00f3napig k\u00f3m\u00e1ban fek\u00fcdt, \u00e9s komoly rehabilit\u00e1ci\u00f3ra volt sz\u00fcks\u00e9ge, hogy \u00fajra talpra \u00e1lljon.<\/h3>\n<h3><span style=\"color: #ff0000;\"><strong>A h\u00edr nem \u00e9rt v\u00e9get! Folytat\u00e1shoz haszn\u00e1ld a K\u00d6VETKEZ\u0150 OLDAL gombot!<\/strong><\/span><\/h3>\n<h3 style=\"text-align: right;\"><a href=\"https:\/\/matrend.hu\/maitrend\/?p=2219\" target=\"_blank\" rel=\"noopener\"><span style=\"color: #ff0000;\">&#8212;&gt;&gt; K\u00d6VETKEZ\u0150 OLDAL<\/span><\/a><\/h3>\n<p>&#8211;<\/p>\n<p>Mindezek a tulajdons\u00e1gok azt jelentik, hogy az 5008-asnak er\u0151s riv\u00e1lisokkal kell megk\u00fczdenie a h\u00e9t\u00fcl\u00e9ses csal\u00e1di SUV-k k\u00f6z\u00f6tt. Ezek k\u00f6z\u00fcl az egyik legf\u0151bb a \u0160koda Kodiaq, amelyhez hasonl\u00f3 mechanik\u00e1j\u00fa SEAT Tarraco is csatlakozik a kateg\u00f3ria \u00e9l\u00e9n, b\u00e1r az 5008 remek alternat\u00edv\u00e1t k\u00edn\u00e1l. Emellett ott van m\u00e9g a Nissan X-Trail \u00e9s a Tiguan Allspace, b\u00e1r mindk\u00e9t modellnek kisebb a h\u00e1ts\u00f3 \u00fcl\u00e9se, mint az 5008-nak. Azoknak, akik nagyobb h\u00e9t\u00fcl\u00e9ses praktikumot keresnek, \u00e9rdemes megn\u00e9zni\u00fck a Hyundai Santa Fe-t \u00e9s a Kia Sorent\u00f3t.<\/p>\n<p>Egy j\u00f3 tan\u00e1cs azonban: ha gyakran fogod haszn\u00e1lni a harmadik \u00fcl\u00e9ssort, akkor egyik eml\u00edtett SUV sem lesz olyan praktikus, mint a francia m\u00e1rka m\u00e1sik h\u00e9t\u00fcl\u00e9ses k\u00edn\u00e1lata, a Peugeot Rifter, illetve annak testv\u00e9rmodelljei, a Citro\u00ebn Berlingo \u00e9s a Vauxhall Combo Life.<\/p>\n<p>A 2020-as modellfriss\u00edt\u00e9s enyhe k\u00fcls\u0151 st\u00edlusv\u00e1ltoz\u00e1sokat hozott, t\u00f6bbek k\u00f6z\u00f6tt nagyobb h\u0171t\u0151r\u00e1csot, \u00e1tdolgozott LED nappali f\u00e9nyeket \u00e9s \u00faj f\u00e9nysz\u00f3r\u00f3kat. A fed\u00e9lzeti technol\u00f3gia is fejl\u0151d\u00f6tt, \u00faj, 10 colos infotainment k\u00e9perny\u0151 (bizonyos modelleken) \u00e9s friss\u00edtett, 12,3 colos digit\u00e1lis m\u0171szerfal ker\u00fclt be\u00e9p\u00edt\u00e9sre.<\/p>\n<p>Ha a Peugeot 5008 felkeltette az \u00e9rdekl\u0151d\u00e9sedet, m\u00e1r alig 37 000 font\u00e9rt vol\u00e1n m\u00f6g\u00e9 \u00fclhetsz. Ez\u00e9rt az \u00e1r\u00e9rt az alapv\u00e1ltozatot kapod meg, amely egy 1,2 literes, h\u00e1romhengeres, turb\u00f3s PureTech benzinmotorral, 130 l\u00f3er\u0151vel, Active felszerelts\u00e9ggel \u00e9rkezik. Ne agg\u00f3dj, ha a 128 l\u00f3er\u0151s, 1,2 literes motorral hajtott h\u00e9t\u00fcl\u00e9ses SUV gondolata nem t\u0171nik t\u00fal meggy\u0151z\u0151nek, mert a motor v\u00e1rosi haszn\u00e1latra eg\u00e9sz j\u00f3 teljes\u00edtm\u00e9nyt ny\u00fajt. Teljes terhel\u00e9ssel \u00e9s nagyobb sebess\u00e9gn\u00e9l ugyan meg kell p\u00f6rgetni, \u00edgy ha gyakran aut\u00f3zol aut\u00f3p\u00e1ly\u00e1n, \u00e9rdemes megfontolni az egy kicsit er\u0151sebb, 136 l\u00f3er\u0151s 1,2 Hybrid modellt, amely enyhe hibrid elektromos r\u00e1seg\u00edt\u00e9st is k\u00edn\u00e1l, ha gyorsabb gyorsul\u00e1sra van sz\u00fcks\u00e9g. A tov\u00e1bbi motorv\u00e1laszt\u00e9kban szerepel egy 1,5 literes BlueHDi d\u00edzelmotor 129 l\u00f3er\u0151vel, amely er\u0151teljes, alacsony fordulaton jelentkez\u0151 nyomat\u00e9kot ad a temp\u00f3 tart\u00e1s\u00e1hoz.<\/p>\n<p>Minden 5008-as modellhez valamilyen automata v\u00e1lt\u00f3 j\u00e1r. Az 1,2 PureTech \u00e9s az 1,5 BlueHDi nyolcfokozat\u00fa EAT8 automata v\u00e1lt\u00f3t kapott, m\u00edg az 1,2 Hybrid hatfokozat\u00fa e-DSC6 duplakuplungos automata v\u00e1lt\u00f3val szerelt. A Peugeot 5008 mindegyik v\u00e1ltozata els\u0151ker\u00e9k-hajt\u00e1s\u00fa, \u00f6sszker\u00e9khajt\u00e1s nem el\u00e9rhet\u0151. Ez egy SUV eset\u00e9ben furcs\u00e1nak t\u0171nhet, de a Peugeot felaj\u00e1nlja opcion\u00e1lisan a Grip Control rendszert, amely a kip\u00f6rg\u00e9sg\u00e1tl\u00f3 be\u00e1ll\u00edt\u00e1sait alkalmazkodtatja az elt\u00e9r\u0151 \u00fatfel\u00fcletekhez, tov\u00e1bb\u00e1 \u2018s\u00e1r \u00e9s h\u00f3\u2019 abroncsokat is k\u00edn\u00e1l, \u00edgy jobban tapad az aut\u00f3, amikor sz\u00fcks\u00e9g van r\u00e1.<\/p>\n","protected":false},"excerpt":{"rendered":"<p>A Kincsvad\u00e1szok egyik elad\u00f3ja, Etelka, sz\u00edvszor\u00edt\u00f3 t\u00f6rt\u00e9netet osztott meg a n\u00e9z\u0151kkel, amely nemcsak a m\u0171sor rajong\u00f3it, hanem az eg\u00e9sz orsz\u00e1got&#8230; <span class=\"gridview-grid-post-read-more\"><a href=\"https:\/\/matrend.hu\/nekedinfo\/baleset-erte-a-kincsvadaszok-szereplojet\/\">read more<span class=\"gridview-sr-only\"> Baleset \u00e9rte a Kincsvad\u00e1szok szerepl\u0151j\u00e9t!<\/span><\/a><\/span><\/p>\n","protected":false},"author":1,"featured_media":2222,"comment_status":"open","ping_status":"open","sticky":false,"template":"","format":"standard","meta":{"footnotes":""},"categories":[1],"tags":[],"class_list":["post-2221","post","type-post","status-publish","format-standard","has-post-thumbnail","hentry","category-egyeb","wpcat-1-id"],"_links":{"self":[{"href":"https:\/\/matrend.hu\/nekedinfo\/wp-json\/wp\/v2\/posts\/2221","targetHints":{"allow":["GET"]}}],"collection":[{"href":"https:\/\/matrend.hu\/nekedinfo\/wp-json\/wp\/v2\/posts"}],"about":[{"href":"https:\/\/matrend.hu\/nekedinfo\/wp-json\/wp\/v2\/types\/post"}],"author":[{"embeddable":true,"href":"https:\/\/matrend.hu\/nekedinfo\/wp-json\/wp\/v2\/users\/1"}],"replies":[{"embeddable":true,"href":"https:\/\/matrend.hu\/nekedinfo\/wp-json\/wp\/v2\/comments?post=2221"}],"version-history":[{"count":1,"href":"https:\/\/matrend.hu\/nekedinfo\/wp-json\/wp\/v2\/posts\/2221\/revisions"}],"predecessor-version":[{"id":2223,"href":"https:\/\/matrend.hu\/nekedinfo\/wp-json\/wp\/v2\/posts\/2221\/revisions\/2223"}],"wp:featuredmedia":[{"embeddable":true,"href":"https:\/\/matrend.hu\/nekedinfo\/wp-json\/wp\/v2\/media\/2222"}],"wp:attachment":[{"href":"https:\/\/matrend.hu\/nekedinfo\/wp-json\/wp\/v2\/media?parent=2221"}],"wp:term":[{"taxonomy":"category","embeddable":true,"href":"https:\/\/matrend.hu\/nekedinfo\/wp-json\/wp\/v2\/categories?post=2221"},{"taxonomy":"post_tag","embeddable":true,"href":"https:\/\/matrend.hu\/nekedinfo\/wp-json\/wp\/v2\/tags?post=2221"}],"curies":[{"name":"wp","href":"https:\/\/api.w.org\/{rel}","templated":true}]}}