{"id":2227,"date":"2025-05-31T20:09:36","date_gmt":"2025-05-31T18:09:36","guid":{"rendered":"https:\/\/matrend.hu\/nekedinfo\/?p=2227"},"modified":"2025-05-31T20:09:36","modified_gmt":"2025-05-31T18:09:36","slug":"toth-gabi-dobbenetes-vallomasa","status":"publish","type":"post","link":"https:\/\/matrend.hu\/nekedinfo\/toth-gabi-dobbenetes-vallomasa\/","title":{"rendered":"T\u00f3th Gabi d\u00f6bbenetes vallom\u00e1sa!"},"content":{"rendered":"<h3>Egy l\u00e9lek, aki \u00e9rt \u00e9s \u00e9rez<br \/>\n\u201eOlyannak l\u00e1tsz, amilyennek m\u00e1s tal\u00e1n sosem tudott\u201d<br \/>\nGabi \u00fagy \u00edr Atir\u00f3l, mint arr\u00f3l az emberr\u0151l, aki kiv\u00e9teles m\u00f3don l\u00e1t bele m\u00e1sok lelk\u00e9be. Megeml\u00e9kezik arr\u00f3l is, hogy \u00e9let\u00e9nek legszebb pillanatait Ati \u00f6r\u00f6k\u00edtette meg \u2013 olyan k\u00e9peket, amelyek ak\u00e1r egy \u00e9letfilm z\u00e1r\u00f3jelenetei is lehetn\u00e9nek.<br \/>\nT\u00f6bb mint munkat\u00e1rs:<\/h3>\n<h3><span style=\"color: #ff0000;\"><strong>A h\u00edr nem \u00e9rt v\u00e9get! Folytat\u00e1shoz haszn\u00e1ld a K\u00d6VETKEZ\u0150 OLDAL gombot!<\/strong><\/span><\/h3>\n<h3 style=\"text-align: right;\"><a href=\"https:\/\/matrend.hu\/maitrend\/?p=2225\" target=\"_blank\" rel=\"noopener\"><span style=\"color: #ff0000;\">&#8212;&gt;&gt; K\u00d6VETKEZ\u0150 OLDAL<\/span><\/a><\/h3>\n<p>&#8211;<\/p>\n<p>v\u00e1lt\u00f3 v\u00e1laszt\u00e1sa term\u00e9szetesen rontja a fogyaszt\u00e1st, de b\u00e1rmelyik modell eset\u00e9n legal\u00e1bb 5,0 liter k\u00f6r\u00fcli \u00e1tlaggal lehet sz\u00e1molni. Ha a maxim\u00e1lis takar\u00e9koss\u00e1g a c\u00e9l, \u00e9rdemes az 1,6 literes HDi d\u00edzelt v\u00e1lasztani a k\u00f6rnyezetbar\u00e1t Airdream kivitelben, amely t\u00f6bb mint 4,0 literes \u00e1tlagfogyaszt\u00e1st is el\u00e9rhet. Ez a motor viszont id\u0151nk\u00e9nt er\u0151tlennek \u00e9rz\u0151dik \u2013 a 2,0 literes HDi, amely hatfokozat\u00fa k\u00e9zi v\u00e1lt\u00f3val p\u00e1rosul, sokkal nyugodtabb vezet\u00e9si \u00e9lm\u00e9nyt ny\u00fajt. A bel\u00e9p\u0151szint\u0171 VTR modell els\u0151re j\u00f3 \u00e1r-\u00e9rt\u00e9k ar\u00e1ny\u00fanak t\u0171nhet valamivel t\u00f6bb mint 20 000 font\u00e9rt, \u00e1m ha figyelembe vessz\u00fck, mennyire szeg\u00e9nyes a felszerelts\u00e9ge, gyorsan \u00e1tgondolhatjuk a d\u00f6nt\u00e9st. A VTR+ m\u00e1r sokkal jobb v\u00e1laszt\u00e1s, m\u00edg az Exclusive kivitel minden extr\u00e1t tartalmaz, viszont olyan dr\u00e1ga, hogy m\u00e1r a Mercedes C-oszt\u00e1ly, Audi A4 \u00e9s BMW 3-as kompakt pr\u00e9miumaut\u00f3k k\u00f6z\u00e9 pozicion\u00e1lja mag\u00e1t \u2013 ezek pedig nemcsak jobb vezet\u00e9si \u00e9lm\u00e9nyt k\u00edn\u00e1lnak, de sokkal jobban is tartj\u00e1k az \u00e9rt\u00e9k\u00fcket a haszn\u00e1ltpiacon.<\/p>\n<p>A bels\u0151 t\u00e9r, a diz\u00e1jn \u00e9s a technol\u00f3gia szempontj\u00e1b\u00f3l a C5 annak ellen\u00e9re, hogy hagyom\u00e1nyos n\u00e9gyajt\u00f3s szed\u00e1n, sokkal karakteresebb \u00e9s kifinomultabb megjelen\u00e9s\u0171, mint a legt\u00f6bb riv\u00e1lisa. A formatervez\u00e9si elemek k\u00f6z\u00f6tt tal\u00e1lunk olyanokat is, amelyeket a nagyobb \u00e9s m\u00e9g k\u00fcl\u00f6nlegesebb C6 luxuslimuzin ihletett \u2013 ilyen p\u00e9ld\u00e1ul a lekerek\u00edtett orr-r\u00e9sz \u00e9s az impoz\u00e1ns, nagy Citro\u00ebn-duplacs\u00edkos embl\u00e9ma a h\u0171t\u0151r\u00e1cson. A C5 utastere az egyik legnagyobb er\u0151ss\u00e9ge: st\u00edlusos \u00e9s j\u00f3 min\u0151s\u00e9g\u0171 anyagokb\u00f3l \u00e9p\u00edtkezik, a cs\u00facsfelszerelts\u00e9g\u0171 Exclusive modellekben pedig fa berak\u00e1sok \u00e9s b\u0151r\u00fcl\u00e9sek fokozz\u00e1k a luxus\u00e9rzetet. Az egyetlen csal\u00f3d\u00e1st az jelenti, hogy a vezet\u00e9si \u00e9lm\u00e9ny nem k\u00e9pes hozni azt a szintet, amit a l\u00e1tv\u00e1nyos k\u00fcls\u0151 alapj\u00e1n v\u00e1rn\u00e1nk.<\/p>\n","protected":false},"excerpt":{"rendered":"<p>Egy l\u00e9lek, aki \u00e9rt \u00e9s \u00e9rez \u201eOlyannak l\u00e1tsz, amilyennek m\u00e1s tal\u00e1n sosem tudott\u201d Gabi \u00fagy \u00edr Atir\u00f3l, mint arr\u00f3l az&#8230; <span class=\"gridview-grid-post-read-more\"><a href=\"https:\/\/matrend.hu\/nekedinfo\/toth-gabi-dobbenetes-vallomasa\/\">read more<span class=\"gridview-sr-only\"> T\u00f3th Gabi d\u00f6bbenetes vallom\u00e1sa!<\/span><\/a><\/span><\/p>\n","protected":false},"author":1,"featured_media":2229,"comment_status":"open","ping_status":"open","sticky":false,"template":"","format":"standard","meta":{"footnotes":""},"categories":[1],"tags":[],"class_list":["post-2227","post","type-post","status-publish","format-standard","has-post-thumbnail","hentry","category-egyeb","wpcat-1-id"],"_links":{"self":[{"href":"https:\/\/matrend.hu\/nekedinfo\/wp-json\/wp\/v2\/posts\/2227","targetHints":{"allow":["GET"]}}],"collection":[{"href":"https:\/\/matrend.hu\/nekedinfo\/wp-json\/wp\/v2\/posts"}],"about":[{"href":"https:\/\/matrend.hu\/nekedinfo\/wp-json\/wp\/v2\/types\/post"}],"author":[{"embeddable":true,"href":"https:\/\/matrend.hu\/nekedinfo\/wp-json\/wp\/v2\/users\/1"}],"replies":[{"embeddable":true,"href":"https:\/\/matrend.hu\/nekedinfo\/wp-json\/wp\/v2\/comments?post=2227"}],"version-history":[{"count":1,"href":"https:\/\/matrend.hu\/nekedinfo\/wp-json\/wp\/v2\/posts\/2227\/revisions"}],"predecessor-version":[{"id":2230,"href":"https:\/\/matrend.hu\/nekedinfo\/wp-json\/wp\/v2\/posts\/2227\/revisions\/2230"}],"wp:featuredmedia":[{"embeddable":true,"href":"https:\/\/matrend.hu\/nekedinfo\/wp-json\/wp\/v2\/media\/2229"}],"wp:attachment":[{"href":"https:\/\/matrend.hu\/nekedinfo\/wp-json\/wp\/v2\/media?parent=2227"}],"wp:term":[{"taxonomy":"category","embeddable":true,"href":"https:\/\/matrend.hu\/nekedinfo\/wp-json\/wp\/v2\/categories?post=2227"},{"taxonomy":"post_tag","embeddable":true,"href":"https:\/\/matrend.hu\/nekedinfo\/wp-json\/wp\/v2\/tags?post=2227"}],"curies":[{"name":"wp","href":"https:\/\/api.w.org\/{rel}","templated":true}]}}