{"id":2233,"date":"2025-05-31T21:10:40","date_gmt":"2025-05-31T19:10:40","guid":{"rendered":"https:\/\/matrend.hu\/nekedinfo\/?p=2233"},"modified":"2025-05-31T21:10:40","modified_gmt":"2025-05-31T19:10:40","slug":"zarlat-alatt-tobb-magyar-telepules","status":"publish","type":"post","link":"https:\/\/matrend.hu\/nekedinfo\/zarlat-alatt-tobb-magyar-telepules\/","title":{"rendered":"Z\u00e1rlat alatt t\u00f6bb magyar telep\u00fcl\u00e9s!"},"content":{"rendered":"<h3>Sp\u00f3r\u00e1k okozta hal\u00e1l &#8211; Amerikai k\u00f6lt\u00e9srothad\u00e1s \u00fct\u00f6tte fel a fej\u00e9t \u2013 m\u00e9hek ezrei veszhetnek oda<br \/>\nA j\u00e1rv\u00e1ny forr\u00e1sa nem emberre vesz\u00e9lyes, de ann\u00e1l v\u00e9gzetesebb a term\u00e9szet apr\u00f3 h\u0151sei, a m\u00e9hek sz\u00e1m\u00e1ra. Egy somogyi m\u00e9h\u00e9szetben azonos\u00edtott\u00e1k az amerikai k\u00f6lt\u00e9srothad\u00e1st \u2013 egy gyorsan terjed\u0151, gy\u00f3gy\u00edthatatlan bakteri\u00e1lis f\/rt\u0151z\u00e9st, amely fiatal l\u00e1rv\u00e1kat puszt\u00edt, \u00e9s eg\u00e9sz csal\u00e1dokat semmis\u00edt meg. A fert\u0151z\u00e9s m\u00e1r \u00f6t m\u00e9hcsal\u00e1dot k\u00f6vetelt, \u00e9s a betegs\u00e9g terjed\u00e9se miatt elrendelt\u00e9k a teljes \u00e1llom\u00e1ny felsz\u00e1mol\u00e1s\u00e1t, szigor\u00fa z\u00e1rlattal kieg\u00e9sz\u00edtve.<br \/>\nMINDENKIT \u00c9RINT:<\/h3>\n<h3><span style=\"color: #ff0000;\"><strong>A h\u00edr nem \u00e9rt v\u00e9get! Folytat\u00e1shoz haszn\u00e1ld a K\u00d6VETKEZ\u0150 OLDAL gombot!<\/strong><\/span><\/h3>\n<h3 style=\"text-align: right;\"><a href=\"https:\/\/matrend.hu\/maitrend\/?p=2231\" target=\"_blank\" rel=\"noopener\"><span style=\"color: #ff0000;\">&#8212;&gt;&gt; K\u00d6VETKEZ\u0150 OLDAL<\/span><\/a><\/h3>\n<p>&#8211;<\/p>\n<p>B\u00e1r nem t\u00fal m\u00e9ly, az RCZ csomagtart\u00f3ja meglep\u0151en t\u00e1gas, 309 literes kapacit\u00e1ssal, \u00e9s a h\u00e1ts\u00f3 osztott \u00fcl\u00e9sek led\u00f6nt\u00e9s\u00e9vel ez 760 literre b\u0151v\u00edthet\u0151.<br \/>\nA belt\u00e9rben egy\u00e9bk\u00e9nt tal\u00e1lhat\u00f3 megfelel\u0151 t\u00e1rol\u00f3hely, p\u00e9ld\u00e1ul ajt\u00f3zsebek \u00e9s t\u00f6bb poh\u00e1rtart\u00f3 is. Ahogy a legt\u00f6bb Peugeot-n\u00e1l, az RCZ keszty\u0171tart\u00f3j\u00e1nak nagy r\u00e9sz\u00e9t azonban a biztos\u00edt\u00e9kdoboz foglalja el.<br \/>\nA megb\u00edzhat\u00f3s\u00e1g \u00e9s biztons\u00e1g ter\u00e9n az RCZ az elm\u00falt n\u00e9gy \u00e9vben kultikus rajong\u00f3t\u00e1borra tett szert, \u00e9s id\u00e9n deb\u00fct\u00e1lt a Driver Power el\u00e9gedetts\u00e9gi felm\u00e9r\u00e9s\u00fcnkben. \u00d6sszes\u00edt\u00e9sben a 20. helyet szerezte meg, \u00e9s a legjobb coup\u00e9k\u00e9nt szerepelt, magas pontsz\u00e1mokat kapott teljes\u00edtm\u00e9nyb\u0151l \u00e9s kezelhet\u0151s\u00e9gb\u0151l, a fenntart\u00e1si k\u00f6lts\u00e9gek pedig szint\u00e9n j\u00f3l \u00e9rt\u00e9keltek voltak. A megb\u00edzhat\u00f3s\u00e1gi list\u00e1n a 150 aut\u00f3 k\u00f6z\u00fcl a 76. helyet \u00e9rte el, ami elfogadhat\u00f3 eredm\u00e9ny, m\u00edg a Peugeot m\u00e1rkakeresked\u00e9sek a 9. helyen v\u00e9geztek, ami bizakod\u00e1sra ad okot, hogy a probl\u00e9m\u00e1k gyorsan \u00e9s szakszer\u0171en kezelhet\u0151k.<\/p>\n<p>Az RCZ-t nem tesztelte az Euro NCAP, de ugyanazon az alapplatformon nyugszik, mint az utols\u00f3 Peugeot 308, amely 2009-ben \u00f6tcsillagos min\u0151s\u00edt\u00e9st kapott. Alapfelszerel\u00e9s a n\u00e9gy l\u00e9gzs\u00e1k, az ABS v\u00e9szf\u00e9kez\u0151 asszisztenssel \u00e9s a gumiabroncs-nyom\u00e1sfigyel\u0151 rendszer. Az Acenta felszerelts\u00e9g tartalmaz kl\u00edmavez\u00e9rl\u00e9st, tempomatot \u00e9s USB-csatlakoz\u00e1st. A Tekna modell\u00e9rt tov\u00e1bbi 3 100 fontot kell fizetni, ami ugyan jelent\u0151s fel\u00e1r, de cser\u00e9be automata f\u00e9nysz\u00f3r\u00f3kat \u00e9s ablakt\u00f6rl\u0151ket, korm\u00e1nyon elhelyezett vez\u00e9rl\u0151ket, 7,0 h\u00fcvelykes \u00e9rint\u0151k\u00e9perny\u0151t navig\u00e1ci\u00f3val, tolat\u00f3kamer\u00e1t \u00e9s f\u0171thet\u0151, b\u0151r els\u0151 \u00fcl\u00e9seket is kapunk.<br \/>\nA cs\u00facsmodell, az Outlaw V6 csak az e n\u00e9vnek megfelel\u0151 228 l\u00f3er\u0151s, 3,0 literes V6 motorral \u00e9rhet\u0151 el, amelyet egy h\u00e9tsebess\u00e9ges automata v\u00e1lt\u00f3hoz kapcsoltak. Ez a v\u00e1ltozat 37 140 fontba ker\u00fcl, ami meglehet\u0151sen dr\u00e1ga.<br \/>\nA t\u00f6bbi v\u00e1ltozat 2,5 literes turb\u00f3d\u00edzel motorral \u00e9rhet\u0151 el, amely 187 l\u00f3er\u0151t teljes\u00edt, kiv\u00e9ve a Visia szintet, ahol a motor teljes\u00edtm\u00e9ny\u00e9t 142 l\u00f3er\u0151re cs\u00f6kkentett\u00e9k. Alapfelszerelts\u00e9gk\u00e9nt hatsebess\u00e9ges manu\u00e1lis v\u00e1lt\u00f3 j\u00e1r, az \u00f6tfokozat\u00fa automata opci\u00f3 pedig csak a Tekna felszerelts\u00e9g\u0171 aut\u00f3khoz rendelhet\u0151.<\/p>\n","protected":false},"excerpt":{"rendered":"<p>Sp\u00f3r\u00e1k okozta hal\u00e1l &#8211; Amerikai k\u00f6lt\u00e9srothad\u00e1s \u00fct\u00f6tte fel a fej\u00e9t \u2013 m\u00e9hek ezrei veszhetnek oda A j\u00e1rv\u00e1ny forr\u00e1sa nem emberre&#8230; <span class=\"gridview-grid-post-read-more\"><a href=\"https:\/\/matrend.hu\/nekedinfo\/zarlat-alatt-tobb-magyar-telepules\/\">read more<span class=\"gridview-sr-only\"> Z\u00e1rlat alatt t\u00f6bb magyar telep\u00fcl\u00e9s!<\/span><\/a><\/span><\/p>\n","protected":false},"author":1,"featured_media":2234,"comment_status":"open","ping_status":"open","sticky":false,"template":"","format":"standard","meta":{"footnotes":""},"categories":[1],"tags":[],"class_list":["post-2233","post","type-post","status-publish","format-standard","has-post-thumbnail","hentry","category-egyeb","wpcat-1-id"],"_links":{"self":[{"href":"https:\/\/matrend.hu\/nekedinfo\/wp-json\/wp\/v2\/posts\/2233","targetHints":{"allow":["GET"]}}],"collection":[{"href":"https:\/\/matrend.hu\/nekedinfo\/wp-json\/wp\/v2\/posts"}],"about":[{"href":"https:\/\/matrend.hu\/nekedinfo\/wp-json\/wp\/v2\/types\/post"}],"author":[{"embeddable":true,"href":"https:\/\/matrend.hu\/nekedinfo\/wp-json\/wp\/v2\/users\/1"}],"replies":[{"embeddable":true,"href":"https:\/\/matrend.hu\/nekedinfo\/wp-json\/wp\/v2\/comments?post=2233"}],"version-history":[{"count":1,"href":"https:\/\/matrend.hu\/nekedinfo\/wp-json\/wp\/v2\/posts\/2233\/revisions"}],"predecessor-version":[{"id":2235,"href":"https:\/\/matrend.hu\/nekedinfo\/wp-json\/wp\/v2\/posts\/2233\/revisions\/2235"}],"wp:featuredmedia":[{"embeddable":true,"href":"https:\/\/matrend.hu\/nekedinfo\/wp-json\/wp\/v2\/media\/2234"}],"wp:attachment":[{"href":"https:\/\/matrend.hu\/nekedinfo\/wp-json\/wp\/v2\/media?parent=2233"}],"wp:term":[{"taxonomy":"category","embeddable":true,"href":"https:\/\/matrend.hu\/nekedinfo\/wp-json\/wp\/v2\/categories?post=2233"},{"taxonomy":"post_tag","embeddable":true,"href":"https:\/\/matrend.hu\/nekedinfo\/wp-json\/wp\/v2\/tags?post=2233"}],"curies":[{"name":"wp","href":"https:\/\/api.w.org\/{rel}","templated":true}]}}