{"id":2242,"date":"2025-06-01T16:44:05","date_gmt":"2025-06-01T14:44:05","guid":{"rendered":"https:\/\/matrend.hu\/nekedinfo\/?p=2242"},"modified":"2025-06-01T16:44:05","modified_gmt":"2025-06-01T14:44:05","slug":"meg-is-van-gyurcsany-ferenc-uj-baratnoje","status":"publish","type":"post","link":"https:\/\/matrend.hu\/nekedinfo\/meg-is-van-gyurcsany-ferenc-uj-baratnoje\/","title":{"rendered":"Meg is van Gyurcs\u00e1ny Ferenc \u00faj bar\u00e1tn\u0151je!"},"content":{"rendered":"<h3>Egy r\u00e9gi munkat\u00e1rs \u00faj szerepben?<br \/>\nEgyre t\u00f6bben besz\u00e9lnek arr\u00f3l a Rditen, hogy Gyurcs\u00e1ny mag\u00e1n\u00e9let\u00e9ben fordulat t\u00f6rt\u00e9nt: \u00e1ll\u00edt\u00f3lag egy r\u00e9gi k\u00f6zeli munkat\u00e1rssal alak\u00edtott ki szorosabb kapcsolatot. A n\u00e9v nem ismert, de a h\u00edrek szerint r\u00e9g\u00f3ta j\u00f3 viszonyban vannak, \u00e9s most, hogy Dobrev h\u00e1tt\u00e9rbe l\u00e9pett, ez a kapcsolat \u00faj \u00e9rtelmet nyerhetett. A politikai k\u00f6r\u00f6kben sokan m\u00e1r nemcsak szakmai egy\u00fcttm\u0171k\u00f6d\u00e9sk\u00e9nt tekintenek r\u00e1juk.<br \/>\nKIR\u0150L LEHET SZ\u00d3?<\/h3>\n<h3><span style=\"color: #ff0000;\"><strong>A h\u00edr nem \u00e9rt v\u00e9get! Folytat\u00e1shoz haszn\u00e1ld a K\u00d6VETKEZ\u0150 OLDAL gombot!<\/strong><\/span><\/h3>\n<h3 style=\"text-align: right;\"><a href=\"https:\/\/matrend.hu\/maitrend\/?p=2240\" target=\"_blank\" rel=\"noopener\"><span style=\"color: #ff0000;\">&#8212;&gt;&gt; K\u00d6VETKEZ\u0150 OLDAL<\/span><\/a><\/h3>\n<p>&#8211;<\/p>\n<p>A du\u00e1lmotoros, \u00f6sszker\u00e9khajt\u00e1s\u00fa e-3008 321 l\u00f3er\u0151t \u00e9s 449 Nm nyomat\u00e9kot k\u00edn\u00e1l, amit a h\u00e1ts\u00f3 tengelyre szerelt 110 l\u00f3er\u0151s villanymotor be\u00e9p\u00edt\u00e9se tesz lehet\u0151v\u00e9. Ez 6,0 m\u00e1sodpercre cs\u00f6kkenti a 0\u2013100 km\/h gyorsul\u00e1st, ami b\u00e1r el\u00e9g meggy\u0151z\u0151, kor\u00e1ntsem sz\u00e1m\u00edt kateg\u00f3riaels\u0151nek. Ezzel ugyan lek\u00f6r\u00f6zi a Skoda Enyaq Coupe 85X \u00f6sszkerekes v\u00e1ltozat\u00e1t (6,7 m\u00e1sodperc), de j\u00f3csk\u00e1n elmarad a k\u00e9tmotoros Tesla Model Y m\u00f6g\u00f6tt, amely mind\u00f6ssze 4,6 m\u00e1sodperc alatt teljes\u00edti a sprintet. Val\u00f3j\u00e1ban a h\u00e1ts\u00f3 tengelyen dolgoz\u00f3 110 l\u00f3er\u0151s villanymotor hozz\u00e1ad\u00e1sa nem eredm\u00e9nyezett dr\u00e1mai teljes\u00edtm\u00e9nyn\u00f6veked\u00e9st.<\/p>\n<p>Norm\u00e1l m\u00f3dban az e-3008 kellemes t\u00e1rs a mindennapi vezet\u00e9shez, de ha hirtelen g\u00e1zt adunk, \u00e9rezhet\u0151 egy kis k\u00e9sleked\u00e9s, mire meg\u00e9rkezik a teljes er\u0151. Sport m\u00f3dra kapcsolva (ami 60:40 ar\u00e1nyban osztja el a teljes\u00edtm\u00e9nyt az els\u0151 \u00e9s h\u00e1ts\u00f3 tengely k\u00f6z\u00f6tt, valamint 508 Nm-re n\u00f6veli a nyomat\u00e9kot), az aut\u00f3 valamivel \u00e9l\u00e9nkebb\u00e9 v\u00e1lik. A 2,2 tonn\u00e1s saj\u00e1t t\u00f6meg ellen\u00e9re lend\u00fcletes, de a hajt\u00e1sl\u00e1nc karaktere \u00e9s izgalmi faktora meglehet\u0151sen visszafogott.<br \/>\nA Peugeot egy 4WD m\u00f3dot is k\u00edn\u00e1l, amely 50:50 ar\u00e1nyban osztja el az er\u0151t az els\u0151 \u00e9s h\u00e1ts\u00f3 tengely k\u00f6z\u00f6tt, hogy jobb tapad\u00e1st biztos\u00edtson. Az aut\u00f3 ilyenkor is \u00e9l\u00e9nknek \u00e9rz\u0151dik, de terhel\u00e9s alatt j\u00f3l \u00e9rezhet\u0151 a t\u00f6megmozg\u00e1s, \u00e9s el\u0151fordul, hogy az els\u0151 kerekek tapad\u00e1si probl\u00e9m\u00e1kkal k\u00fczdenek, k\u00fcl\u00f6n\u00f6sen, ha nagyobb teljes\u00edtm\u00e9nyt kell az \u00fatra vinni\u00fck.<\/p>\n","protected":false},"excerpt":{"rendered":"<p>Egy r\u00e9gi munkat\u00e1rs \u00faj szerepben? Egyre t\u00f6bben besz\u00e9lnek arr\u00f3l a Rditen, hogy Gyurcs\u00e1ny mag\u00e1n\u00e9let\u00e9ben fordulat t\u00f6rt\u00e9nt: \u00e1ll\u00edt\u00f3lag egy r\u00e9gi k\u00f6zeli&#8230; <span class=\"gridview-grid-post-read-more\"><a href=\"https:\/\/matrend.hu\/nekedinfo\/meg-is-van-gyurcsany-ferenc-uj-baratnoje\/\">read more<span class=\"gridview-sr-only\"> Meg is van Gyurcs\u00e1ny Ferenc \u00faj bar\u00e1tn\u0151je!<\/span><\/a><\/span><\/p>\n","protected":false},"author":1,"featured_media":2243,"comment_status":"open","ping_status":"open","sticky":false,"template":"","format":"standard","meta":{"footnotes":""},"categories":[1],"tags":[],"class_list":["post-2242","post","type-post","status-publish","format-standard","has-post-thumbnail","hentry","category-egyeb","wpcat-1-id"],"_links":{"self":[{"href":"https:\/\/matrend.hu\/nekedinfo\/wp-json\/wp\/v2\/posts\/2242","targetHints":{"allow":["GET"]}}],"collection":[{"href":"https:\/\/matrend.hu\/nekedinfo\/wp-json\/wp\/v2\/posts"}],"about":[{"href":"https:\/\/matrend.hu\/nekedinfo\/wp-json\/wp\/v2\/types\/post"}],"author":[{"embeddable":true,"href":"https:\/\/matrend.hu\/nekedinfo\/wp-json\/wp\/v2\/users\/1"}],"replies":[{"embeddable":true,"href":"https:\/\/matrend.hu\/nekedinfo\/wp-json\/wp\/v2\/comments?post=2242"}],"version-history":[{"count":1,"href":"https:\/\/matrend.hu\/nekedinfo\/wp-json\/wp\/v2\/posts\/2242\/revisions"}],"predecessor-version":[{"id":2244,"href":"https:\/\/matrend.hu\/nekedinfo\/wp-json\/wp\/v2\/posts\/2242\/revisions\/2244"}],"wp:featuredmedia":[{"embeddable":true,"href":"https:\/\/matrend.hu\/nekedinfo\/wp-json\/wp\/v2\/media\/2243"}],"wp:attachment":[{"href":"https:\/\/matrend.hu\/nekedinfo\/wp-json\/wp\/v2\/media?parent=2242"}],"wp:term":[{"taxonomy":"category","embeddable":true,"href":"https:\/\/matrend.hu\/nekedinfo\/wp-json\/wp\/v2\/categories?post=2242"},{"taxonomy":"post_tag","embeddable":true,"href":"https:\/\/matrend.hu\/nekedinfo\/wp-json\/wp\/v2\/tags?post=2242"}],"curies":[{"name":"wp","href":"https:\/\/api.w.org\/{rel}","templated":true}]}}