{"id":2248,"date":"2025-06-01T17:49:52","date_gmt":"2025-06-01T15:49:52","guid":{"rendered":"https:\/\/matrend.hu\/nekedinfo\/?p=2248"},"modified":"2025-06-01T17:49:52","modified_gmt":"2025-06-01T15:49:52","slug":"opitz-barbi-megszabadult-legendas-gondor-hajatol","status":"publish","type":"post","link":"https:\/\/matrend.hu\/nekedinfo\/opitz-barbi-megszabadult-legendas-gondor-hajatol\/","title":{"rendered":"Opitz Barbi megszabadult legend\u00e1s g\u00f6nd\u00f6r haj\u00e1t\u00f3l!"},"content":{"rendered":"<h3>B\u00e1r az utols\u00f3 szak\u00edt\u00e1s v\u00e9glegesnek t\u0171nt, az \u00e9nekesn\u0151 nemr\u00e9giben elhintette, hogy \u00fajra szerelmes \u2013 \u00e9s sokan \u00fagy v\u00e9lik, \u00fajra Serleg Albert a kiv\u00e1lasztott. Hivatalos meger\u0151s\u00edt\u00e9s nincs, de a rajong\u00f3k m\u00e1ris tal\u00e1lgatnak. Tal\u00e1n ennek tudhat\u00f3 be a Dr\u00e1mai k\u00fcls\u0151 \u00e1talakul\u00e1sa \u2013 felismerhetetlen lett.<br \/>\nMUTATJUK!<\/h3>\n<h3><span style=\"color: #ff0000;\"><strong>A h\u00edr nem \u00e9rt v\u00e9get! Folytat\u00e1shoz haszn\u00e1ld a K\u00d6VETKEZ\u0150 OLDAL gombot!<\/strong><\/span><\/h3>\n<h3 style=\"text-align: right;\"><a href=\"https:\/\/matrend.hu\/maitrend\/?p=2246\" target=\"_blank\" rel=\"noopener\"><span style=\"color: #ff0000;\">&#8212;&gt;&gt; K\u00d6VETKEZ\u0150 OLDAL<\/span><\/a><\/h3>\n<p>&#8211;<\/p>\n<p>M\u00e9g pozit\u00edvabb\u00e1 teszi a k\u00e9pet a hivatalos WLTP szerinti 4,5 l\/100 km-es (52,3 mpg) vegyes fogyaszt\u00e1si \u00e9rt\u00e9k. A vegyes haszn\u00e1lat sor\u00e1n mi is megk\u00f6zel\u00edtett\u00fck ezt az adatot, ami azt jelenti, hogy a 40 literes \u00fczemanyagtart\u00e1ly teljes megt\u00f6lt\u00e9s\u00e9vel k\u00f6r\u00fclbel\u00fcl 740 kilom\u00e9teres hat\u00f3t\u00e1v \u00e9rhet\u0151 el.<\/p>\n<p>A HR-V vezet\u00e9si \u00e9lm\u00e9ny\u00e9t viszont jelent\u0151sen rontja az e-CVT v\u00e1lt\u00f3 m\u0171k\u00f6d\u00e9se. Mivel ennek a v\u00e1lt\u00f3nak nincsenek fix fokozatai, gyors\u00edt\u00e1s k\u00f6zben az aut\u00f3 hajlamos t\u00fal magas fordulatsz\u00e1mon p\u00f6rgetni a motort, m\u00e9g akkor is, ha csak enyhe gyors\u00edt\u00e1sra van sz\u00fcks\u00e9g. Gyakran id\u0151 el\u0151tt v\u00e1lt vissza \u201ealacsonyabb fokozatra\u201d, ami zavar\u00f3an hangos motorzajt \u00e9s az \u00e9rz\u00e9kelt gyorsul\u00e1ssal nem \u00f6sszeegyeztethet\u0151 vezet\u00e9si \u00e9lm\u00e9nyt eredm\u00e9nyez \u2013 emiatt a HR-V lassabbnak \u00e9rz\u0151dik, mint amilyen val\u00f3j\u00e1ban. Ez k\u00fcl\u00f6n\u00f6sen sajn\u00e1latos, tekintve, hogy a modell friss\u00edt\u00e9s\u00e9vel a Honda jelent\u0151s hangszigetel\u00e9si fejleszt\u00e9seket eszk\u00f6z\u00f6lt az utast\u00e9rben.<\/p>\n<p>Ami viszont kifejezetten tetszett, az a korm\u00e1ny m\u00f6g\u00f6tti v\u00e1lt\u00f3f\u00fclekkel szab\u00e1lyozhat\u00f3 regenerat\u00edv f\u00e9kez\u00e9s h\u00e1rom fokozata. Ezek j\u00f3l haszn\u00e1lhat\u00f3k, \u00e9s t\u00f6k\u00e9letesen illeszkednek a HR-V csendes, visszafogott \u00e9s kifinomult m\u0171k\u00f6d\u00e9s\u00e9hez, amennyiben nem l\u00e9pj\u00fck t\u00fal a hajt\u00e1sl\u00e1nc komfortz\u00f3n\u00e1j\u00e1t. A HR-V e:HEV teljesen felismerhetetlen a m\u00e1sodik gener\u00e1ci\u00f3s HR-V-hez (2015\u20132020) k\u00e9pest, amelyet lev\u00e1ltott. M\u00e9reteit tekintve m\u00e9g mindig egy viszonylag kis aut\u00f3r\u00f3l van sz\u00f3 \u2013 nagyj\u00e1b\u00f3l annyi helyet foglal el az \u00faton, mint egy Volkswagen Golf \u2013, de a helykihaszn\u00e1l\u00e1sa rendk\u00edv\u00fcl hat\u00e9kony.<br \/>\nEllent\u00e9tben az el\u0151z\u0151 modell egyter\u0171re eml\u00e9keztet\u0151 megjelen\u00e9s\u00e9vel, ez a v\u00e1ltozat sokkal ink\u00e1bb egy \u00e1ramvonalas, sportos szabadid\u0151-aut\u00f3ra (crossoverre) hasonl\u00edt, alacsonyabb tet\u0151vonallal, megemelt hasmagass\u00e1ggal, r\u00f6videbb els\u0151 t\u00falny\u00fal\u00e1ssal \u00e9s elny\u00fajtott h\u00e1ts\u00f3 r\u00e9sszel. Az \u00fajabb friss\u00edt\u00e9s ezen az alapvet\u0151 form\u00e1n nem v\u00e1ltoztat, mind\u00f6ssze egy sz\u00f6gletesebb els\u0151 h\u0171t\u0151maszkkal eg\u00e9sz\u00edti ki a megjelen\u00e9st.<\/p>\n","protected":false},"excerpt":{"rendered":"<p>B\u00e1r az utols\u00f3 szak\u00edt\u00e1s v\u00e9glegesnek t\u0171nt, az \u00e9nekesn\u0151 nemr\u00e9giben elhintette, hogy \u00fajra szerelmes \u2013 \u00e9s sokan \u00fagy v\u00e9lik, \u00fajra Serleg&#8230; <span class=\"gridview-grid-post-read-more\"><a href=\"https:\/\/matrend.hu\/nekedinfo\/opitz-barbi-megszabadult-legendas-gondor-hajatol\/\">read more<span class=\"gridview-sr-only\"> Opitz Barbi megszabadult legend\u00e1s g\u00f6nd\u00f6r haj\u00e1t\u00f3l!<\/span><\/a><\/span><\/p>\n","protected":false},"author":1,"featured_media":2249,"comment_status":"open","ping_status":"open","sticky":false,"template":"","format":"standard","meta":{"footnotes":""},"categories":[1],"tags":[],"class_list":["post-2248","post","type-post","status-publish","format-standard","has-post-thumbnail","hentry","category-egyeb","wpcat-1-id"],"_links":{"self":[{"href":"https:\/\/matrend.hu\/nekedinfo\/wp-json\/wp\/v2\/posts\/2248","targetHints":{"allow":["GET"]}}],"collection":[{"href":"https:\/\/matrend.hu\/nekedinfo\/wp-json\/wp\/v2\/posts"}],"about":[{"href":"https:\/\/matrend.hu\/nekedinfo\/wp-json\/wp\/v2\/types\/post"}],"author":[{"embeddable":true,"href":"https:\/\/matrend.hu\/nekedinfo\/wp-json\/wp\/v2\/users\/1"}],"replies":[{"embeddable":true,"href":"https:\/\/matrend.hu\/nekedinfo\/wp-json\/wp\/v2\/comments?post=2248"}],"version-history":[{"count":1,"href":"https:\/\/matrend.hu\/nekedinfo\/wp-json\/wp\/v2\/posts\/2248\/revisions"}],"predecessor-version":[{"id":2250,"href":"https:\/\/matrend.hu\/nekedinfo\/wp-json\/wp\/v2\/posts\/2248\/revisions\/2250"}],"wp:featuredmedia":[{"embeddable":true,"href":"https:\/\/matrend.hu\/nekedinfo\/wp-json\/wp\/v2\/media\/2249"}],"wp:attachment":[{"href":"https:\/\/matrend.hu\/nekedinfo\/wp-json\/wp\/v2\/media?parent=2248"}],"wp:term":[{"taxonomy":"category","embeddable":true,"href":"https:\/\/matrend.hu\/nekedinfo\/wp-json\/wp\/v2\/categories?post=2248"},{"taxonomy":"post_tag","embeddable":true,"href":"https:\/\/matrend.hu\/nekedinfo\/wp-json\/wp\/v2\/tags?post=2248"}],"curies":[{"name":"wp","href":"https:\/\/api.w.org\/{rel}","templated":true}]}}