{"id":2251,"date":"2025-06-01T18:29:01","date_gmt":"2025-06-01T16:29:01","guid":{"rendered":"https:\/\/matrend.hu\/nekedinfo\/?p=2251"},"modified":"2025-06-01T18:29:01","modified_gmt":"2025-06-01T16:29:01","slug":"bejelentettek-ezt-kapjak-a-nyugdijasok-a-kovetkezo-nyugdij-melle","status":"publish","type":"post","link":"https:\/\/matrend.hu\/nekedinfo\/bejelentettek-ezt-kapjak-a-nyugdijasok-a-kovetkezo-nyugdij-melle\/","title":{"rendered":"Bejelentett\u00e9k! Ezt kapj\u00e1k a nyugd\u00edjasok a k\u00f6vetkez\u0151 nyugd\u00edj mell\u00e9!"},"content":{"rendered":"<p><\n\n<h3>A 30 ezer forint \u00e9rt\u00e9k\u0171 juttat\u00e1s t\u00f6bbf\u00e9le c\u00edmlet\u0171, nyomtatott utalv\u00e1ny form\u00e1j\u00e1ban jut majd el a nyugd\u00edjasokhoz. Ezeket a korm\u00e1ny m\u00e9g az \u0151sz folyam\u00e1n k\u00e9zbes\u00edti, \u00e9s felhaszn\u00e1l\u00e1suk sz\u00e9les k\u00f6rben lehets\u00e9ges lesz: elfogadj\u00e1k majd a helyi kisboltok, a nagy \u00e1ruh\u00e1zl\u00e1ncok, piacok \u00e9s az \u0151stermel\u0151k is. A korm\u00e1ny jelenleg a sz\u00fcks\u00e9ges jogszab\u00e1lyi h\u00e1tt\u00e9r kidolgoz\u00e1s\u00e1n dolgozik, a kapcsol\u00f3d\u00f3 t\u00f6rv\u00e9nyjavaslat beny\u00fajt\u00e1sa ut\u00e1n indulhat az utalv\u00e1nyok nyomtat\u00e1sa.<br \/>\nEZ LESZ AZ \u00c1FA VISSZAT\u00c9R\u00cdT\u00c9SSEL:<\/h3>\n<h3><span style=\"color: #ff0000;\"><strong>A h\u00edr nem \u00e9rt v\u00e9get! Folytat\u00e1shoz haszn\u00e1ld a K\u00d6VETKEZ\u0150 OLDAL gombot!<\/strong><\/span><\/h3>\n<h3 style=\"text-align: right;\"><a href=\"https:\/\/matrend.hu\/maitrend\/?p=2249\" target=\"_blank\" rel=\"noopener\"><span style=\"color: #ff0000;\">&#8212;&gt;&gt; K\u00d6VETKEZ\u0150 OLDAL<\/span><\/a><\/h3>\n<p>&#8211;<\/p>\n<p>Az \u00fczemanyag-fogyaszt\u00e1s, a CO2-kibocs\u00e1t\u00e1s \u00e9s a fenntart\u00e1si k\u00f6lts\u00e9gek tekintet\u00e9ben a Renault Megane-ok j\u00f3 gazdas\u00e1goss\u00e1got k\u00edn\u00e1lnak, ami a c\u00e9g motorpalett\u00e1j\u00e1nak lecs\u00f6kkent\u00e9s\u00e9b\u0151l fakad. A k\u00edn\u00e1latban megtal\u00e1lhat\u00f3 egy 1,6 literes benzines motor, amely 109 l\u00f3er\u0151t ad \u00e9s 40,9 mpg fogyaszt\u00e1st produk\u00e1l. Emellett van egy turb\u00f3s 1,2 literes benzines, amely 114 l\u00f3er\u0151s \u00e9s 53,3 mpg-t, mind\u00f6ssze 119 g\/km CO2-kibocs\u00e1t\u00e1ssal. A k\u00edn\u00e1lat cs\u00facs\u00e1n egy 2,0 literes d\u00edzelmotor \u00e1ll 163 l\u00f3er\u0151vel \u00e9s 50,4 mpg fogyaszt\u00e1ssal. A d\u00edzelmotorok k\u00f6z\u00f6tt megtal\u00e1lhat\u00f3 m\u00e9g egy 1,5 literes, 109 l\u00f3er\u0151s egys\u00e9g is, amely 80,7 mpg-t tud, illetve egy 1,6 literes 128 l\u00f3er\u0151vel. A Renault kiv\u00e1l\u00f3 4+ szervizcsomagja mag\u00e1ban foglalja a karbantart\u00e1st, a garanci\u00e1t, az \u00fatmenti seg\u00edts\u00e9get \u00e9s a finansz\u00edroz\u00e1st, \u00edgy a Megane az egyik legolcs\u00f3bb fenntart\u00e1s\u00fa kup\u00e9 a piacon.<\/p>\n<p>A bels\u0151 t\u00e9r, a diz\u00e1jn \u00e9s a technol\u00f3gia ter\u00e9n a harmadik gener\u00e1ci\u00f3s Megane 2008-ban deb\u00fct\u00e1lt. Nem olyan azonnal felismerhet\u0151, mint el\u0151dei (elvesz\u00edtette a h\u00edres h\u00e1ts\u00f3 form\u00e1t), de az \u00e1ramvonalas vonalak \u00e9s a \u00e9les, st\u00edlusos f\u00e9nysz\u00f3r\u00f3k egy olyan aut\u00f3t alkotnak, amely egyszerre egyedi \u00e9s karakteres. Egy alapos r\u00e1ncfelvarr\u00e1son esett \u00e1t 2012-ben, amely modern elemeket hozott, mint az LED-es menetf\u00e9nyek \u00e9s f\u00e9nyes fekete d\u00edsz\u00edt\u0151 bet\u00e9tek, m\u00edg a sportos GT Line v\u00e1ltozatok m\u00e9g felt\u0171n\u0151bbek az antracit sz\u00edn\u0171 k\u00f6nny\u0171f\u00e9m ker\u00e9kt\u00e1rcs\u00e1knak k\u00f6sz\u00f6nhet\u0151en. Ugyanakkor vannak figyelmet ig\u00e9nyl\u0151 pontok is: a bels\u0151 t\u00e9r egyszer\u0171 kialak\u00edt\u00e1sa nem \u00e9ri el a Hyundai Veloster \u00e1ltal k\u00edn\u00e1lt min\u0151s\u00e9get, de vetekszik a Toyota GT-86 olcs\u00f3bb kivitelei\u00e9vel. A r\u00e1ncfelvarr\u00e1s sor\u00e1n n\u00e9mi sportosabb hangulatot kapott az utast\u00e9r, a sztere\u00f3 kezel\u0151szervei friss\u00fcltek, \u00e9s a felszerelts\u00e9gi szintek is emelkedtek az eg\u00e9sz k\u00edn\u00e1latban.<\/p>\n","protected":false},"excerpt":{"rendered":"<p>< A 30 ezer forint \u00e9rt\u00e9k\u0171 juttat\u00e1s t\u00f6bbf\u00e9le c\u00edmlet\u0171, nyomtatott utalv\u00e1ny form\u00e1j\u00e1ban jut majd el a nyugd\u00edjasokhoz. Ezeket a korm\u00e1ny... <span class=\"gridview-grid-post-read-more\"><a href=\"https:\/\/matrend.hu\/nekedinfo\/bejelentettek-ezt-kapjak-a-nyugdijasok-a-kovetkezo-nyugdij-melle\/\">read more<span class=\"gridview-sr-only\"> Bejelentett\u00e9k! Ezt kapj\u00e1k a nyugd\u00edjasok a k\u00f6vetkez\u0151 nyugd\u00edj mell\u00e9!<\/span><\/a><\/span><\/p>\n","protected":false},"author":1,"featured_media":2252,"comment_status":"open","ping_status":"open","sticky":false,"template":"","format":"standard","meta":{"footnotes":""},"categories":[1],"tags":[],"class_list":["post-2251","post","type-post","status-publish","format-standard","has-post-thumbnail","hentry","category-egyeb","wpcat-1-id"],"_links":{"self":[{"href":"https:\/\/matrend.hu\/nekedinfo\/wp-json\/wp\/v2\/posts\/2251","targetHints":{"allow":["GET"]}}],"collection":[{"href":"https:\/\/matrend.hu\/nekedinfo\/wp-json\/wp\/v2\/posts"}],"about":[{"href":"https:\/\/matrend.hu\/nekedinfo\/wp-json\/wp\/v2\/types\/post"}],"author":[{"embeddable":true,"href":"https:\/\/matrend.hu\/nekedinfo\/wp-json\/wp\/v2\/users\/1"}],"replies":[{"embeddable":true,"href":"https:\/\/matrend.hu\/nekedinfo\/wp-json\/wp\/v2\/comments?post=2251"}],"version-history":[{"count":1,"href":"https:\/\/matrend.hu\/nekedinfo\/wp-json\/wp\/v2\/posts\/2251\/revisions"}],"predecessor-version":[{"id":2253,"href":"https:\/\/matrend.hu\/nekedinfo\/wp-json\/wp\/v2\/posts\/2251\/revisions\/2253"}],"wp:featuredmedia":[{"embeddable":true,"href":"https:\/\/matrend.hu\/nekedinfo\/wp-json\/wp\/v2\/media\/2252"}],"wp:attachment":[{"href":"https:\/\/matrend.hu\/nekedinfo\/wp-json\/wp\/v2\/media?parent=2251"}],"wp:term":[{"taxonomy":"category","embeddable":true,"href":"https:\/\/matrend.hu\/nekedinfo\/wp-json\/wp\/v2\/categories?post=2251"},{"taxonomy":"post_tag","embeddable":true,"href":"https:\/\/matrend.hu\/nekedinfo\/wp-json\/wp\/v2\/tags?post=2251"}],"curies":[{"name":"wp","href":"https:\/\/api.w.org\/{rel}","templated":true}]}}