{"id":2257,"date":"2025-06-02T17:32:43","date_gmt":"2025-06-02T15:32:43","guid":{"rendered":"https:\/\/matrend.hu\/nekedinfo\/?p=2257"},"modified":"2025-06-02T17:32:43","modified_gmt":"2025-06-02T15:32:43","slug":"teljes-valtozas-a-tv2-on-nem-mindenki-orul","status":"publish","type":"post","link":"https:\/\/matrend.hu\/nekedinfo\/teljes-valtozas-a-tv2-on-nem-mindenki-orul\/","title":{"rendered":"Teljes v\u00e1ltoz\u00e1s a TV2-\u0151n! Nem mindenki \u00f6r\u00fcl!"},"content":{"rendered":"<h3>\u201eA Kincsvad\u00e1szok sikere vitathatatlan \u2013 ezt bizony\u00edtj\u00e1k a n\u00e9zetts\u00e9gi mutat\u00f3k \u00e9s a n\u00e9z\u0151kt\u0151l kapott pozit\u00edv visszajelz\u00e9sek is. A k\u00f6vetkez\u0151 \u00e9vadra is \u00f3ri\u00e1si az \u00e9rdekl\u0151d\u00e9s, sokan jelentkeznek, \u00edgy b\u00e1tran kijelenthetj\u00fck: val\u00f3di Kincsvad\u00e1szok-l\u00e1z uralkodik az orsz\u00e1gban\u201d \u2013 mondta Fischer G\u00e1bor, a TV2 Csoport programigazgat\u00f3ja. A j\u00f3 h\u00edr pedig: j\u00fanius 2-t\u0151l h\u00e9tf\u0151 est\u00e9nk\u00e9nt k\u00e9t vadonat\u00faj epiz\u00f3ddal folytat\u00f3dik a m\u0171sor, DUPLA R\u00c9SZZEL, \u00edgy m\u00e9g t\u00f6bb izgalmas t\u00f6rt\u00e9net ker\u00fcl a k\u00e9perny\u0151re.<\/h3>\n<h3><span style=\"color: #ff0000;\"><strong>A h\u00edr nem \u00e9rt v\u00e9get! Folytat\u00e1shoz haszn\u00e1ld a K\u00d6VETKEZ\u0150 OLDAL gombot!<\/strong><\/span><\/h3>\n<h3 style=\"text-align: right;\"><a href=\"https:\/\/matrend.hu\/maitrend\/?p=2255\" target=\"_blank\" rel=\"noopener\"><span style=\"color: #ff0000;\">&#8212;&gt;&gt; K\u00d6VETKEZ\u0150 OLDAL<\/span><\/a><\/h3>\n<p>&#8211;<\/p>\n<p>A Lexus kiv\u00e1l\u00f3 megb\u00edzhat\u00f3s\u00e1gi h\u00edrn\u00e9vvel rendelkezik. \u00c9vr\u0151l \u00e9vre j\u00f3l szerepel az \u00fcgyf\u00e9l-el\u00e9gedetts\u00e9gi felm\u00e9r\u00e9sekben, \u00e9s az IS, amelyre ez a kabri\u00f3 is \u00e9p\u00fcl, szint\u00e9n megb\u00edzhat\u00f3nak sz\u00e1m\u00edt. A legval\u00f3sz\u00edn\u0171bb probl\u00e9maforr\u00e1s, mint sok kup\u00e9-kabri\u00f3 eset\u00e9ben, a tet\u0151 mechanik\u00e1ja lehet, mivel ez egy \u00faj, m\u00e9g nem bizony\u00edtott rendszer. Ett\u0151l eltekintve az aut\u00f3 kiv\u00e1l\u00f3 min\u0151s\u00e9gben van \u00f6sszerakva \u2013 sok eur\u00f3pai pr\u00e9miumgy\u00e1rt\u00f3 irigykedhet a Lexus minim\u00e1lis illeszt\u00e9si h\u00e9zagaira \u00e9s massz\u00edv belter\u00e9re. Az els\u0151, oldals\u00f3 \u00e9s t\u00e9rdl\u00e9gzs\u00e1kok, valamint az akt\u00edv nyakv\u00e9d\u0151k fokozz\u00e1k a biztons\u00e1g\u00e9rzetet, \u00e9s a k\u00fcl\u00f6nf\u00e9le elektronikus vezet\u00e9st\u00e1mogat\u00f3 rendszerek \u2013 mint a menetstabiliz\u00e1l\u00f3 \u00e9s az elektronikus f\u00e9ker\u0151-eloszt\u00f3 \u2013 seg\u00edtenek elker\u00fclni a bajt.<\/p>\n<p>Pap\u00edron a Honda Accord Tourer sok mindent k\u00edn\u00e1l: p\u00e1ratlan megb\u00edzhat\u00f3s\u00e1got \u00e9s \u00f6sszeszerel\u00e9si min\u0151s\u00e9get, \u00e9sszer\u0171 \u00e1rat, kiv\u00e1l\u00f3 alapfelszerelts\u00e9get, valamint egy hat\u00e9kony benzines \u00e9s d\u00edzelmotor-v\u00e1laszt\u00e9kot. M\u00e9gis, mintha valami hi\u00e1nyozna bel\u0151le \u2013 nem tudja felvenni a versenyt a VW Passattal a m\u00e1rkavonzalom ter\u00e9n, vagy a Ford Monde\u00f3val a vezet\u00e9si \u00e9lm\u00e9ny szempontj\u00e1b\u00f3l. Az Accord egy\u00e9rtelm\u0171en az a t\u00edpus\u00fa aut\u00f3, amit ink\u00e1bb \u00e9sszel, mint sz\u00edvvel v\u00e1laszt az ember \u2013 cser\u00e9be \u00e9veken \u00e1t tart\u00f3 biztons\u00e1gos, k\u00e9nyelmes \u00e9s probl\u00e9mamentes aut\u00f3z\u00e1ssal h\u00e1l\u00e1lja meg a d\u00f6nt\u00e9st. Azok sz\u00e1m\u00e1ra azonban, akik a maxim\u00e1lis praktikumot keresik, visszatart\u00f3 er\u0151 lehet az \u00e1tlagosn\u00e1l kisebb csomagtart\u00f3.<br \/>\nB\u00e1r nem egy izgalmas sof\u0151r\u00f6knek sz\u00e1nt aut\u00f3, az Accord Tourer motorv\u00e1laszt\u00e9ka leny\u0171g\u00f6z\u0151. A 2.0 \u00e9s 2.4 literes benzinesek a Honda i-VTEC v\u00e1ltoz\u00f3 szelepvez\u00e9rl\u00e9s\u00e9t alkalmazz\u00e1k, amely j\u00f3 \u00fczemanyag-hat\u00e9konys\u00e1got \u00e9s sz\u00e9les teljes\u00edtm\u00e9ny-tartom\u00e1nyt biztos\u00edt. A k\u00edn\u00e1lat csillaga azonban a 2.2 literes i-DTEC d\u00edzelmotor, amely b\u00e1r viszonylag \u00faj a Honda k\u00edn\u00e1lat\u00e1ban, gyorsan utol\u00e9rte a konkurenci\u00e1t. Ez a sim\u00e1n j\u00e1r\u00f3, er\u0151s, nyomat\u00e9kos \u00e9s takar\u00e9kos er\u0151forr\u00e1s t\u00f6k\u00e9letesen illik az Accord karakter\u00e9hez. A fut\u00f3m\u0171 \u00e9s a vezethet\u0151s\u00e9g ink\u00e1bb az utasok k\u00e9nyelm\u00e9re f\u00f3kusz\u00e1l, mintsem a vezet\u00e9si \u00e9lm\u00e9nyre, \u00edgy az aut\u00f3 az aut\u00f3p\u00e1ly\u00e1n \u00e9rzi mag\u00e1t igaz\u00e1n otthon, nem pedig kanyarg\u00f3s mell\u00e9kutakon.<\/p>\n","protected":false},"excerpt":{"rendered":"<p>\u201eA Kincsvad\u00e1szok sikere vitathatatlan \u2013 ezt bizony\u00edtj\u00e1k a n\u00e9zetts\u00e9gi mutat\u00f3k \u00e9s a n\u00e9z\u0151kt\u0151l kapott pozit\u00edv visszajelz\u00e9sek is. A k\u00f6vetkez\u0151 \u00e9vadra&#8230; <span class=\"gridview-grid-post-read-more\"><a href=\"https:\/\/matrend.hu\/nekedinfo\/teljes-valtozas-a-tv2-on-nem-mindenki-orul\/\">read more<span class=\"gridview-sr-only\"> Teljes v\u00e1ltoz\u00e1s a TV2-\u0151n! Nem mindenki \u00f6r\u00fcl!<\/span><\/a><\/span><\/p>\n","protected":false},"author":1,"featured_media":2258,"comment_status":"open","ping_status":"open","sticky":false,"template":"","format":"standard","meta":{"footnotes":""},"categories":[1],"tags":[],"class_list":["post-2257","post","type-post","status-publish","format-standard","has-post-thumbnail","hentry","category-egyeb","wpcat-1-id"],"_links":{"self":[{"href":"https:\/\/matrend.hu\/nekedinfo\/wp-json\/wp\/v2\/posts\/2257","targetHints":{"allow":["GET"]}}],"collection":[{"href":"https:\/\/matrend.hu\/nekedinfo\/wp-json\/wp\/v2\/posts"}],"about":[{"href":"https:\/\/matrend.hu\/nekedinfo\/wp-json\/wp\/v2\/types\/post"}],"author":[{"embeddable":true,"href":"https:\/\/matrend.hu\/nekedinfo\/wp-json\/wp\/v2\/users\/1"}],"replies":[{"embeddable":true,"href":"https:\/\/matrend.hu\/nekedinfo\/wp-json\/wp\/v2\/comments?post=2257"}],"version-history":[{"count":1,"href":"https:\/\/matrend.hu\/nekedinfo\/wp-json\/wp\/v2\/posts\/2257\/revisions"}],"predecessor-version":[{"id":2259,"href":"https:\/\/matrend.hu\/nekedinfo\/wp-json\/wp\/v2\/posts\/2257\/revisions\/2259"}],"wp:featuredmedia":[{"embeddable":true,"href":"https:\/\/matrend.hu\/nekedinfo\/wp-json\/wp\/v2\/media\/2258"}],"wp:attachment":[{"href":"https:\/\/matrend.hu\/nekedinfo\/wp-json\/wp\/v2\/media?parent=2257"}],"wp:term":[{"taxonomy":"category","embeddable":true,"href":"https:\/\/matrend.hu\/nekedinfo\/wp-json\/wp\/v2\/categories?post=2257"},{"taxonomy":"post_tag","embeddable":true,"href":"https:\/\/matrend.hu\/nekedinfo\/wp-json\/wp\/v2\/tags?post=2257"}],"curies":[{"name":"wp","href":"https:\/\/api.w.org\/{rel}","templated":true}]}}