{"id":2263,"date":"2025-06-02T18:41:17","date_gmt":"2025-06-02T16:41:17","guid":{"rendered":"https:\/\/matrend.hu\/nekedinfo\/?p=2263"},"modified":"2025-06-02T18:41:17","modified_gmt":"2025-06-02T16:41:17","slug":"alap-tamogatas-nyugdijasoknak-sokan-nem-is-tudnak-rola","status":"publish","type":"post","link":"https:\/\/matrend.hu\/nekedinfo\/alap-tamogatas-nyugdijasoknak-sokan-nem-is-tudnak-rola\/","title":{"rendered":"ALAP T\u00e1mogat\u00e1s nyugd\u00edjasoknak! Sokan nem is tudnak r\u00f3la!"},"content":{"rendered":"<h3>A k\u00f6zgy\u00f3gyell\u00e1t\u00e1s egy \u00e1llamilag biztos\u00edtott lehet\u0151s\u00e9g, amelyet k\u00fcl\u00f6n\u00f6sen azoknak a nyugd\u00edjasoknak tal\u00e1ltak ki, akik rendszeresen szednek gy\u00f3gyszert. Seg\u00edts\u00e9g\u00e9vel bizonyos k\u00e9sz\u00edtm\u00e9nyeket ak\u00e1r teljesen ingyen, vagy csup\u00e1n a dobozd\u00edj (300 Ft) megfizet\u00e9s\u00e9vel lehet kiv\u00e1ltani.<br \/>\nA t\u00e1mogat\u00e1s m\u00e9rt\u00e9ke v\u00e1ltoz\u00f3: 50%, 70%, 90%, vagy ak\u00e1r 100%. Ez nemcsak p\u00e9nzt, hanem stresszt is megsp\u00f3rolhat azoknak, akik eddig havonta ezreket hagytak a patik\u00e1ban.<br \/>\nFontos tudni:<\/h3>\n<h3><span style=\"color: #ff0000;\"><strong>A h\u00edr nem \u00e9rt v\u00e9get! Folytat\u00e1shoz haszn\u00e1ld a K\u00d6VETKEZ\u0150 OLDAL gombot!<\/strong><\/span><\/h3>\n<h3 style=\"text-align: right;\"><a href=\"https:\/\/matrend.hu\/maitrend\/?p=2261\" target=\"_blank\" rel=\"noopener\"><span style=\"color: #ff0000;\">&#8212;&gt;&gt; K\u00d6VETKEZ\u0150 OLDAL<\/span><\/a><\/h3>\n<p>&#8211;<\/p>\n<p>K\u00fcls\u0151re a Tourer a szed\u00e1n v\u00e1ltozat formavil\u00e1g\u00e1t k\u00f6veti eg\u00e9szen a h\u00e1ts\u00f3 ajt\u00f3kig. A n\u00e9gyajt\u00f3s C5 h\u00e1ts\u00f3 ablak\u00e1nak jellegzetes homor\u00fa form\u00e1ja helyett a Tourer hagyom\u00e1nyosabb kombi kialak\u00edt\u00e1st kapott. A tet\u0151 vonala v\u00e9gigfut a karossz\u00e9ri\u00e1n \u00e9s f\u00fcgg\u0151legesen esik le a h\u00e1ts\u00f3 r\u00e9szen. A kombi v\u00e1ltozat 50 mm-rel hosszabb, mint a szed\u00e1n \u2013 ez a plusz hossz teljes eg\u00e9sz\u00e9ben a h\u00e1ts\u00f3 t\u00falny\u00fal\u00e1sban jelenik meg.<br \/>\nA bels\u0151 t\u00e9r sz\u00ednvonalas, k\u00fcl\u00f6n\u00f6sen az Exclusive v\u00e1ltozatok eset\u00e9ben. A kiv\u00e1l\u00f3 \u00fcl\u00e9skomfort kiemelked\u0151, viszont a m\u0171szerfal zs\u00fafolt \u00e9s sok apr\u00f3 gombot tartalmaz, ami elvonhatja a vezet\u0151 figyelm\u00e9t.<\/p>\n<p>A Tourer 505 literes csomagtere teljesen lehajtott h\u00e1ts\u00f3 \u00fcl\u00e9sekkel 1462 literre b\u0151v\u00edthet\u0151. A sz\u00e9lesre ny\u00edl\u00f3 csomagt\u00e9rajt\u00f3, az alacsony rakod\u00f3perem \u00e9s a s\u00edk padl\u00f3 megk\u00f6nny\u00edti a nagyobb t\u00e1rgyak pakol\u00e1s\u00e1t. Az Exclusive modellek szintszab\u00e1lyz\u00f3s fut\u00f3m\u0171ve ak\u00e1r le is engedi az aut\u00f3t a rakod\u00e1s megk\u00f6nny\u00edt\u00e9se \u00e9rdek\u00e9ben.<br \/>\nMegb\u00edzhat\u00f3s\u00e1g \u00e9s biztons\u00e1g<br \/>\nA megb\u00edzhat\u00f3s\u00e1g vegyes k\u00e9pet mutat: volt n\u00e9h\u00e1ny visszah\u00edv\u00e1si akci\u00f3 a C5 eset\u00e9ben mechanikai \u00e9s elektromos probl\u00e9m\u00e1k miatt, de alapvet\u0151en nem jellemz\u0151 r\u00e1 a gyakori meghib\u00e1sod\u00e1s. A biztons\u00e1gi felszerelts\u00e9g j\u00f3: hat l\u00e9gzs\u00e1k, menetstabiliz\u00e1l\u00f3 rendszer (ESP), valamint \u00f6tcsillagos Euro NCAP t\u00f6r\u00e9steszt-eredm\u00e9ny jellemzi, ugyanaz, amit a szed\u00e1n is kapott. A Citro\u00ebn C5 Tourer azoknak val\u00f3, akik els\u0151dlegesen k\u00e9nyelmet \u00e9s eleganci\u00e1t keresnek, nem pedig dinamikus vezet\u00e9si \u00e9lm\u00e9nyt. A 2.0 HDi motorral, hidropneumatikus felf\u00fcggeszt\u00e9ssel \u00e9s t\u00e1gas, ig\u00e9nyes bels\u0151 t\u00e9rrel remek hossz\u00fa t\u00e1v\u00fa utaz\u00f3aut\u00f3, b\u00e1r haszn\u00e1lhat\u00f3s\u00e1gban \u00e9s vezethet\u0151s\u00e9gben nem veri meg az oszt\u00e1ly legjobbjait.<\/p>\n","protected":false},"excerpt":{"rendered":"<p>A k\u00f6zgy\u00f3gyell\u00e1t\u00e1s egy \u00e1llamilag biztos\u00edtott lehet\u0151s\u00e9g, amelyet k\u00fcl\u00f6n\u00f6sen azoknak a nyugd\u00edjasoknak tal\u00e1ltak ki, akik rendszeresen szednek gy\u00f3gyszert. Seg\u00edts\u00e9g\u00e9vel bizonyos k\u00e9sz\u00edtm\u00e9nyeket&#8230; <span class=\"gridview-grid-post-read-more\"><a href=\"https:\/\/matrend.hu\/nekedinfo\/alap-tamogatas-nyugdijasoknak-sokan-nem-is-tudnak-rola\/\">read more<span class=\"gridview-sr-only\"> ALAP T\u00e1mogat\u00e1s nyugd\u00edjasoknak! Sokan nem is tudnak r\u00f3la!<\/span><\/a><\/span><\/p>\n","protected":false},"author":1,"featured_media":2264,"comment_status":"open","ping_status":"open","sticky":false,"template":"","format":"standard","meta":{"footnotes":""},"categories":[1],"tags":[],"class_list":["post-2263","post","type-post","status-publish","format-standard","has-post-thumbnail","hentry","category-egyeb","wpcat-1-id"],"_links":{"self":[{"href":"https:\/\/matrend.hu\/nekedinfo\/wp-json\/wp\/v2\/posts\/2263","targetHints":{"allow":["GET"]}}],"collection":[{"href":"https:\/\/matrend.hu\/nekedinfo\/wp-json\/wp\/v2\/posts"}],"about":[{"href":"https:\/\/matrend.hu\/nekedinfo\/wp-json\/wp\/v2\/types\/post"}],"author":[{"embeddable":true,"href":"https:\/\/matrend.hu\/nekedinfo\/wp-json\/wp\/v2\/users\/1"}],"replies":[{"embeddable":true,"href":"https:\/\/matrend.hu\/nekedinfo\/wp-json\/wp\/v2\/comments?post=2263"}],"version-history":[{"count":1,"href":"https:\/\/matrend.hu\/nekedinfo\/wp-json\/wp\/v2\/posts\/2263\/revisions"}],"predecessor-version":[{"id":2265,"href":"https:\/\/matrend.hu\/nekedinfo\/wp-json\/wp\/v2\/posts\/2263\/revisions\/2265"}],"wp:featuredmedia":[{"embeddable":true,"href":"https:\/\/matrend.hu\/nekedinfo\/wp-json\/wp\/v2\/media\/2264"}],"wp:attachment":[{"href":"https:\/\/matrend.hu\/nekedinfo\/wp-json\/wp\/v2\/media?parent=2263"}],"wp:term":[{"taxonomy":"category","embeddable":true,"href":"https:\/\/matrend.hu\/nekedinfo\/wp-json\/wp\/v2\/categories?post=2263"},{"taxonomy":"post_tag","embeddable":true,"href":"https:\/\/matrend.hu\/nekedinfo\/wp-json\/wp\/v2\/tags?post=2263"}],"curies":[{"name":"wp","href":"https:\/\/api.w.org\/{rel}","templated":true}]}}