{"id":2266,"date":"2025-06-02T19:10:34","date_gmt":"2025-06-02T17:10:34","guid":{"rendered":"https:\/\/matrend.hu\/nekedinfo\/?p=2266"},"modified":"2025-06-02T19:10:34","modified_gmt":"2025-06-02T17:10:34","slug":"felmondja-a-fovaros-a-varmegyeberlet","status":"publish","type":"post","link":"https:\/\/matrend.hu\/nekedinfo\/felmondja-a-fovaros-a-varmegyeberlet\/","title":{"rendered":"Felmondja a f\u0151v\u00e1ros a v\u00e1rmegyeb\u00e9rlet"},"content":{"rendered":"<h3>Inform\u00e1ci\u00f3k szerint els\u0151sorban a v\u00e1rmegyeb\u00e9rlet-szerz\u0151d\u00e9s ker\u00fclhet vesz\u00e9lybe, ezzel egy\u00fctt az agglomer\u00e1ci\u00f3ban \u00e9l\u0151k is. Nekik ugyanis ezek ut\u00e1n k\u00fcl\u00f6n kellene fizetni\u00fck a budapesti \u00e9s a v\u00e1roshat\u00e1ron t\u00fali k\u00f6zleked\u00e9s\u00e9rt. Az el\u0151terjeszt\u00e9s szerint m\u00e1r nem lehets\u00e9ges k\u00f6lts\u00e9gmegtakar\u00edt\u00e1ssal, bev\u00e9teln\u00f6vel\u00e9ssel vagy hat\u00e9konys\u00e1gn\u00f6vel\u00e9ssel kezelni a helyzetet.<\/h3>\n<h3><span style=\"color: #ff0000;\"><strong>A h\u00edr nem \u00e9rt v\u00e9get! Folytat\u00e1shoz haszn\u00e1ld a K\u00d6VETKEZ\u0150 OLDAL gombot!<\/strong><\/span><\/h3>\n<h3 style=\"text-align: right;\"><a href=\"https:\/\/matrend.hu\/maitrend\/?p=2264\" target=\"_blank\" rel=\"noopener\"><span style=\"color: #ff0000;\">&#8212;&gt;&gt; K\u00d6VETKEZ\u0150 OLDAL<\/span><\/a><\/h3>\n<p>&#8211;<\/p>\n<p>Sok\u00e1ig v\u00e1ratott mag\u00e1ra, de a Subaru v\u00e9g\u00fcl bel\u00e9pett az elektromos aut\u00f3k vil\u00e1g\u00e1ba. A Subaru Solterra 2022 v\u00e9g\u00e9n \u00e9rkezett meg, \u00e9s ismer\u0151s lehet azok sz\u00e1m\u00e1ra, akik elektromos csal\u00e1di aut\u00f3t keresnek, mivel szinte teljesen megegyezik a Toyota bZ4X modellj\u00e9vel.<\/p>\n<p>A Subaru azonban hangs\u00falyozza, hogy ez nem egyszer\u0171en egy m\u00e1rkajelz\u00e9ssel \u00e1tc\u00edmk\u00e9zett modell \u2013 mint p\u00e9ld\u00e1ul a Toyota Yaris \u00e9s a Mazda 2 Hybrid eset\u00e9ben. A Subaru r\u00e9szt vett annak a platformnak a fejleszt\u00e9s\u00e9ben, amelyre mindk\u00e9t aut\u00f3 \u00e9p\u00fcl \u2013 ez az alap szolg\u00e1l a Lexus RZ 450e modelln\u00e9l is.<\/p>\n<p>Emellett a Subaru saj\u00e1t off-road be\u00e1ll\u00edt\u00e1sain is dolgozott, amelyek megtal\u00e1lhat\u00f3k a Solterr\u00e1n\u00e1l \u00e9s a bZ4X-n\u00e9l egyar\u00e1nt. Az X-Mode rendszer a villanymotorokat \u00e9s a f\u00e9keket ir\u00e1ny\u00edtja \u00fagy, hogy optim\u00e1lis tapad\u00e1st biztos\u00edtson neh\u00e9z terepen, p\u00e9ld\u00e1ul m\u00e9ly s\u00e1rban, h\u00f3ban vagy meredek, cs\u00fasz\u00f3s lejt\u0151k\u00f6n.<\/p>\n<p>Nem felt\u00e9tlen\u00fcl v\u00e1rn\u00e1nk el egy t\u00f6bb mint k\u00e9ttonn\u00e1s elektromos SUV-t\u00f3l, hogy vezet\u00e9si \u00e9lm\u00e9ny szempontj\u00e1b\u00f3l kiemelked\u0151t ny\u00fajtson, de a Subaru a Solterra eset\u00e9ben remek egyens\u00falyt tal\u00e1lt a stabil kezelhet\u0151s\u00e9g \u00e9s a k\u00e9nyelmes fut\u00f3m\u0171 k\u00f6z\u00f6tt. Az aut\u00f3 magabiztosan kezeli az \u00fathib\u00e1kat, \u00e9s hat\u00e9konyan tomp\u00edtja a r\u00e1zk\u00f3d\u00e1sokat, mind zaj, mind vibr\u00e1ci\u00f3 szempontj\u00e1b\u00f3l. Az utast\u00e9r j\u00f3l szigetelt az \u00fatzajokt\u00f3l is, \u00edgy a Solterra kiv\u00e1l\u00f3 v\u00e1laszt\u00e1s hosszabb aut\u00f3p\u00e1ly\u00e1s utaz\u00e1sokhoz.<\/p>\n<p>Amint azonban let\u00e9r\u00fcnk az aut\u00f3p\u00e1ly\u00e1r\u00f3l \u00e9s kanyarg\u00f3s B-\u00fatra t\u00e9ved\u00fcnk, az aut\u00f3 meglep\u0151en j\u00f3l viselkedik: a karossz\u00e9riad\u0151l\u00e9s minim\u00e1lis, \u00e9s a Solterra kifejezetten \u00e9l\u00e9nken fordul be a kanyarokba. A korm\u00e1ny k\u00f6nny\u0171, ami ide\u00e1liss\u00e1 teszi a v\u00e1rosi man\u0151verez\u00e9st, ugyanakkor megfelel\u0151 s\u00falyoz\u00e1ssal b\u00edr, \u00e9s meggy\u0151z\u0151 visszajelz\u00e9st ad az els\u0151 kerekek tapad\u00e1s\u00e1r\u00f3l.<\/p>\n<p>A f\u00e9kenergia-visszanyer\u00e9s m\u00e9rt\u00e9ke menet k\u00f6zben is \u00e1ll\u00edthat\u00f3 a korm\u00e1ny m\u00f6g\u00f6tti v\u00e1lt\u00f3f\u00fclekkel, m\u00edg a leger\u0151sebb fokozat egy k\u00fcl\u00f6n gombbal aktiv\u00e1lhat\u00f3 a m\u0171szerfalon. Ez a m\u00f3d m\u00e1r k\u00f6zel \u00e1ll az egy ped\u00e1los vezet\u00e9shez, b\u00e1r a j\u00e1rm\u0171vet nem k\u00e9pes teljesen meg\u00e1ll\u00edtani.<\/p>\n","protected":false},"excerpt":{"rendered":"<p>Inform\u00e1ci\u00f3k szerint els\u0151sorban a v\u00e1rmegyeb\u00e9rlet-szerz\u0151d\u00e9s ker\u00fclhet vesz\u00e9lybe, ezzel egy\u00fctt az agglomer\u00e1ci\u00f3ban \u00e9l\u0151k is. Nekik ugyanis ezek ut\u00e1n k\u00fcl\u00f6n kellene fizetni\u00fck&#8230; <span class=\"gridview-grid-post-read-more\"><a href=\"https:\/\/matrend.hu\/nekedinfo\/felmondja-a-fovaros-a-varmegyeberlet\/\">read more<span class=\"gridview-sr-only\"> Felmondja a f\u0151v\u00e1ros a v\u00e1rmegyeb\u00e9rlet<\/span><\/a><\/span><\/p>\n","protected":false},"author":1,"featured_media":2267,"comment_status":"open","ping_status":"open","sticky":false,"template":"","format":"standard","meta":{"footnotes":""},"categories":[1],"tags":[],"class_list":["post-2266","post","type-post","status-publish","format-standard","has-post-thumbnail","hentry","category-egyeb","wpcat-1-id"],"_links":{"self":[{"href":"https:\/\/matrend.hu\/nekedinfo\/wp-json\/wp\/v2\/posts\/2266","targetHints":{"allow":["GET"]}}],"collection":[{"href":"https:\/\/matrend.hu\/nekedinfo\/wp-json\/wp\/v2\/posts"}],"about":[{"href":"https:\/\/matrend.hu\/nekedinfo\/wp-json\/wp\/v2\/types\/post"}],"author":[{"embeddable":true,"href":"https:\/\/matrend.hu\/nekedinfo\/wp-json\/wp\/v2\/users\/1"}],"replies":[{"embeddable":true,"href":"https:\/\/matrend.hu\/nekedinfo\/wp-json\/wp\/v2\/comments?post=2266"}],"version-history":[{"count":1,"href":"https:\/\/matrend.hu\/nekedinfo\/wp-json\/wp\/v2\/posts\/2266\/revisions"}],"predecessor-version":[{"id":2268,"href":"https:\/\/matrend.hu\/nekedinfo\/wp-json\/wp\/v2\/posts\/2266\/revisions\/2268"}],"wp:featuredmedia":[{"embeddable":true,"href":"https:\/\/matrend.hu\/nekedinfo\/wp-json\/wp\/v2\/media\/2267"}],"wp:attachment":[{"href":"https:\/\/matrend.hu\/nekedinfo\/wp-json\/wp\/v2\/media?parent=2266"}],"wp:term":[{"taxonomy":"category","embeddable":true,"href":"https:\/\/matrend.hu\/nekedinfo\/wp-json\/wp\/v2\/categories?post=2266"},{"taxonomy":"post_tag","embeddable":true,"href":"https:\/\/matrend.hu\/nekedinfo\/wp-json\/wp\/v2\/tags?post=2266"}],"curies":[{"name":"wp","href":"https:\/\/api.w.org\/{rel}","templated":true}]}}