{"id":2269,"date":"2025-06-03T07:15:27","date_gmt":"2025-06-03T05:15:27","guid":{"rendered":"https:\/\/matrend.hu\/nekedinfo\/?p=2269"},"modified":"2025-06-03T07:15:27","modified_gmt":"2025-06-03T05:15:27","slug":"ismet-jon-a-tombolo-vihar","status":"publish","type":"post","link":"https:\/\/matrend.hu\/nekedinfo\/ismet-jon-a-tombolo-vihar\/","title":{"rendered":"Ism\u00e9t j\u00f6n a tombol\u00f3 vihar!"},"content":{"rendered":"<h3>Az orsz\u00e1g nagy r\u00e9sz\u00e9re els\u0151fok\u00fa figyelmeztet\u00e9st adta ki a zivatarok, illetve a h\u0151s\u00e9g miatt, de t\u00f6bb v\u00e1rmegy\u00e9ben m\u00e1sodfok\u00fa figyelmeztet\u00e9s van \u00e9rv\u00e9nyben. Kedden a sok naps\u00fct\u00e9s mellett er\u0151teljess\u00e9 v\u00e1lhat a gomolyfelh\u0151-k\u00e9pz\u0151d\u00e9s, s\u0151t, \u00e9szaknyugaton ak\u00e1r z\u00e1rt is lehet a felh\u0151takar\u00f3. Z\u00e1porok, zivatarok el\u0151fordulhatnak \u2013 legkisebb es\u00e9llyel az orsz\u00e1g d\u00e9li t\u00e1jain \u2013, s heves zivatarok kialakul\u00e1s\u00e1ra is van es\u00e9ly.<\/h3>\n<h3><span style=\"color: #ff0000;\"><strong>A h\u00edr nem \u00e9rt v\u00e9get! Folytat\u00e1shoz haszn\u00e1ld a K\u00d6VETKEZ\u0150 OLDAL gombot!<\/strong><\/span><\/h3>\n<h3 style=\"text-align: right;\"><a href=\"https:\/\/matrend.hu\/maitrend\/?p=2267\" target=\"_blank\" rel=\"noopener\"><span style=\"color: #ff0000;\">&#8212;&gt;&gt; K\u00d6VETKEZ\u0150 OLDAL<\/span><\/a><\/h3>\n<p>&#8211;<\/p>\n<p>A Micra sosem volt az a t\u00edpus, amit csak a vezet\u00e9si \u00e9lm\u00e9ny miatt v\u00e1s\u00e1roltak volna, \u00e9s ez a leg\u00fajabb gener\u00e1ci\u00f3ra is igaz \u2013 b\u00e1r hat\u00e1rozottan fejl\u0151d\u00f6tt ezen a t\u00e9ren. A kezelhet\u0151s\u00e9g megfelel\u0151, \u00e9s minden v\u00e1ltozat megkapta a nagyobb Qashqai-b\u00f3l ismert Active Ride \u00e9s Active Trace Control rendszereket. Az el\u0151bbi f\u00e9kez\u00e9ssel csillap\u00edtja a karossz\u00e9ria mozg\u00e1s\u00e1t az \u00fategyenetlens\u00e9geken, m\u00edg az ut\u00f3bbi kanyarod\u00e1skor seg\u00edt az \u00edven tartani az aut\u00f3t a bels\u0151 ker\u00e9k f\u00e9kez\u00e9s\u00e9vel.<\/p>\n<p>A rug\u00f3z\u00e1s kiss\u00e9 feszes, m\u00e9g a kisebb kerekeken is, de aut\u00f3p\u00e1ly\u00e1n m\u00e1r kifinomultnak \u00e9rz\u0151dik. Ugyanakkor, ha a prec\u00edz Polo-hoz vagy a komfortos Citro\u00ebn C3-hoz hasonl\u00edtjuk, a Micra egyszer\u0171en nem tud kiemelkedni.<\/p>\n<p>A korm\u00e1nyz\u00e1s megfelel\u0151 s\u00falyoz\u00e1s\u00fa, de kev\u00e9s visszajelz\u00e9st ad, a \u00f6tfokozat\u00fa k\u00e9zi v\u00e1lt\u00f3 pedig pontatlannak t\u0171nik a riv\u00e1lisokhoz k\u00e9pest.<\/p>\n<p>A Micra kor\u00e1bban gyenge motorpalett\u00e1j\u00e1t a 1.0 literes turb\u00f3s, h\u00e1romhengeres benzines bevezet\u00e9s\u00e9vel friss\u00edtett\u00e9k. Kezdetben 99 vagy 115 l\u00f3er\u0151s v\u00e1ltozatban volt el\u00e9rhet\u0151, de most m\u00e1r csak a 91 l\u00f3er\u0151s verzi\u00f3 \u00e9rhet\u0151 el.<\/p>\n<p>A kor\u00e1bbi sz\u00edv\u00f3 1.0-es benzines \u00e9s 1.5-\u00f6s d\u00edzel motorokat m\u00e1r nem k\u00edn\u00e1lj\u00e1k. Most kiz\u00e1r\u00f3lag a 1.0 literes, turb\u00f3s benzines \u00e9rhet\u0151 el.<\/p>\n<p>A 99 l\u00f3er\u0151s verzi\u00f3 kiegyens\u00falyozott teljes\u00edtm\u00e9nyt ny\u00fajtott, m\u00edg a 115 l\u00f3er\u0151s v\u00e1ltozat valamivel sportosabb karaktert adott a Micr\u00e1nak \u2013 10 mm-rel alacsonyabb felf\u00fcggeszt\u00e9s \u00e9s m\u00f3dos\u00edtott korm\u00e1nyz\u00e1s is t\u00e1rsult hozz\u00e1. Ugyanakkor m\u00e9g mindig kev\u00e9sb\u00e9 komfortos, mint egy Polo, \u00e9s nem olyan sz\u00f3rakoztat\u00f3, mint egy Fiesta. A 0\u2013100 km\/h gyorsul\u00e1s 9,9 m\u00e1sodperc, amit a Nissan \u201emeleg hatchback\u201d-k\u00e9nt jellemez, de a val\u00f3s\u00e1gban sok versenyt\u00e1rs gyorsabb.<\/p>\n<p>A jelenlegi, 91 l\u00f3er\u0151s \/ 160 Nm nyomat\u00e9k\u00fa IG-T motorral szerelt, \u00f6tsebess\u00e9ges Micra 11,8 m\u00e1sodperc alatt \u00e9ri el a 100 km\/h-t, m\u00edg a CVT automata ugyanezt 13 m\u00e1sodperc alatt tudja.<\/p>\n<p>A 1.0 literes turb\u00f3s benzinmotor jobban illik a Micr\u00e1hoz, mivel a legt\u00f6bb kisaut\u00f3t r\u00f6vid t\u00e1vokra haszn\u00e1lj\u00e1k \u2013 ez\u00e9rt a benzin hossz\u00fa t\u00e1von jobb v\u00e1laszt\u00e1s, mint a d\u00edzel.<\/p>\n","protected":false},"excerpt":{"rendered":"<p>Az orsz\u00e1g nagy r\u00e9sz\u00e9re els\u0151fok\u00fa figyelmeztet\u00e9st adta ki a zivatarok, illetve a h\u0151s\u00e9g miatt, de t\u00f6bb v\u00e1rmegy\u00e9ben m\u00e1sodfok\u00fa figyelmeztet\u00e9s van&#8230; <span class=\"gridview-grid-post-read-more\"><a href=\"https:\/\/matrend.hu\/nekedinfo\/ismet-jon-a-tombolo-vihar\/\">read more<span class=\"gridview-sr-only\"> Ism\u00e9t j\u00f6n a tombol\u00f3 vihar!<\/span><\/a><\/span><\/p>\n","protected":false},"author":1,"featured_media":2270,"comment_status":"open","ping_status":"open","sticky":false,"template":"","format":"standard","meta":{"footnotes":""},"categories":[1],"tags":[],"class_list":["post-2269","post","type-post","status-publish","format-standard","has-post-thumbnail","hentry","category-egyeb","wpcat-1-id"],"_links":{"self":[{"href":"https:\/\/matrend.hu\/nekedinfo\/wp-json\/wp\/v2\/posts\/2269","targetHints":{"allow":["GET"]}}],"collection":[{"href":"https:\/\/matrend.hu\/nekedinfo\/wp-json\/wp\/v2\/posts"}],"about":[{"href":"https:\/\/matrend.hu\/nekedinfo\/wp-json\/wp\/v2\/types\/post"}],"author":[{"embeddable":true,"href":"https:\/\/matrend.hu\/nekedinfo\/wp-json\/wp\/v2\/users\/1"}],"replies":[{"embeddable":true,"href":"https:\/\/matrend.hu\/nekedinfo\/wp-json\/wp\/v2\/comments?post=2269"}],"version-history":[{"count":1,"href":"https:\/\/matrend.hu\/nekedinfo\/wp-json\/wp\/v2\/posts\/2269\/revisions"}],"predecessor-version":[{"id":2271,"href":"https:\/\/matrend.hu\/nekedinfo\/wp-json\/wp\/v2\/posts\/2269\/revisions\/2271"}],"wp:featuredmedia":[{"embeddable":true,"href":"https:\/\/matrend.hu\/nekedinfo\/wp-json\/wp\/v2\/media\/2270"}],"wp:attachment":[{"href":"https:\/\/matrend.hu\/nekedinfo\/wp-json\/wp\/v2\/media?parent=2269"}],"wp:term":[{"taxonomy":"category","embeddable":true,"href":"https:\/\/matrend.hu\/nekedinfo\/wp-json\/wp\/v2\/categories?post=2269"},{"taxonomy":"post_tag","embeddable":true,"href":"https:\/\/matrend.hu\/nekedinfo\/wp-json\/wp\/v2\/tags?post=2269"}],"curies":[{"name":"wp","href":"https:\/\/api.w.org\/{rel}","templated":true}]}}