{"id":2275,"date":"2025-06-03T16:03:51","date_gmt":"2025-06-03T14:03:51","guid":{"rendered":"https:\/\/matrend.hu\/nekedinfo\/?p=2275"},"modified":"2025-06-03T16:03:51","modified_gmt":"2025-06-03T14:03:51","slug":"igaz-a-hir-22-ev-utan-kirugtak-tillat-ez-az-oka","status":"publish","type":"post","link":"https:\/\/matrend.hu\/nekedinfo\/igaz-a-hir-22-ev-utan-kirugtak-tillat-ez-az-oka\/","title":{"rendered":"Igaz a h\u00edr! 22 \u00e9v ut\u00e1n kir\u00fagt\u00e1k Till\u00e1t! EZ AZ OKA!"},"content":{"rendered":"<h3>A v\u00e1ltoz\u00e1s azonban nem \u00e1ll meg Tilla b\u00facs\u00faj\u00e1n\u00e1l: a Megaszt\u00e1r vezet\u0151s\u00e9ge gy\u00f6keresen \u00e1talak\u00edtja a m\u0171sor strukt\u00far\u00e1j\u00e1t. A legut\u00f3bbi, 2024-ben sug\u00e1rzott \u00e9vad ut\u00e1n nem t\u00e9r vissza egyetlen zs\u0171ritag sem. Az eddigi szezonok sor\u00e1n m\u00e1r megszokhattuk a n\u00e9ha meglep\u0151, m\u00e1skor j\u00f3l bej\u00e1ratott zs\u0171ricser\u00e9ket, de az, hogy minden ismert arc t\u00e1vozik, val\u00f3di fordul\u00f3pontot jelent. A k\u00e9sz\u00edt\u0151k \u00faj energi\u00e1kat, friss n\u00e9z\u0151pontokat \u00e9s mer\u0151ben m\u00e1s dinamik\u00e1t szeretn\u00e9nek beemelni a k\u00e9perny\u0151re. ILYEN P\u00c9LD\u00c1UL T\u00d3TH GABI!<br \/>\n\u0150K LESZNEK AZ \u00daJ TAGOK:<\/h3>\n<h3><span style=\"color: #ff0000;\"><strong>A h\u00edr nem \u00e9rt v\u00e9get! Folytat\u00e1shoz haszn\u00e1ld a K\u00d6VETKEZ\u0150 OLDAL gombot!<\/strong><\/span><\/h3>\n<h3 style=\"text-align: right;\"><a href=\"https:\/\/matrend.hu\/maitrend\/?p=2274\" target=\"_blank\" rel=\"noopener\"><span style=\"color: #ff0000;\">&#8212;&gt;&gt; K\u00d6VETKEZ\u0150 OLDAL<\/span><\/a><\/h3>\n<p>&#8211;<\/p>\n<p>A Mitsubishi Lancer el\u0151sz\u00f6r 1973-ban mutatkozott be, \u00e9s mostanra m\u00e1r a kilencedik gener\u00e1ci\u00f3n\u00e1l tart. Ez az els\u0151 olyan Lancer, amely ferdeh\u00e1t\u00fa kivitelben is kaphat\u00f3 az 1988-ban bemutatott \u00f6t\u00f6dik gener\u00e1ci\u00f3 \u00f3ta, \u00e9s egyben az egyik legpraktikusabb modell a gy\u00e1rt\u00f3 k\u00edn\u00e1lat\u00e1ban. A Lancer formavil\u00e1ga a t\u00fczes Evo X modellb\u0151l mer\u00edt inspir\u00e1ci\u00f3t, \u00e1m versenyt\u00e1rsai, mint p\u00e9ld\u00e1ul a Skoda Octavia vagy a Chevrolet Cruze, praktikusabbak \u00e9s jobb \u00e1r-\u00e9rt\u00e9k ar\u00e1nyt k\u00edn\u00e1lnak. T\u00e1gas utastere, b\u0151s\u00e9ges alapfelszerelts\u00e9ge \u00e9s kedvez\u0151 szervizcsomagja azonban versenyk\u00e9pesebb\u00e9 teszi, mint amilyennek els\u0151 pillant\u00e1sra t\u0171nik.<\/p>\n<p>Ha olyan Mitsubishi Lancer modellt keres\u00fcnk, amely \u00e9lvezetet ny\u00fajt a vezet\u00e9s sor\u00e1n, akkor az Evo X v\u00e1ltozatokat \u00e9rdemes el\u0151nyben r\u00e9szes\u00edteni. A hagyom\u00e1nyos ferdeh\u00e1t\u00fa kivitel, ak\u00e1r a 2,0 literes d\u00edzel, ak\u00e1r az 1,8 literes benzinmotorral szerelve, t\u00fals\u00e1gosan nagy oldald\u0151l\u00e9ssel k\u00fczd kanyarod\u00e1skor. Enn\u00e9l is rosszabb, hogy a kem\u00e9ny fut\u00f3m\u0171 miatt az aut\u00f3 kellemetlen\u00fcl r\u00e1z minden \u00fathib\u00e1n, kiv\u00e9ve ha teljesen sima az aszfalt. A d\u00edzelmotor ugyan takar\u00e9kosabb, de zajos, m\u00edg a benzines v\u00e1ltozatb\u00f3l hi\u00e1nyzik az a h\u00faz\u00f3er\u0151, amit a d\u00edzel biztos\u00edt. A r\u00f6vid \u00e1tt\u00e9telez\u00e9s valamelyest jav\u00edtja a gyorsul\u00e1st, \u00e1m a pontatlan v\u00e1lt\u00f3 nem \u00f6szt\u00f6n\u00f6z a sebess\u00e9gfokozatok gyakori v\u00e1ltogat\u00e1s\u00e1ra. A szervizel\u00e9s fix \u00e1ras csomag keret\u00e9ben t\u00f6rt\u00e9nik, ami 400 \u00e9s 500 font k\u00f6z\u00f6tti k\u00f6lts\u00e9get jelent h\u00e1rom \u00e9vre vagy 60 000 kilom\u00e9terre, a v\u00e1lasztott modellt\u0151l f\u00fcgg\u0151en. Az 1,8 literes benzinmotor kiz\u00e1r\u00f3lag automata v\u00e1lt\u00f3val \u00e9rhet\u0151 el, \u00e9s 191 g\/km-es sz\u00e9n-dioxid-kibocs\u00e1t\u00e1st produk\u00e1l, m\u00edg a hatfokozat\u00fa k\u00e9zi v\u00e1lt\u00f3s d\u00edzel 163 g\/km-t. Ennek k\u00f6vetkezt\u00e9ben az \u00e9ves g\u00e9pj\u00e1rm\u0171ad\u00f3 magasabb a versenyt\u00e1rsakhoz k\u00e9pest. A d\u00edzelmotor viszont kedvez\u0151bb fogyaszt\u00e1st k\u00edn\u00e1l, 100 kilom\u00e9terenk\u00e9nt \u00e1tlagosan 5,2 litert, \u00e9s minden modell j\u00f3l felszereltnek sz\u00e1m\u00edt a kateg\u00f3ri\u00e1j\u00e1ban.<\/p>\n","protected":false},"excerpt":{"rendered":"<p>A v\u00e1ltoz\u00e1s azonban nem \u00e1ll meg Tilla b\u00facs\u00faj\u00e1n\u00e1l: a Megaszt\u00e1r vezet\u0151s\u00e9ge gy\u00f6keresen \u00e1talak\u00edtja a m\u0171sor strukt\u00far\u00e1j\u00e1t. A legut\u00f3bbi, 2024-ben sug\u00e1rzott&#8230; <span class=\"gridview-grid-post-read-more\"><a href=\"https:\/\/matrend.hu\/nekedinfo\/igaz-a-hir-22-ev-utan-kirugtak-tillat-ez-az-oka\/\">read more<span class=\"gridview-sr-only\"> Igaz a h\u00edr! 22 \u00e9v ut\u00e1n kir\u00fagt\u00e1k Till\u00e1t! EZ AZ OKA!<\/span><\/a><\/span><\/p>\n","protected":false},"author":1,"featured_media":2276,"comment_status":"open","ping_status":"open","sticky":false,"template":"","format":"standard","meta":{"footnotes":""},"categories":[1],"tags":[],"class_list":["post-2275","post","type-post","status-publish","format-standard","has-post-thumbnail","hentry","category-egyeb","wpcat-1-id"],"_links":{"self":[{"href":"https:\/\/matrend.hu\/nekedinfo\/wp-json\/wp\/v2\/posts\/2275","targetHints":{"allow":["GET"]}}],"collection":[{"href":"https:\/\/matrend.hu\/nekedinfo\/wp-json\/wp\/v2\/posts"}],"about":[{"href":"https:\/\/matrend.hu\/nekedinfo\/wp-json\/wp\/v2\/types\/post"}],"author":[{"embeddable":true,"href":"https:\/\/matrend.hu\/nekedinfo\/wp-json\/wp\/v2\/users\/1"}],"replies":[{"embeddable":true,"href":"https:\/\/matrend.hu\/nekedinfo\/wp-json\/wp\/v2\/comments?post=2275"}],"version-history":[{"count":1,"href":"https:\/\/matrend.hu\/nekedinfo\/wp-json\/wp\/v2\/posts\/2275\/revisions"}],"predecessor-version":[{"id":2277,"href":"https:\/\/matrend.hu\/nekedinfo\/wp-json\/wp\/v2\/posts\/2275\/revisions\/2277"}],"wp:featuredmedia":[{"embeddable":true,"href":"https:\/\/matrend.hu\/nekedinfo\/wp-json\/wp\/v2\/media\/2276"}],"wp:attachment":[{"href":"https:\/\/matrend.hu\/nekedinfo\/wp-json\/wp\/v2\/media?parent=2275"}],"wp:term":[{"taxonomy":"category","embeddable":true,"href":"https:\/\/matrend.hu\/nekedinfo\/wp-json\/wp\/v2\/categories?post=2275"},{"taxonomy":"post_tag","embeddable":true,"href":"https:\/\/matrend.hu\/nekedinfo\/wp-json\/wp\/v2\/tags?post=2275"}],"curies":[{"name":"wp","href":"https:\/\/api.w.org\/{rel}","templated":true}]}}