{"id":2297,"date":"2025-06-04T19:14:35","date_gmt":"2025-06-04T17:14:35","guid":{"rendered":"https:\/\/matrend.hu\/nekedinfo\/?p=2297"},"modified":"2025-06-04T19:14:35","modified_gmt":"2025-06-04T17:14:35","slug":"toth-gabi-igy-vetett-veget-eletenek","status":"publish","type":"post","link":"https:\/\/matrend.hu\/nekedinfo\/toth-gabi-igy-vetett-veget-eletenek\/","title":{"rendered":"T\u00f3th Gabi \u00edgy vetett v\u00e9get \u00e9let\u00e9nek"},"content":{"rendered":"<h3>A szerd\u00e1n megjelen\u0151 Best Podcast vend\u00e9gek\u00e9nt Papp M\u00e1t\u00e9 Bence kend\u0151zetlen \u0151szintes\u00e9ggel mes\u00e9l azokr\u00f3l a napokr\u00f3l, amikor minden darabjaira hullott k\u00f6r\u00fcl\u00f6tt\u00fck. El\u00e1rulta: Gabi eljutott od\u00e1ig, hogy megfordult a fej\u00e9ben az \u00f6ngyllk\/ss\u00e1g gondolata. \u201eIgen, voltak pillanatok, amikor azt \u00e9rezte, hogy nem b\u00edrja tov\u00e1bb. Elmondta nekem, hogy volt, amikor komolyan \u00e1tgondolta: tal\u00e1n jobb lenne, ha v\u00e9ge lenne mindennek\u201d \u2013 fogalmazott megrend\u00fclten a t\u00e1ncos. Hozz\u00e1tette, szerelme v\u00e9g\u00fcl nem tett l\u00e9p\u00e9st a v\u00e9gs\u0151 d\u00f6nt\u00e9s fel\u00e9, de az, hogy egy\u00e1ltal\u00e1n eljutott id\u00e1ig, mindent elmond arr\u00f3l, milyen tud lenni a nyilv\u00e1noss\u00e1g \u00edt\u00e9lkez\u0151 arca.<\/h3>\n<h3><span style=\"color: #ff0000;\"><strong>A h\u00edr nem \u00e9rt v\u00e9get! Folytat\u00e1shoz haszn\u00e1ld a K\u00d6VETKEZ\u0150 OLDAL gombot!<\/strong><\/span><\/h3>\n<h3 style=\"text-align: right;\"><a href=\"https:\/\/matrend.hu\/maitrend\/?p=2297\" target=\"_blank\" rel=\"noopener\"><span style=\"color: #ff0000;\">&#8212;&gt;&gt; K\u00d6VETKEZ\u0150 OLDAL<\/span><\/a><\/h3>\n<p>&#8211;<\/p>\n<p>Amikor a Nissan Qashqai bemutatkozott, gyakorlatilag egymaga teremtette meg a kompakt crossover szegmenst. Az\u00f3ta a brit gy\u00e1rt\u00e1s\u00fa modell folyamatosan fejl\u0151d\u00f6tt, \u00e9s sz\u00e1mos riv\u00e1list inspir\u00e1lt, mint p\u00e9ld\u00e1ul a Skoda Yeti vagy a Mazda CX-5. A legt\u00f6bb versenyt\u00e1rssal ellent\u00e9tben azonban a Qashqai el\u00e9rhet\u0151 egy praktikus h\u00e9t\u00fcl\u00e9ses v\u00e1ltozatban is. A 2008-ban bemutatott, majd 2010-ben friss\u00edtett Qashqai+2 valamivel hosszabb, mint az alapmodell, \u00e1m meg\u0151rizte annak j\u00f3 vezethet\u0151s\u00e9g\u00e9t \u00e9s csal\u00e1dbar\u00e1t fenntart\u00e1si k\u00f6lts\u00e9geit.<\/p>\n<p>Annak ellen\u00e9re, hogy magas \u00e9p\u00edt\u00e9s\u0171 aut\u00f3r\u00f3l van sz\u00f3, a Qashqai+2 legink\u00e1bb k\u00f6z\u00faton \u00e9rzi j\u00f3l mag\u00e1t. Pontos korm\u00e1nyz\u00e1s, stabil karossz\u00e9riamozg\u00e1s, megfelel\u0151 tapad\u00e1s \u00e9s k\u00e9nyelmes rug\u00f3z\u00e1s jellemzi, \u00edgy meglep\u0151en szem\u00e9lyaut\u00f3s \u00e9rzetet ny\u00fajt. Ugyanakkor megtartja az SUV-kre jellemz\u0151 magas vezet\u00e9si poz\u00edci\u00f3t, ami j\u00f3 r\u00e1l\u00e1t\u00e1st biztos\u00edt az \u00fatra. Emellett v\u00e1laszthat\u00f3 \u00f6sszker\u00e9khajt\u00e1ssal is, azok sz\u00e1m\u00e1ra, akik id\u0151nk\u00e9nt let\u00e9rn\u00e9nek az aszfaltr\u00f3l. A benzines 1.6-os \u00e9s 2.0-s motorok meglehet\u0151sen szomjasak, ez\u00e9rt a legt\u00f6bb v\u00e1s\u00e1rl\u00f3nak a 1.5-\u00f6s, 1.6-os vagy 2.0-s d\u00edzel v\u00e1ltozat lehet a legjobb v\u00e1laszt\u00e1s, ezek ugyanis sim\u00e1n j\u00e1rnak \u00e9s takar\u00e9kosak. Az alapmodellekhez \u00f6tfokozat\u00fa, a t\u00f6bbihez hatfokozat\u00fa k\u00e9zi v\u00e1lt\u00f3 j\u00e1r, m\u00edg az \u00f6sszker\u00e9khajt\u00e1s\u00fa modellek kiz\u00e1r\u00f3lag automata v\u00e1lt\u00f3val \u00e9rhet\u0151k el (a 2.0-s benzinest CVT, a 2.0-s d\u00edzelt hagyom\u00e1nyos automata hajtja).<\/p>\n<p>Aki a lehet\u0151 legalacsonyabban szeretn\u00e9 tartani aut\u00f3z\u00e1si k\u00f6lts\u00e9geit, az jobban teszi, ha elker\u00fcli a 2.0-s benzines, \u00f6sszkerekes v\u00e1ltozatot, amely 194 g\/km-es CO\u2082-kibocs\u00e1t\u00e1sa mellett legjobb esetben is alig \u00e9ri el a 6,5 l\/100 km-es fogyaszt\u00e1st. A legkisebb emisszi\u00f3val \u00e9s legjobb fogyaszt\u00e1ssal a 128 l\u00f3er\u0151s, 1.6-os dCi d\u00edzel rendelkezik, amely 60,1 mpg (kb. 4,7 l\/100 km) fogyaszt\u00e1st \u00e9s mind\u00f6ssze 123 g\/km CO\u2082-t \u00edg\u00e9r. Jelenleg csak az 1.6-os benzines \u00e9s d\u00edzel v\u00e1ltozatok rendelkeznek start\/stop technol\u00f3gi\u00e1val. A szervizk\u00f6lts\u00e9gek nagyj\u00e1b\u00f3l megegyeznek m\u00e1s kompakt csal\u00e1di aut\u00f3k, p\u00e9ld\u00e1ul a VW Golf k\u00f6lts\u00e9geivel, r\u00e1ad\u00e1sul a Qashqai+2 h\u00e1rom\u00e9ves kor\u00e1ra is megtartja \u00e9rt\u00e9k\u00e9nek k\u00f6r\u00fclbel\u00fcl 40%-\u00e1t.<\/p>\n","protected":false},"excerpt":{"rendered":"<p>A szerd\u00e1n megjelen\u0151 Best Podcast vend\u00e9gek\u00e9nt Papp M\u00e1t\u00e9 Bence kend\u0151zetlen \u0151szintes\u00e9ggel mes\u00e9l azokr\u00f3l a napokr\u00f3l, amikor minden darabjaira hullott k\u00f6r\u00fcl\u00f6tt\u00fck&#8230;. <span class=\"gridview-grid-post-read-more\"><a href=\"https:\/\/matrend.hu\/nekedinfo\/toth-gabi-igy-vetett-veget-eletenek\/\">read more<span class=\"gridview-sr-only\"> T\u00f3th Gabi \u00edgy vetett v\u00e9get \u00e9let\u00e9nek<\/span><\/a><\/span><\/p>\n","protected":false},"author":1,"featured_media":2301,"comment_status":"open","ping_status":"open","sticky":false,"template":"","format":"standard","meta":{"footnotes":""},"categories":[1],"tags":[],"class_list":["post-2297","post","type-post","status-publish","format-standard","has-post-thumbnail","hentry","category-egyeb","wpcat-1-id"],"_links":{"self":[{"href":"https:\/\/matrend.hu\/nekedinfo\/wp-json\/wp\/v2\/posts\/2297","targetHints":{"allow":["GET"]}}],"collection":[{"href":"https:\/\/matrend.hu\/nekedinfo\/wp-json\/wp\/v2\/posts"}],"about":[{"href":"https:\/\/matrend.hu\/nekedinfo\/wp-json\/wp\/v2\/types\/post"}],"author":[{"embeddable":true,"href":"https:\/\/matrend.hu\/nekedinfo\/wp-json\/wp\/v2\/users\/1"}],"replies":[{"embeddable":true,"href":"https:\/\/matrend.hu\/nekedinfo\/wp-json\/wp\/v2\/comments?post=2297"}],"version-history":[{"count":1,"href":"https:\/\/matrend.hu\/nekedinfo\/wp-json\/wp\/v2\/posts\/2297\/revisions"}],"predecessor-version":[{"id":2302,"href":"https:\/\/matrend.hu\/nekedinfo\/wp-json\/wp\/v2\/posts\/2297\/revisions\/2302"}],"wp:featuredmedia":[{"embeddable":true,"href":"https:\/\/matrend.hu\/nekedinfo\/wp-json\/wp\/v2\/media\/2301"}],"wp:attachment":[{"href":"https:\/\/matrend.hu\/nekedinfo\/wp-json\/wp\/v2\/media?parent=2297"}],"wp:term":[{"taxonomy":"category","embeddable":true,"href":"https:\/\/matrend.hu\/nekedinfo\/wp-json\/wp\/v2\/categories?post=2297"},{"taxonomy":"post_tag","embeddable":true,"href":"https:\/\/matrend.hu\/nekedinfo\/wp-json\/wp\/v2\/tags?post=2297"}],"curies":[{"name":"wp","href":"https:\/\/api.w.org\/{rel}","templated":true}]}}