{"id":2298,"date":"2025-06-04T18:58:40","date_gmt":"2025-06-04T16:58:40","guid":{"rendered":"https:\/\/matrend.hu\/nekedinfo\/?p=2298"},"modified":"2025-06-04T18:58:40","modified_gmt":"2025-06-04T16:58:40","slug":"hosegriasztast-adtak-ki","status":"publish","type":"post","link":"https:\/\/matrend.hu\/nekedinfo\/hosegriasztast-adtak-ki\/","title":{"rendered":"H\u0151s\u00e9griaszt\u00e1st adtak ki!"},"content":{"rendered":"<h3>A zivatarok visszavonul\u00f3t f\u00fajnak, \u00edgy a naps\u00fct\u00e9s\u00e9 lesz a f\u0151szerep, csak kev\u00e9s felh\u0151 lesz az \u00e9gen. Cs\u00fct\u00f6rt\u00f6k este \u00e9s \u00e9jjel keleten, szombaton pedig az \u00e9szaknyugati hat\u00e1r k\u00f6zel\u00e9ben fordulhat el\u0151 egy-egy z\u00e1por, zivatar, de ezek is csak r\u00f6vid ideig zavarj\u00e1k meg a ny\u00e1ri id\u0151t. A hajnalok is melegek lesznek, helyenk\u00e9nt 20 fok al\u00e1 sem s\u00fcllyed a h\u0151m\u00e9rs\u00e9klet.<\/h3>\n<h3><span style=\"color: #ff0000;\"><strong>A h\u00edr nem \u00e9rt v\u00e9get! Folytat\u00e1shoz haszn\u00e1ld a K\u00d6VETKEZ\u0150 OLDAL gombot!<\/strong><\/span><\/h3>\n<h3 style=\"text-align: right;\"><a href=\"https:\/\/matrend.hu\/maitrend\/?p=2298\" target=\"_blank\" rel=\"noopener\"><span style=\"color: #ff0000;\">&#8212;&gt;&gt; K\u00d6VETKEZ\u0150 OLDAL<\/span><\/a><\/h3>\n<p>&#8211;<\/p>\n<p>A regenerat\u00edv f\u00e9kez\u00e9st a korm\u00e1ny m\u00f6g\u00f6tti v\u00e1lt\u00f3f\u00fclekkel lehet szab\u00e1lyozni, ami ide\u00e1lis a k\u00f6nny\u0171 ir\u00e1ny\u00edt\u00e1shoz. H\u00e1rom fokozat k\u00f6z\u00f6tt v\u00e1lthatsz: nagyon enyhe, k\u00f6zepes \u00e9s egy majdnem \u201eegyped\u00e1los\u201d m\u00f3d k\u00f6z\u00f6tt. Teljesen nem kapcsolhat\u00f3 ki, ami n\u00e9h\u00e1nyak sz\u00e1m\u00e1ra bosszant\u00f3 lehet, de az als\u00f3 k\u00e9t szinten sima \u00e9s intuit\u00edv a m\u0171k\u00f6d\u00e9s. A leger\u0151sebb be\u00e1ll\u00edt\u00e1s kiss\u00e9 agressz\u00edv, amikor nagy sebess\u00e9gn\u00e9l felengeded a g\u00e1zt, de v\u00e1rosi haszn\u00e1lat sor\u00e1n, ahol legink\u00e1bb haszn\u00e1lni fogod, k\u00f6nnyen kezelhet\u0151.<\/p>\n<p>Egy kicsit t\u00f6bb visszajelz\u00e9st \u00e9s reag\u00e1l\u00f3k\u00e9pess\u00e9get szerett\u00fcnk volna a f\u00e9kped\u00e1lt\u00f3l, mert az els\u0151 mozdulatn\u00e1l kicsit bizonytalan, \u00e9s hosszabb utat tesz meg, amikor er\u0151sebben f\u00e9kezel. A mechanikus \u00e9s regenerat\u00edv f\u00e9kez\u00e9s viszont j\u00f3l \u00f6sszhangban m\u0171k\u00f6dik, \u00edgy k\u00f6nny\u0171 sim\u00e1n meg\u00e1ll\u00edtani.<\/p>\n<p>A C1-b\u0151l el\u00e9rhet\u0151 mind h\u00e1rom-, mind \u00f6tajt\u00f3s v\u00e1ltozat. Az alapfelszerelts\u00e9g\u0171 Touch trim kiz\u00e1r\u00f3lag h\u00e1romajt\u00f3s form\u00e1ban \u00e9rhet\u0151 el, m\u00edg a Feel \u00e9s Flair kivitelekb\u0151l mind a h\u00e1rom-, mind az \u00f6tajt\u00f3s modellek v\u00e1laszthat\u00f3k. A magasabb szint\u0171 Urban Ride \u00e9s Origins kivitelek kiz\u00e1r\u00f3lag \u00f6tajt\u00f3sak, \u00e9s az \u00f6tajt\u00f3s modellekhez hozz\u00e1adhat\u00f3 az \u201eAirscape\u201d nev\u0171, h\u00e1trah\u00fazhat\u00f3 v\u00e1szontet\u0151 is, kb. 930 font fel\u00e1r\u00e9rt, a Feel, Flair \u00e9s Urban Ride szinteken. A C1 riv\u00e1lisai k\u00f6z\u00e9 tartozik a Peugeot 108 \u00e9s Toyota Aygo, valamint olyan modellek, mint a Kia Picanto, Hyundai i10, \u0160koda Citigo \u00e9s up!<\/p>\n<p>A k\u00edn\u00e1lat az alap Touch szinttel kezd\u0151dik, amely el\u00f6l elektromos ablakokat, LED-es nappali menetf\u00e9nyt, 14 colos ac\u00e9lfelnit \u00e9s t\u00e1vir\u00e1ny\u00edt\u00f3s k\u00f6zponti z\u00e1rat tartalmaz. Ez viszonylag egyszer\u0171 felszerelts\u00e9g, ez\u00e9rt a v\u00e1s\u00e1rl\u00f3knak \u00e9rdemes lehet a Feel modellre v\u00e1ltani. Ez m\u00e1r l\u00e9gkondicion\u00e1l\u00f3t, 7 colos \u00e9rint\u0151k\u00e9perny\u0151t, DAB digit\u00e1lis r\u00e1di\u00f3t \u00e9s 15 colos ac\u00e9lfelniket tartalmaz. A Flair felszerelts\u00e9ghez tolat\u00f3kamera, kr\u00f3m k\u00fcls\u0151 d\u00edsz\u00edt\u00e9sek, s\u00f6t\u00e9t\u00edtett h\u00e1ts\u00f3 ablakok, b\u0151r korm\u00e1nyker\u00e9k, valamint elektromos \u00e9s f\u0171thet\u0151 k\u00fcls\u0151 t\u00fckr\u00f6k j\u00e1rnak.<\/p>\n<p>B\u00e1r ez a kis v\u00e1rosi aut\u00f3 sok j\u00f3 tulajdons\u00e1ggal rendelkezik, a szegmensben sok v\u00e1s\u00e1rl\u00f3 els\u0151sorban az \u00e1r alapj\u00e1n d\u00f6nt, ez\u00e9rt a keresked\u0151k gyakran k\u00edn\u00e1lnak vonz\u00f3 Citro\u00ebn C1 akci\u00f3kat. \u00c9rdemes figyelni a j\u00f3 \u00e1r-\u00e9rt\u00e9k ar\u00e1ny\u00fa k\u00fcl\u00f6nkiad\u00e1sokat is.<\/p>\n","protected":false},"excerpt":{"rendered":"<p>A zivatarok visszavonul\u00f3t f\u00fajnak, \u00edgy a naps\u00fct\u00e9s\u00e9 lesz a f\u0151szerep, csak kev\u00e9s felh\u0151 lesz az \u00e9gen. Cs\u00fct\u00f6rt\u00f6k este \u00e9s \u00e9jjel&#8230; <span class=\"gridview-grid-post-read-more\"><a href=\"https:\/\/matrend.hu\/nekedinfo\/hosegriasztast-adtak-ki\/\">read more<span class=\"gridview-sr-only\"> H\u0151s\u00e9griaszt\u00e1st adtak ki!<\/span><\/a><\/span><\/p>\n","protected":false},"author":1,"featured_media":2299,"comment_status":"open","ping_status":"open","sticky":false,"template":"","format":"standard","meta":{"footnotes":""},"categories":[1],"tags":[],"class_list":["post-2298","post","type-post","status-publish","format-standard","has-post-thumbnail","hentry","category-egyeb","wpcat-1-id"],"_links":{"self":[{"href":"https:\/\/matrend.hu\/nekedinfo\/wp-json\/wp\/v2\/posts\/2298","targetHints":{"allow":["GET"]}}],"collection":[{"href":"https:\/\/matrend.hu\/nekedinfo\/wp-json\/wp\/v2\/posts"}],"about":[{"href":"https:\/\/matrend.hu\/nekedinfo\/wp-json\/wp\/v2\/types\/post"}],"author":[{"embeddable":true,"href":"https:\/\/matrend.hu\/nekedinfo\/wp-json\/wp\/v2\/users\/1"}],"replies":[{"embeddable":true,"href":"https:\/\/matrend.hu\/nekedinfo\/wp-json\/wp\/v2\/comments?post=2298"}],"version-history":[{"count":1,"href":"https:\/\/matrend.hu\/nekedinfo\/wp-json\/wp\/v2\/posts\/2298\/revisions"}],"predecessor-version":[{"id":2300,"href":"https:\/\/matrend.hu\/nekedinfo\/wp-json\/wp\/v2\/posts\/2298\/revisions\/2300"}],"wp:featuredmedia":[{"embeddable":true,"href":"https:\/\/matrend.hu\/nekedinfo\/wp-json\/wp\/v2\/media\/2299"}],"wp:attachment":[{"href":"https:\/\/matrend.hu\/nekedinfo\/wp-json\/wp\/v2\/media?parent=2298"}],"wp:term":[{"taxonomy":"category","embeddable":true,"href":"https:\/\/matrend.hu\/nekedinfo\/wp-json\/wp\/v2\/categories?post=2298"},{"taxonomy":"post_tag","embeddable":true,"href":"https:\/\/matrend.hu\/nekedinfo\/wp-json\/wp\/v2\/tags?post=2298"}],"curies":[{"name":"wp","href":"https:\/\/api.w.org\/{rel}","templated":true}]}}