{"id":2303,"date":"2025-06-04T20:07:59","date_gmt":"2025-06-04T18:07:59","guid":{"rendered":"https:\/\/matrend.hu\/nekedinfo\/?p=2303"},"modified":"2025-06-04T20:07:59","modified_gmt":"2025-06-04T18:07:59","slug":"csapviz-okozta-egy-nyugdijas-neni-halalat","status":"publish","type":"post","link":"https:\/\/matrend.hu\/nekedinfo\/csapviz-okozta-egy-nyugdijas-neni-halalat\/","title":{"rendered":"Csapv\u00edz okozta egy nyugd\u00edjas n\u00e9ni hal\u00e1l\u00e1t"},"content":{"rendered":"<p><\n\n<h3>A n\u0151 hal\u00e1l\u00e1t egy ritka, de rendk\u00edv\u00fcl agressz\u00edv f\/rt\u0151z\u00e9s okozta: egy Naegleria fowleri nev\u0171 egysejt\u0171 organizmus jutott az agy\u00e1ba, v\u00e9lhet\u0151en egy rutinszer\u0171 orr\u00f6bl\u00edt\u00e9s sor\u00e1n. A vizsg\u00e1latok szerint az \u00e1ldozat egy lak\u00f3kocsiban \u00e9lt, \u00e9s a bels\u0151 v\u00edzrendszerb\u0151l vett nem forralt csapv\u00edzzel \u00f6bl\u00edtette az orrj\u00e1ratait \u2013 ez lett v\u00e9gzetes. A v\u00edzben \u00e9l\u0151 am\u0151ba az orron kereszt\u00fcl behatolva el\u00e9rte az agyat, ahol elind\u00edtotta a gyullad\u00e1sos folyamatokat.<\/h3>\n<h3><span style=\"color: #ff0000;\"><strong>A h\u00edr nem \u00e9rt v\u00e9get! Folytat\u00e1shoz haszn\u00e1ld a K\u00d6VETKEZ\u0150 OLDAL gombot!<\/strong><\/span><\/h3>\n<h3 style=\"text-align: right;\"><a href=\"https:\/\/matrend.hu\/maitrend\/?p=2303\" target=\"_blank\" rel=\"noopener\"><span style=\"color: #ff0000;\">&#8212;&gt;&gt; K\u00d6VETKEZ\u0150 OLDAL<\/span><\/a><\/h3>\n<p>&#8211;<\/p>\n<p>A bels\u0151 t\u00e9rben az IS F j\u00f3l indul, hiszen a norm\u00e1l IS is mutat\u00f3s aut\u00f3. Az F v\u00e1ltozat nagyobb felnikkel, sportosabb l\u00f6kh\u00e1r\u00edt\u00f3kkal, h\u00e1l\u00f3s h\u0171t\u0151r\u00e1ccsal \u00e9s dombor\u00fa motorh\u00e1ztet\u0151vel \u00e9rkezik. H\u00e1tul a nyolcas alak\u00fa kipufog\u00f3v\u00e9gek teszik k\u00fcl\u00f6nlegess\u00e9. Az utast\u00e9rben b\u0151r \u00e9s alcantara \u00fcl\u00e9sek, valamint n\u00e9h\u00e1ny F embl\u00e9ma eml\u00e9keztet arra, hogy egy sportmodellben \u00fcl\u00fcnk, egy\u00e9bk\u00e9nt viszont kev\u00e9s az elt\u00e9r\u00e9s a norm\u00e1l v\u00e1ltozathoz k\u00e9pest \u2013 s\u0151t, sok hasonl\u00f3 k\u00fcls\u0151 kieg\u00e9sz\u00edt\u0151 el\u00e9rhet\u0151 az F Sport modelleken is, ami kiss\u00e9 \u00f6sszezavarhatja a laikusokat.<\/p>\n<p>A szuperszed\u00e1nok \u00e1ltal\u00e1ban a teljes\u00edtm\u00e9nyt a praktikum egy bizonyos fok\u00e1val \u00f6tv\u00f6zik, \u00e1m ezen a t\u00e9ren az IS F alulmarad riv\u00e1lisaival szemben. Az els\u0151 \u00fcl\u00e9sek meglehet\u0151sen magasan helyezkednek el, \u00edgy a magasabb sof\u0151r\u00f6knek gondot jelenthet a fejt\u00e9r, f\u0151k\u00e9nt a sz\u0171k ajt\u00f3keret miatt. Az utast\u00e9rben rengeteg gomb tal\u00e1lhat\u00f3, ami els\u0151re zavar\u00f3 lehet. Ahogyan a norm\u00e1l IS eset\u00e9ben is, a h\u00e1ts\u00f3 \u00fcl\u00e9ssor sz\u0171k\u00f6s, m\u00edg a csomagtart\u00f3 m\u00e9rete csup\u00e1n 378 liter \u2013 ez mintegy 100 literrel kisebb, mint amit a BMW 3-as vagy az Audi A4 k\u00edn\u00e1l.<\/p>\n<p>A Lexus IS F ugyanakkor biztons\u00e1g ter\u00e9n nagyon j\u00f3l \u00e1ll. Alapfelszerelts\u00e9gk\u00e9nt k\u00edn\u00e1l menetstabiliz\u00e1l\u00f3t \u00e9s kip\u00f6rg\u00e9sg\u00e1tl\u00f3t, valamint a norm\u00e1l IS \u00f6tcsillagos min\u0151s\u00edt\u00e9st kapott az Euro NCAP t\u00f6r\u00e9stesztj\u00e9n. A Lexus h\u00edrneve a megb\u00edzhat\u00f3s\u00e1g ter\u00e9n kiv\u00e1l\u00f3, \u00e9s az IS F sem jelent kiv\u00e9telt ez al\u00f3l. A m\u00e1rkakeresked\u00e9sek pedig rendszeresen a legjobban teljes\u00edtenek az \u00fcgyf\u00e9l-el\u00e9gedetts\u00e9gi felm\u00e9r\u00e9sekben, \u00edgy ha valami m\u00e9gis meghib\u00e1sodna, azt gyorsan \u00e9s probl\u00e9mamentesen jav\u00edtj\u00e1k.<\/p>\n","protected":false},"excerpt":{"rendered":"<p>< A n\u0151 hal\u00e1l\u00e1t egy ritka, de rendk\u00edv\u00fcl agressz\u00edv f\/rt\u0151z\u00e9s okozta: egy Naegleria fowleri nev\u0171 egysejt\u0171 organizmus jutott az agy\u00e1ba,... <span class=\"gridview-grid-post-read-more\"><a href=\"https:\/\/matrend.hu\/nekedinfo\/csapviz-okozta-egy-nyugdijas-neni-halalat\/\">read more<span class=\"gridview-sr-only\"> Csapv\u00edz okozta egy nyugd\u00edjas n\u00e9ni hal\u00e1l\u00e1t<\/span><\/a><\/span><\/p>\n","protected":false},"author":1,"featured_media":2304,"comment_status":"open","ping_status":"open","sticky":false,"template":"","format":"standard","meta":{"footnotes":""},"categories":[1],"tags":[],"class_list":["post-2303","post","type-post","status-publish","format-standard","has-post-thumbnail","hentry","category-egyeb","wpcat-1-id"],"_links":{"self":[{"href":"https:\/\/matrend.hu\/nekedinfo\/wp-json\/wp\/v2\/posts\/2303","targetHints":{"allow":["GET"]}}],"collection":[{"href":"https:\/\/matrend.hu\/nekedinfo\/wp-json\/wp\/v2\/posts"}],"about":[{"href":"https:\/\/matrend.hu\/nekedinfo\/wp-json\/wp\/v2\/types\/post"}],"author":[{"embeddable":true,"href":"https:\/\/matrend.hu\/nekedinfo\/wp-json\/wp\/v2\/users\/1"}],"replies":[{"embeddable":true,"href":"https:\/\/matrend.hu\/nekedinfo\/wp-json\/wp\/v2\/comments?post=2303"}],"version-history":[{"count":1,"href":"https:\/\/matrend.hu\/nekedinfo\/wp-json\/wp\/v2\/posts\/2303\/revisions"}],"predecessor-version":[{"id":2305,"href":"https:\/\/matrend.hu\/nekedinfo\/wp-json\/wp\/v2\/posts\/2303\/revisions\/2305"}],"wp:featuredmedia":[{"embeddable":true,"href":"https:\/\/matrend.hu\/nekedinfo\/wp-json\/wp\/v2\/media\/2304"}],"wp:attachment":[{"href":"https:\/\/matrend.hu\/nekedinfo\/wp-json\/wp\/v2\/media?parent=2303"}],"wp:term":[{"taxonomy":"category","embeddable":true,"href":"https:\/\/matrend.hu\/nekedinfo\/wp-json\/wp\/v2\/categories?post=2303"},{"taxonomy":"post_tag","embeddable":true,"href":"https:\/\/matrend.hu\/nekedinfo\/wp-json\/wp\/v2\/tags?post=2303"}],"curies":[{"name":"wp","href":"https:\/\/api.w.org\/{rel}","templated":true}]}}