{"id":2309,"date":"2025-06-05T07:22:38","date_gmt":"2025-06-05T05:22:38","guid":{"rendered":"https:\/\/matrend.hu\/nekedinfo\/?p=2309"},"modified":"2025-06-05T07:22:38","modified_gmt":"2025-06-05T05:22:38","slug":"tragedia-dombovari-istvan-al","status":"publish","type":"post","link":"https:\/\/matrend.hu\/nekedinfo\/tragedia-dombovari-istvan-al\/","title":{"rendered":"Trag\u00e9dia Domb\u00f3v\u00e1ri Istv\u00e1n-al!"},"content":{"rendered":"<h3>\u00c1lm\u00e1ban t\u00e1vozott a f\u00f6ldi mez\u0151kr\u0151l, hogy az \u00e9gben futk\u00e1rozzon tov\u00e1bb Dombi kutyusa. A humorista egy k\u00f6ly\u00f6kkori fo\/\u00f3j\/val k\u00f6sz\u00f6nt el t\u0151le: \u201eDr\u00e1ga Liza! K\u00f6sz\u00f6n\u00f6m ezt a 10 \u00e9vet! Soha nem fogunk elfelejteni\u2026\u201d \u2013 \u00edrta s\u00edr\u00f3s emojik k\u00eds\u00e9ret\u00e9ben Dombi. Akinek volt m\u00e1r, vagy \u00e9ppen van kutyusa, tudja, milyen \u00f3ri\u00e1si vesztes\u00e9g ez. \u00cdme a meghat\u00f3 k\/p, amit a humorista megosztott az oldal\u00e1n.<\/h3>\n<h3><span style=\"color: #ff0000;\"><strong>A h\u00edr nem \u00e9rt v\u00e9get! Folytat\u00e1shoz haszn\u00e1ld a K\u00d6VETKEZ\u0150 OLDAL gombot!<\/strong><\/span><\/h3>\n<h3 style=\"text-align: right;\"><a href=\"https:\/\/matrend.hu\/maitrend\/?p=2309\" target=\"_blank\" rel=\"noopener\"><span style=\"color: #ff0000;\">&#8212;&gt;&gt; K\u00d6VETKEZ\u0150 OLDAL<\/span><\/a><\/h3>\n<p>&#8211;<\/p>\n<p>A modellv\u00e1laszt\u00e9k a Visia, Acenta, N-Connecta, Tekna \u00e9s N-Guard felszerelts\u00e9gi szintekb\u0151l \u00e1ll, emellett id\u0151nk\u00e9nt k\u00fcl\u00f6nleges kiad\u00e1sok is megjelennek a Nissan r\u00e9sz\u00e9r\u0151l. A Nissan az AT32 modellt is k\u00edn\u00e1lja, amely az Arctic Trucks k\u00fcl\u00f6nleges \u00e1talak\u00edt\u00e1sa, extra karossz\u00e9riaelemekkel, opcion\u00e1lis snorkellel \u00e9s 32 colos terepgumikkal (innen a n\u00e9v). Ez nem annyira extr\u00e9m megjelen\u00e9s\u0171, mint az Arctic Trucks AT35 \u00e1talak\u00edt\u00e1sai (amelyek az Isuzu D-Max \u00e9s Toyota Hilux modellekhez \u00e9rhet\u0151k el), de a Navara terepk\u00e9pess\u00e9geit mindenk\u00e9ppen n\u00f6veli.<\/p>\n<p>A Navara \u00e1rai versenyk\u00e9pesek a kateg\u00f3ri\u00e1ban, \u00e9s a cs\u00facsmodellek sok felszerelts\u00e9get k\u00edn\u00e1lnak az \u00e1ruk\u00e9rt. A 2019-es friss\u00edt\u00e9s sor\u00e1n megjelent a Nissan leg\u00fajabb multim\u00e9di\u00e1s rendszere a Juke-b\u00f3l, de mivel a riv\u00e1lisok, p\u00e9ld\u00e1ul a Ranger is komolyabb friss\u00edt\u00e9seket kaptak, a Navara m\u00e1r nem vezet a kateg\u00f3ri\u00e1ban, mint kor\u00e1bban. A Navara \u00fczemanyag-fogyaszt\u00e1sa nagyj\u00e1b\u00f3l megegyezik, ak\u00e1r King Cab, ak\u00e1r Double Cab karossz\u00e9ri\u00e1t v\u00e1lasztasz, illetve a dCi 163 vagy dCi 190 motor k\u00f6z\u00fcl d\u00f6ntesz. Mindk\u00e9t manu\u00e1lis v\u00e1lt\u00f3s verzi\u00f3 eset\u00e9ben a megadott fogyaszt\u00e1s 40,4 mpg, a CO2-kibocs\u00e1t\u00e1s pedig 184 g\/km, m\u00edg a dCi 190-es motorhoz v\u00e1laszthat\u00f3 7 fokozat\u00fa automata eset\u00e9n ezek az \u00e9rt\u00e9kek 38,2 mpg \u00e9s 194 g\/km-re m\u00f3dosulnak.<\/p>\n<p>Azonban a pickupok eset\u00e9ben az ad\u00f3z\u00e1s nem a kibocs\u00e1t\u00e1s alapj\u00e1n t\u00f6rt\u00e9nik, \u00edgy a CO2-adatok nem befoly\u00e1solj\u00e1k az ad\u00f3z\u00e1st. A Nissan k\u00fcl\u00f6n figyelmet ford\u00edtott a k\u00f6lts\u00e9gek alacsonyan tart\u00e1s\u00e1ra. Minden Navara modellhez j\u00e1r a kiv\u00e1l\u00f3, 5 \u00e9vre vagy 160 000 km-re sz\u00f3l\u00f3 garancia, amely az eg\u00e9sz m\u00e1rka haszong\u00e9pj\u00e1rm\u0171-k\u00edn\u00e1lat\u00e1ra \u00e9rv\u00e9nyes, \u00e9s \u00e1tvihet\u0151 a k\u00f6vetkez\u0151 tulajdonosra is. Emellett b\u0151s\u00e9ges biztons\u00e1gi felszerelts\u00e9g j\u00e1r, bele\u00e9rtve a Nissan \u00f6n\u00e1ll\u00f3 v\u00e9szf\u00e9kez\u0151 technol\u00f3gi\u00e1j\u00e1t, ami az biztos\u00edt\u00e1si d\u00edjak cs\u00f6kken\u00e9s\u00e9t is seg\u00edti. M\u00e9g jobb, hogy a Nissan a 2019-es friss\u00edt\u00e9s sor\u00e1n n\u00e9gy t\u00e1rcsaf\u00e9kes f\u00e9krendszert vezetett be, ami jelent\u0151sen jav\u00edtja a f\u00e9khat\u00e1st.<\/p>\n<p>A Navara egyik vonz\u00f3 tulajdons\u00e1ga az opcion\u00e1lis kem\u00e9nytet\u0151s fed\u00e9l a plat\u00f3ra. Lehet, hogy els\u0151re ink\u00e1bb formatervezettnek t\u0171nik, mint funkcion\u00e1lisnak \u2014 el\u00e9g alacsony a tet\u0151 vonala \u2014, de biztons\u00e1gi szempontb\u00f3l nagyszer\u0171, t\u00e1vir\u00e1ny\u00edt\u00f3s z\u00e1rhat\u00f3, amely a k\u00f6zponti z\u00e1rral is \u00f6sszek\u00f6ttet\u00e9sben \u00e1ll. Az egyetlen h\u00e1tr\u00e1nya, hogy a s\u00f6t\u00e9t\u00edtett ablakok, valamint a magasabb felszerelts\u00e9g\u0171 modellek s\u00f6t\u00e9t\u00edtett \u00fcvegei miatt a h\u00e1tratekint\u00e9s korl\u00e1tozott, k\u00fcl\u00f6n\u00f6sen, hogy a h\u00e1ts\u00f3 ablakon nincs ablakt\u00f6rl\u0151.<\/p>\n","protected":false},"excerpt":{"rendered":"<p>\u00c1lm\u00e1ban t\u00e1vozott a f\u00f6ldi mez\u0151kr\u0151l, hogy az \u00e9gben futk\u00e1rozzon tov\u00e1bb Dombi kutyusa. A humorista egy k\u00f6ly\u00f6kkori fo\/\u00f3j\/val k\u00f6sz\u00f6nt el t\u0151le:&#8230; <span class=\"gridview-grid-post-read-more\"><a href=\"https:\/\/matrend.hu\/nekedinfo\/tragedia-dombovari-istvan-al\/\">read more<span class=\"gridview-sr-only\"> Trag\u00e9dia Domb\u00f3v\u00e1ri Istv\u00e1n-al!<\/span><\/a><\/span><\/p>\n","protected":false},"author":1,"featured_media":2310,"comment_status":"open","ping_status":"open","sticky":false,"template":"","format":"standard","meta":{"footnotes":""},"categories":[1],"tags":[],"class_list":["post-2309","post","type-post","status-publish","format-standard","has-post-thumbnail","hentry","category-egyeb","wpcat-1-id"],"_links":{"self":[{"href":"https:\/\/matrend.hu\/nekedinfo\/wp-json\/wp\/v2\/posts\/2309","targetHints":{"allow":["GET"]}}],"collection":[{"href":"https:\/\/matrend.hu\/nekedinfo\/wp-json\/wp\/v2\/posts"}],"about":[{"href":"https:\/\/matrend.hu\/nekedinfo\/wp-json\/wp\/v2\/types\/post"}],"author":[{"embeddable":true,"href":"https:\/\/matrend.hu\/nekedinfo\/wp-json\/wp\/v2\/users\/1"}],"replies":[{"embeddable":true,"href":"https:\/\/matrend.hu\/nekedinfo\/wp-json\/wp\/v2\/comments?post=2309"}],"version-history":[{"count":1,"href":"https:\/\/matrend.hu\/nekedinfo\/wp-json\/wp\/v2\/posts\/2309\/revisions"}],"predecessor-version":[{"id":2311,"href":"https:\/\/matrend.hu\/nekedinfo\/wp-json\/wp\/v2\/posts\/2309\/revisions\/2311"}],"wp:featuredmedia":[{"embeddable":true,"href":"https:\/\/matrend.hu\/nekedinfo\/wp-json\/wp\/v2\/media\/2310"}],"wp:attachment":[{"href":"https:\/\/matrend.hu\/nekedinfo\/wp-json\/wp\/v2\/media?parent=2309"}],"wp:term":[{"taxonomy":"category","embeddable":true,"href":"https:\/\/matrend.hu\/nekedinfo\/wp-json\/wp\/v2\/categories?post=2309"},{"taxonomy":"post_tag","embeddable":true,"href":"https:\/\/matrend.hu\/nekedinfo\/wp-json\/wp\/v2\/tags?post=2309"}],"curies":[{"name":"wp","href":"https:\/\/api.w.org\/{rel}","templated":true}]}}