{"id":2312,"date":"2025-06-05T10:22:09","date_gmt":"2025-06-05T08:22:09","guid":{"rendered":"https:\/\/matrend.hu\/nekedinfo\/?p=2312"},"modified":"2025-06-05T10:22:09","modified_gmt":"2025-06-05T08:22:09","slug":"a-testneveles-tanar-dramaja","status":"publish","type":"post","link":"https:\/\/matrend.hu\/nekedinfo\/a-testneveles-tanar-dramaja\/","title":{"rendered":"A testnevel\u00e9s tan\u00e1r dr\u00e1m\u00e1ja!"},"content":{"rendered":"<h3>A fel\/\u00e9telen a testnevel\u00e9s tan\u00e1r l\u00e1that\u00f3. Ezut\u00e1n azt l\u00e1tni, hogy egy f\u00e9rfi az \u00fcres teremben j\u00e1rk\u00e1l, majd tu\/k\u00e1lni kezd a gyer\/kek ho\/mijai k\u00f6z\u00f6tt, valamit zsebre t\/sz, majd siet\u0151sen t\u00e1vozik az oszt\u00e1lyb\u00f3l. A Blikknek a lev\u00e9l \u00edr\u00f3ja azt \u00e1ll\u00edtotta, hogy a testnevel\u0151 tan\u00e1rnak nem ez volt az els\u0151 ilyen jelleg\u0171 cselekedete, s\u0151t, a szert\u00e1rban doh\u00e1nyzik \u00e9s al\/oho\/t fo\/yaszt.<\/h3>\n<h3><span style=\"color: #ff0000;\"><strong>A h\u00edr nem \u00e9rt v\u00e9get! Folytat\u00e1shoz haszn\u00e1ld a K\u00d6VETKEZ\u0150 OLDAL gombot!<\/strong><\/span><\/h3>\n<h3 style=\"text-align: right;\"><a href=\"https:\/\/matrend.hu\/maitrend\/?p=2312\" target=\"_blank\" rel=\"noopener\"><span style=\"color: #ff0000;\">&#8212;&gt;&gt; K\u00d6VETKEZ\u0150 OLDAL<\/span><\/a><\/h3>\n<p>&#8211;<\/p>\n<p>A Bentayga Hybrid, V8 \u00e9s S modellek alkotj\u00e1k a k\u00edn\u00e1lat gerinc\u00e9t, a cs\u00facsv\u00e1ltozat pedig a nagy teljes\u00edtm\u00e9ny\u0171 Bentayga Speed. Ez a nagy m\u00e9ret\u0171 SUV els\u0151sorban n\u00e9gy\u00fcl\u00e9ses kialak\u00edt\u00e1s\u00fa, b\u00e1r v\u00e1laszthat\u00f3 h\u00e1romszem\u00e9lyes h\u00e1ts\u00f3 \u00fcl\u00e9spad is. A modell formaterve nagyr\u00e9szt a 2012-es Frankfurti Aut\u00f3szalonon bemutatott EXP 9 F koncepci\u00f3 alapj\u00e1n k\u00e9sz\u00fclt.<\/p>\n<p>A Bentayga karossz\u00e9ri\u00e1j\u00e1nak alapj\u00e1t (a \u201ebody-in-white\u201d \u00e1llapotot) a -csoport szlov\u00e1kiai SUV-gy\u00e1r\u00e1ban, Pozsonyban szerelik \u00f6ssze \u2013 ugyanitt k\u00e9sz\u00fclnek az Q7, a Cayenne \u00e9s a Touareg modellek is. M\u00edg ezek a testv\u00e9rmodellek teljesen k\u00e9sz \u00e1llapotban g\u00f6rd\u00fclnek le a gy\u00e1rt\u00f3sorr\u00f3l, a Bentayga karossz\u00e9ri\u00e1it alum\u00ednium v\u00e1zk\u00e9nt sz\u00e1ll\u00edtj\u00e1k \u00e1t a Bentley crewe-i \u00fczem\u00e9be a v\u00e9gs\u0151 \u00f6sszeszerel\u00e9shez.<\/p>\n<p>A motorokat szint\u00e9n Crewe-ban szerelik \u00f6ssze, ott fejezik be a karossz\u00e9ri\u00e1kat, valamint ott varrj\u00e1k, f\u0171r\u00e9szelik \u00e9s pol\u00edrozz\u00e1k a p\u00e1ratlan min\u0151s\u00e9g\u0171 b\u0151r \u00e9s fa bels\u0151 elemeket is \u2013 ez\u00e1ltal a Bentayga val\u00f3ban egyedi kidolgozotts\u00e1ggal b\u00fcszk\u00e9lkedhet, ami m\u00e9lt\u00f3 a h\u00edres brit m\u00e1rk\u00e1hoz.<\/p>\n<p>Alig hallani sz\u00e9lzajt, \u00e9s a l\u00e9grug\u00f3z\u00e1s puha menetkomfortja finoman sim\u00edtja el az \u00fathib\u00e1kat, b\u00e1r a t\u00f6r\u00f6tt, egyenetlen fel\u00fcletek r\u00e1zk\u00f3d\u00e1st k\u00fcldenek az utast\u00e9rbe \u2013 ez jellemz\u0151 a leveg\u0151s felf\u00fcggeszt\u00e9sekre.<\/p>\n<p>Kanyarban azonban a Bentley olyan f\u00fcrg\u00e9n \u00e9s kiegyens\u00falyozottan reag\u00e1l, mintha feleakkora lenne. N\u00e9gyf\u00e9le vezet\u00e9si m\u00f3d k\u00f6z\u00fcl lehet v\u00e1lasztani: Comfort (komfort), Bentley, Custom (egy\u00e9ni) \u00e9s Sport. Ut\u00f3bbiban a l\u00e9grug\u00f3k megfesz\u00fclnek, \u00e9s a Dynamic Ride (dinamikus g\u00f6rd\u00fcl\u00e9s-szab\u00e1lyoz\u00e1s) rendszer laposan \u00e9s stabilan tartja az aut\u00f3t a kanyarokban. Ugyanakkor a tesztaut\u00f3 kem\u00e9ny f\u00e9kez\u00e9skor neh\u00e9zkesen viselkedett: a nyomat\u00e9kvektoroz\u00e1s \u00e9s az 2 440 kg-os \u00f6ns\u00faly egy\u00fcttese t\u00falterhelte a n\u00e9gyt\u00e1rcs\u00e1s f\u00e9krendszert, m\u00e9g k\u00f6zepes ig\u00e9nybev\u00e9tel mellett is.<\/p>\n<p>Ha let\u00e9r\u00fcnk az aszfaltr\u00f3l, a Bentayga magabiztosan veszi a s\u00e1ros, nehezebb terepeket is. Nem olyan kifinomult terepj\u00e1r\u00f3, mint egy Range Rover, de a v\u00e1ltoztathat\u00f3 hasmagass\u00e1g, a fejlett \u00f6sszker\u00e9khajt\u00e1s \u00e9s a lejtmenet-szab\u00e1lyoz\u00f3 kombin\u00e1ci\u00f3ja olyan helyekre is eljuttatja, ahov\u00e1 kev\u00e9s luxusaut\u00f3 k\u00e9pes eljutni.<\/p>\n<p>Az aut\u00f3z\u00e1s szerelmeseinek a Bentayga V8 a legjobb v\u00e1laszt\u00e1s \u2013 a motor karakteres hangon sz\u00f3l, elk\u00e9peszt\u0151 teljes\u00edtm\u00e9nyt ny\u00fajt, \u00e9s a W12-h\u00f6z k\u00e9pest csek\u00e9lyebb t\u00f6meg\u00e9nek k\u00f6sz\u00f6nhet\u0151en f\u00fcrg\u00e9bben viselkedik a kanyarokban. A ZF nyolcfokozat\u00fa automata sebess\u00e9gv\u00e1lt\u00f3 finoman kapcsol, de manu\u00e1lis m\u00f3dban vill\u00e1mgyors v\u00e1lt\u00e1sokat is lehet\u0151v\u00e9 tesz. A teljes\u00edtm\u00e9ny nem minden: aut\u00f3p\u00e1ly\u00e1n haladva a V8 k\u00e9pes n\u00e9gy henger\u00e9t lekapcsolni az \u00fczemanyag-takar\u00e9koss\u00e1g \u00e9rdek\u00e9ben.<\/p>\n","protected":false},"excerpt":{"rendered":"<p>A fel\/\u00e9telen a testnevel\u00e9s tan\u00e1r l\u00e1that\u00f3. Ezut\u00e1n azt l\u00e1tni, hogy egy f\u00e9rfi az \u00fcres teremben j\u00e1rk\u00e1l, majd tu\/k\u00e1lni kezd a&#8230; <span class=\"gridview-grid-post-read-more\"><a href=\"https:\/\/matrend.hu\/nekedinfo\/a-testneveles-tanar-dramaja\/\">read more<span class=\"gridview-sr-only\"> A testnevel\u00e9s tan\u00e1r dr\u00e1m\u00e1ja!<\/span><\/a><\/span><\/p>\n","protected":false},"author":1,"featured_media":2313,"comment_status":"open","ping_status":"open","sticky":false,"template":"","format":"standard","meta":{"footnotes":""},"categories":[1],"tags":[],"class_list":["post-2312","post","type-post","status-publish","format-standard","has-post-thumbnail","hentry","category-egyeb","wpcat-1-id"],"_links":{"self":[{"href":"https:\/\/matrend.hu\/nekedinfo\/wp-json\/wp\/v2\/posts\/2312","targetHints":{"allow":["GET"]}}],"collection":[{"href":"https:\/\/matrend.hu\/nekedinfo\/wp-json\/wp\/v2\/posts"}],"about":[{"href":"https:\/\/matrend.hu\/nekedinfo\/wp-json\/wp\/v2\/types\/post"}],"author":[{"embeddable":true,"href":"https:\/\/matrend.hu\/nekedinfo\/wp-json\/wp\/v2\/users\/1"}],"replies":[{"embeddable":true,"href":"https:\/\/matrend.hu\/nekedinfo\/wp-json\/wp\/v2\/comments?post=2312"}],"version-history":[{"count":1,"href":"https:\/\/matrend.hu\/nekedinfo\/wp-json\/wp\/v2\/posts\/2312\/revisions"}],"predecessor-version":[{"id":2314,"href":"https:\/\/matrend.hu\/nekedinfo\/wp-json\/wp\/v2\/posts\/2312\/revisions\/2314"}],"wp:featuredmedia":[{"embeddable":true,"href":"https:\/\/matrend.hu\/nekedinfo\/wp-json\/wp\/v2\/media\/2313"}],"wp:attachment":[{"href":"https:\/\/matrend.hu\/nekedinfo\/wp-json\/wp\/v2\/media?parent=2312"}],"wp:term":[{"taxonomy":"category","embeddable":true,"href":"https:\/\/matrend.hu\/nekedinfo\/wp-json\/wp\/v2\/categories?post=2312"},{"taxonomy":"post_tag","embeddable":true,"href":"https:\/\/matrend.hu\/nekedinfo\/wp-json\/wp\/v2\/tags?post=2312"}],"curies":[{"name":"wp","href":"https:\/\/api.w.org\/{rel}","templated":true}]}}