{"id":2315,"date":"2025-06-05T17:39:56","date_gmt":"2025-06-05T15:39:56","guid":{"rendered":"https:\/\/matrend.hu\/nekedinfo\/?p=2315"},"modified":"2025-06-05T17:39:56","modified_gmt":"2025-06-05T15:39:56","slug":"epemutet-helyett","status":"publish","type":"post","link":"https:\/\/matrend.hu\/nekedinfo\/epemutet-helyett\/","title":{"rendered":"Epem\u0171t\u00e9t helyett"},"content":{"rendered":"<h3>Mindig is fenntart\u00e1saim voltak az orvosokkal szemben, ez\u00e9rt halogattam a m\u0171t\u00e9tet, Egy szerdai napon fek\u00fcdtem be, m\u00e1snapra k\u00e9sz\u00edtettek el\u0151 a m\u0171t\u00e9tre. Reggel bek\u00f6t\u00f6tt\u00e9k az inf\u00fazi\u00f3t, majd v\u00e1rtam a soromat. V\u00e9g\u00fcl egy m\u0171t\u0151s felszerel\u00e9sbe \u00f6l\/\u00f6z\u00f6tt f\/rfi tolt a m\u0171t\u0151be. A m\u0171t\u00e9tet k\u00f6vet\u0151 els\u0151 viziten orvosom ennyit mondott: \u201cRendben vagyunk Kov\u00e1cs \u00dar, megszabad\u00edtottuk a f\u00e1j\u00f3 vakbel\u00e9t\u0151l.<\/h3>\n<h3><span style=\"color: #ff0000;\"><strong>A h\u00edr nem \u00e9rt v\u00e9get! Folytat\u00e1shoz haszn\u00e1ld a K\u00d6VETKEZ\u0150 OLDAL gombot!<\/strong><\/span><\/h3>\n<h3 style=\"text-align: right;\"><a href=\"https:\/\/matrend.hu\/maitrend\/?p=2315\" target=\"_blank\" rel=\"noopener\"><span style=\"color: #ff0000;\">&#8212;&gt;&gt; K\u00d6VETKEZ\u0150 OLDAL<\/span><\/a><\/h3>\n<p>&#8211;<\/p>\n<p>Van lehet\u0151s\u00e9g hat\u00fcl\u00e9ses Crew van modellre is: h\u00e1rom \u00fcl\u00e9s el\u00f6l \u00e9s tov\u00e1bbi h\u00e1rom az oldals\u00f3 ajt\u00f3k mellett, amelyek ebben a kivitelben m\u00e1r ablakosak. Ebben az esetben a rakt\u00e9r m\u00e9rete 3,2 m\u00b3 (a hosszabb L2 v\u00e1ltozatn\u00e1l 4 m\u00b3), hossza pedig 2 017 mm vagy 2 365 mm, a hozz\u00e1f\u00e9r\u00e9s pedig kiz\u00e1r\u00f3lag a h\u00e1ts\u00f3 ajt\u00f3kon kereszt\u00fcl lehets\u00e9ges.<\/p>\n<p>Minden d\u00edzel v\u00e1ltozat hasznos terhel\u00e9se t\u00f6bb mint egy tonna, a legjobb teherb\u00edr\u00e1s a BlueHDi 145 k\u00e9zi v\u00e1lt\u00f3s v\u00e1ltozatn\u00e1l van, amely maximum 1 384 kg-ot b\u00edr el. Az elektromos \u00e9s Crew van modellek teherb\u00edr\u00e1sa cs\u00f6kkentett, \u00e9s ahogy v\u00e1rhat\u00f3 volt, az E-Scudo Crew van rendelkezik a legalacsonyabb maxim\u00e1lis hasznos terhel\u00e9ssel, mind\u00f6ssze 915 kg-mal, ami az akkumul\u00e1tor s\u00faly\u00e1nak k\u00f6sz\u00f6nhet\u0151.<\/p>\n<p>Az eredeti modell 2004-es megjelen\u00e9se \u00f3ta a Citro\u00ebn C4 mindig is saj\u00e1t \u00fatj\u00e1t j\u00e1rta a csal\u00e1di aut\u00f3k szegmens\u00e9ben. M\u00edg az els\u0151 \u00e9s m\u00e1sodik gener\u00e1ci\u00f3 viszonylag hagyom\u00e1nyos \u00f6tajt\u00f3s ferdeh\u00e1t\u00fak\u00e9nt (b\u00e1r az els\u0151 sz\u00e9ri\u00e1n p\u00e9ld\u00e1ul fixkorm\u00e1ny-k\u00f6zponttal) \u00e9rkezett, a 2020-ban deb\u00fct\u00e1lt harmadik gener\u00e1ci\u00f3 m\u00e1r egy \u00f6tajt\u00f3s crossover SUV-k\u00e9nt v\u00e1lt egyediv\u00e9. A magasabb \u00e9p\u00edt\u00e9s\u0171 ferdeh\u00e1t\u00fa kezdetben benzines, d\u00edzel, \u00e9s el\u0151sz\u00f6r tiszt\u00e1n elektromos hajt\u00e1sl\u00e1nccal is el\u00e9rhet\u0151 volt, m\u00edg a 2024 v\u00e9gi facelift ut\u00e1n a k\u00edn\u00e1latot benzines, hibrid \u00e9s elektromos verzi\u00f3kra igaz\u00edtott\u00e1k.<\/p>\n<p>A C4 friss\u00edt\u00e9sei a karossz\u00e9ria elej\u00e9n \u00e9s h\u00e1tulj\u00e1n \u00e9rhet\u0151k tetten: az \u00faj orr-r\u00e9sz a legfrissebb v\u00e1llalati diz\u00e1jnt k\u00f6veti, m\u00edg a h\u00e1ts\u00f3 l\u00e1mp\u00e1kban \u00faj, blokkos LED elemek jelentek meg a csomagt\u00e9rajt\u00f3n. A belt\u00e9rben \u00faj korm\u00e1nyker\u00e9k ker\u00fclt be, \u00e9s az \u00f6sszes modell alapfelszerelts\u00e9ge a 10 colos infotainment-kijelz\u0151 \u00e9s a vezet\u0151i m\u0171szerfal, a legnagyobb \u00faj\u00edt\u00e1s pedig a k\u00e9nyelmesebb, puh\u00e1bb \u00fcl\u00e9sek.<\/p>\n<p>Az elektromos v\u00e1ltozat e-C4 n\u00e9ven fut, amely a Citro\u00ebn elektromos modelljein\u00e9l megszokott \u201ee\u201d el\u0151tagot viseli. Ugyanazon platformra \u00e9p\u00fcl, mint p\u00e9ld\u00e1ul a Peugeot E-208 vagy a Vauxhall Corsa Electric, de az e-C4 hosszabb \u00e9s t\u00e1gasabb, mint ezek a kisaut\u00f3k. Az e-C4 k\u00edn\u00e1lata folyamatosan fejl\u0151d\u00f6tt az \u00e9vek sor\u00e1n, mik\u00f6zben az \u00e1ra fokozatosan k\u00f6zel\u00edtett a hagyom\u00e1nyos bels\u0151\u00e9g\u00e9s\u0171 motorral szerelt C4 modellhez \u2013 egy id\u0151ben \u00e1rparit\u00e1s is volt k\u00f6z\u00f6tt\u00fck.<\/p>\n","protected":false},"excerpt":{"rendered":"<p>Mindig is fenntart\u00e1saim voltak az orvosokkal szemben, ez\u00e9rt halogattam a m\u0171t\u00e9tet, Egy szerdai napon fek\u00fcdtem be, m\u00e1snapra k\u00e9sz\u00edtettek el\u0151 a&#8230; <span class=\"gridview-grid-post-read-more\"><a href=\"https:\/\/matrend.hu\/nekedinfo\/epemutet-helyett\/\">read more<span class=\"gridview-sr-only\"> Epem\u0171t\u00e9t helyett<\/span><\/a><\/span><\/p>\n","protected":false},"author":1,"featured_media":2316,"comment_status":"open","ping_status":"open","sticky":false,"template":"","format":"standard","meta":{"footnotes":""},"categories":[1],"tags":[],"class_list":["post-2315","post","type-post","status-publish","format-standard","has-post-thumbnail","hentry","category-egyeb","wpcat-1-id"],"_links":{"self":[{"href":"https:\/\/matrend.hu\/nekedinfo\/wp-json\/wp\/v2\/posts\/2315","targetHints":{"allow":["GET"]}}],"collection":[{"href":"https:\/\/matrend.hu\/nekedinfo\/wp-json\/wp\/v2\/posts"}],"about":[{"href":"https:\/\/matrend.hu\/nekedinfo\/wp-json\/wp\/v2\/types\/post"}],"author":[{"embeddable":true,"href":"https:\/\/matrend.hu\/nekedinfo\/wp-json\/wp\/v2\/users\/1"}],"replies":[{"embeddable":true,"href":"https:\/\/matrend.hu\/nekedinfo\/wp-json\/wp\/v2\/comments?post=2315"}],"version-history":[{"count":1,"href":"https:\/\/matrend.hu\/nekedinfo\/wp-json\/wp\/v2\/posts\/2315\/revisions"}],"predecessor-version":[{"id":2317,"href":"https:\/\/matrend.hu\/nekedinfo\/wp-json\/wp\/v2\/posts\/2315\/revisions\/2317"}],"wp:featuredmedia":[{"embeddable":true,"href":"https:\/\/matrend.hu\/nekedinfo\/wp-json\/wp\/v2\/media\/2316"}],"wp:attachment":[{"href":"https:\/\/matrend.hu\/nekedinfo\/wp-json\/wp\/v2\/media?parent=2315"}],"wp:term":[{"taxonomy":"category","embeddable":true,"href":"https:\/\/matrend.hu\/nekedinfo\/wp-json\/wp\/v2\/categories?post=2315"},{"taxonomy":"post_tag","embeddable":true,"href":"https:\/\/matrend.hu\/nekedinfo\/wp-json\/wp\/v2\/tags?post=2315"}],"curies":[{"name":"wp","href":"https:\/\/api.w.org\/{rel}","templated":true}]}}